{"id":1131,"date":"2020-06-23T17:46:25","date_gmt":"2020-06-23T16:46:25","guid":{"rendered":"https:\/\/www.abidcars.com\/blog\/?p=1131"},"modified":"2020-06-23T22:09:26","modified_gmt":"2020-06-23T21:09:26","slug":"stimuler-le-tourisme-interne-apres-le-covid-19","status":"publish","type":"post","link":"https:\/\/www.abidcars.com\/blog\/stimuler-le-tourisme-interne-apres-le-covid-19\/","title":{"rendered":"Stimuler le tourisme interne apr\u00e8s le Covid-19"},"content":{"rendered":"\n<p>Apr\u00e8s l\u2019impact de la pand\u00e9mie du Covid-19 sur l\u2019\u00e9conomie mondiale et les domaines relatifs au tourisme en particulier, les gouvernements internationaux essaient de d\u00e9velopper des strat\u00e9gies visant \u00e0 relancer ce dernier. Le Maroc, dont plus de 7% du revenu national brut vient du tourisme, fait partie des pays qui subissent fortement l\u2019impact de la pand\u00e9mie.<\/p>\n\n\n\n<p>Dans une tentative pour stimuler le tourisme interne, une \u00e9tude effectu\u00e9e par le Conseil r\u00e9gional du tourisme de Ouarzazate a conclu \u00e0 la n\u00e9cessit\u00e9 de l\u2019application de grandes r\u00e9ductions sur les prix des h\u00f4tels et parcs touristiques pour encourager les citoyens \u00e0 passer leurs vacances dans les villes touristiques du pays.<\/p>\n\n\n\n<p>Selon Hespress, le Directeur du Conseil r\u00e9gional du tourisme de Ouarzazate a d\u00e9clar\u00e9 que cette strat\u00e9gie ne sera pas une proc\u00e9dure temporaire pour sauver le tourisme marocain, mais vise \u00e0 faire du tourisme interne un pilier fondamental de toute future strat\u00e9gie de d\u00e9veloppement de cette industrie.<\/p>\n\n\n\n<p>En raison des proc\u00e9dures de quarantaine continues Les voyages a\u00e9riens et maritimes ont \u00e9t\u00e9 interrompus, alors il n\u2019est dor\u00e9navant pas possible de recevoir des touristes de l\u2019\u00e9tranger. Le Directeur annonce \u00e9galement que ces r\u00e9ductions ne doivent pas \u00eatre inf\u00e9rieures \u00e0 70% sur tous les services h\u00f4teliers, afin d\u2019encourager le plus grand nombre de clients \u00e0 passer leurs vacances au sein des stations touristiques.<\/p>\n\n\n\n<p>L\u2019application de cette strat\u00e9gie sur tout le territoire marocain sera un coup de pousse pour le tourisme interne. Cela donnera une id\u00e9e \u00e0 propos des strat\u00e9gies \u00e0 d\u00e9velopper pour la stimulation du tourisme en g\u00e9n\u00e9ral.<\/p>\n","protected":false},"excerpt":{"rendered":"<p>Apr\u00e8s l\u2019impact de la pand\u00e9mie du Covid-19 sur l\u2019\u00e9conomie mondiale et les [&hellip;]<\/p>\n","protected":false},"author":7,"featured_media":1132,"comment_status":"open","ping_status":"open","sticky":false,"template":"","format":"standard","meta":{"footnotes":""},"categories":[44,2,45],"tags":[],"class_list":["post-1131","post","type-post","status-publish","format-standard","has-post-thumbnail","hentry","category-divers","category-fr","category-maroc"],"yoast_head":"<!-- This site is optimized with the Yoast SEO plugin v27.4 - https:\/\/yoast.com\/product\/yoast-seo-wordpress\/ -->\n<title>Stimuler le tourisme interne apr\u00e8s le Covid-19 - Abid Cars Blog<\/title>\n<meta name=\"description\" content=\"Dans une tentative pour stimuler le tourisme int\u00e9rieur, les r\u00e9ductions sur les prix des h\u00f4tels et parcs touristiques sont n\u00e9cessaires.\" \/>\n<meta name=\"robots\" content=\"index, follow, max-snippet:-1, max-image-preview:large, max-video-preview:-1\" \/>\n<link rel=\"canonical\" href=\"https:\/\/www.abidcars.com\/blog\/stimuler-le-tourisme-interne-apres-le-covid-19\/\" \/>\n<meta property=\"og:locale\" content=\"fr_FR\" \/>\n<meta property=\"og:type\" content=\"article\" \/>\n<meta property=\"og:title\" content=\"Stimuler le tourisme interne apr\u00e8s le Covid-19 - Abid Cars Blog\" \/>\n<meta property=\"og:description\" content=\"Dans une tentative pour stimuler le tourisme int\u00e9rieur, les r\u00e9ductions sur les prix des h\u00f4tels et parcs touristiques sont n\u00e9cessaires.\" \/>\n<meta property=\"og:url\" content=\"https:\/\/www.abidcars.com\/blog\/stimuler-le-tourisme-interne-apres-le-covid-19\/\" \/>\n<meta property=\"og:site_name\" content=\"Abid Cars Blog\" \/>\n<meta property=\"article:publisher\" content=\"https:\/\/www.facebook.com\/pages\/Abid-Cars-Location-de-voitures-au-Maroc-Car-rental-in-Morocco\/413704925369982\" \/>\n<meta property=\"article:published_time\" content=\"2020-06-23T16:46:25+00:00\" \/>\n<meta property=\"article:modified_time\" content=\"2020-06-23T21:09:26+00:00\" \/>\n<meta property=\"og:image\" content=\"https:\/\/www.abidcars.com\/blog\/wp-content\/uploads\/2020\/06\/Tourisme-interne.jpg\" \/>\n\t<meta property=\"og:image:width\" content=\"435\" \/>\n\t<meta property=\"og:image:height\" content=\"371\" \/>\n\t<meta property=\"og:image:type\" content=\"image\/jpeg\" \/>\n<meta name=\"author\" content=\"Abdelfattah\" \/>\n<meta name=\"twitter:card\" content=\"summary_large_image\" \/>\n<meta name=\"twitter:creator\" content=\"@ABIDCARS\" \/>\n<meta name=\"twitter:site\" content=\"@ABIDCARS\" \/>\n<meta name=\"twitter:label1\" content=\"\u00c9crit par\" \/>\n\t<meta name=\"twitter:data1\" content=\"Abdelfattah\" \/>\n\t<meta name=\"twitter:label2\" content=\"Dur\u00e9e de lecture estim\u00e9e\" \/>\n\t<meta name=\"twitter:data2\" content=\"1 minute\" \/>\n<script type=\"application\/ld+json\" class=\"yoast-schema-graph\">{\"@context\":\"https:\\\/\\\/schema.org\",\"@graph\":[{\"@type\":\"Article\",\"@id\":\"https:\\\/\\\/www.abidcars.com\\\/blog\\\/stimuler-le-tourisme-interne-apres-le-covid-19\\\/#article\",\"isPartOf\":{\"@id\":\"https:\\\/\\\/www.abidcars.com\\\/blog\\\/stimuler-le-tourisme-interne-apres-le-covid-19\\\/\"},\"author\":{\"name\":\"Abdelfattah\",\"@id\":\"https:\\\/\\\/www.abidcars.com\\\/blog\\\/#\\\/schema\\\/person\\\/d475f925a381ead288b0eb44b145f8e8\"},\"headline\":\"Stimuler le tourisme interne apr\u00e8s le Covid-19\",\"datePublished\":\"2020-06-23T16:46:25+00:00\",\"dateModified\":\"2020-06-23T21:09:26+00:00\",\"mainEntityOfPage\":{\"@id\":\"https:\\\/\\\/www.abidcars.com\\\/blog\\\/stimuler-le-tourisme-interne-apres-le-covid-19\\\/\"},\"wordCount\":284,\"commentCount\":0,\"publisher\":{\"@id\":\"https:\\\/\\\/www.abidcars.com\\\/blog\\\/#organization\"},\"image\":{\"@id\":\"https:\\\/\\\/www.abidcars.com\\\/blog\\\/stimuler-le-tourisme-interne-apres-le-covid-19\\\/#primaryimage\"},\"thumbnailUrl\":\"https:\\\/\\\/www.abidcars.com\\\/blog\\\/wp-content\\\/uploads\\\/2020\\\/06\\\/Tourisme-interne.jpg\",\"articleSection\":[\"Divers\",\"Fran\u00e7ais\",\"Maroc\"],\"inLanguage\":\"fr-FR\",\"potentialAction\":[{\"@type\":\"CommentAction\",\"name\":\"Comment\",\"target\":[\"https:\\\/\\\/www.abidcars.com\\\/blog\\\/stimuler-le-tourisme-interne-apres-le-covid-19\\\/#respond\"]}]},{\"@type\":\"WebPage\",\"@id\":\"https:\\\/\\\/www.abidcars.com\\\/blog\\\/stimuler-le-tourisme-interne-apres-le-covid-19\\\/\",\"url\":\"https:\\\/\\\/www.abidcars.com\\\/blog\\\/stimuler-le-tourisme-interne-apres-le-covid-19\\\/\",\"name\":\"Stimuler le tourisme interne apr\u00e8s le Covid-19 - Abid Cars Blog\",\"isPartOf\":{\"@id\":\"https:\\\/\\\/www.abidcars.com\\\/blog\\\/#website\"},\"primaryImageOfPage\":{\"@id\":\"https:\\\/\\\/www.abidcars.com\\\/blog\\\/stimuler-le-tourisme-interne-apres-le-covid-19\\\/#primaryimage\"},\"image\":{\"@id\":\"https:\\\/\\\/www.abidcars.com\\\/blog\\\/stimuler-le-tourisme-interne-apres-le-covid-19\\\/#primaryimage\"},\"thumbnailUrl\":\"https:\\\/\\\/www.abidcars.com\\\/blog\\\/wp-content\\\/uploads\\\/2020\\\/06\\\/Tourisme-interne.jpg\",\"datePublished\":\"2020-06-23T16:46:25+00:00\",\"dateModified\":\"2020-06-23T21:09:26+00:00\",\"description\":\"Dans une tentative pour stimuler le tourisme int\u00e9rieur, les r\u00e9ductions sur les prix des h\u00f4tels et parcs touristiques sont n\u00e9cessaires.\",\"breadcrumb\":{\"@id\":\"https:\\\/\\\/www.abidcars.com\\\/blog\\\/stimuler-le-tourisme-interne-apres-le-covid-19\\\/#breadcrumb\"},\"inLanguage\":\"fr-FR\",\"potentialAction\":[{\"@type\":\"ReadAction\",\"target\":[\"https:\\\/\\\/www.abidcars.com\\\/blog\\\/stimuler-le-tourisme-interne-apres-le-covid-19\\\/\"]}]},{\"@type\":\"ImageObject\",\"inLanguage\":\"fr-FR\",\"@id\":\"https:\\\/\\\/www.abidcars.com\\\/blog\\\/stimuler-le-tourisme-interne-apres-le-covid-19\\\/#primaryimage\",\"url\":\"https:\\\/\\\/www.abidcars.com\\\/blog\\\/wp-content\\\/uploads\\\/2020\\\/06\\\/Tourisme-interne.jpg\",\"contentUrl\":\"https:\\\/\\\/www.abidcars.com\\\/blog\\\/wp-content\\\/uploads\\\/2020\\\/06\\\/Tourisme-interne.jpg\",\"width\":435,\"height\":371,\"caption\":\"Tourisme-interne\"},{\"@type\":\"BreadcrumbList\",\"@id\":\"https:\\\/\\\/www.abidcars.com\\\/blog\\\/stimuler-le-tourisme-interne-apres-le-covid-19\\\/#breadcrumb\",\"itemListElement\":[{\"@type\":\"ListItem\",\"position\":1,\"name\":\"Blog\",\"item\":\"https:\\\/\\\/www.abidcars.com\\\/blog\\\/\"},{\"@type\":\"ListItem\",\"position\":2,\"name\":\"Stimuler le tourisme interne apr\u00e8s le Covid-19\"}]},{\"@type\":\"WebSite\",\"@id\":\"https:\\\/\\\/www.abidcars.com\\\/blog\\\/#website\",\"url\":\"https:\\\/\\\/www.abidcars.com\\\/blog\\\/\",\"name\":\"Abid Cars Blog\",\"description\":\"Blog th\u00e9matique sur le Maroc, les voitures et la location des voitures au Maroc\",\"publisher\":{\"@id\":\"https:\\\/\\\/www.abidcars.com\\\/blog\\\/#organization\"},\"potentialAction\":[{\"@type\":\"SearchAction\",\"target\":{\"@type\":\"EntryPoint\",\"urlTemplate\":\"https:\\\/\\\/www.abidcars.com\\\/blog\\\/?s={search_term_string}\"},\"query-input\":{\"@type\":\"PropertyValueSpecification\",\"valueRequired\":true,\"valueName\":\"search_term_string\"}}],\"inLanguage\":\"fr-FR\"},{\"@type\":\"Organization\",\"@id\":\"https:\\\/\\\/www.abidcars.com\\\/blog\\\/#organization\",\"name\":\"Abid Cars Blog\",\"url\":\"https:\\\/\\\/www.abidcars.com\\\/blog\\\/\",\"logo\":{\"@type\":\"ImageObject\",\"inLanguage\":\"fr-FR\",\"@id\":\"https:\\\/\\\/www.abidcars.com\\\/blog\\\/#\\\/schema\\\/logo\\\/image\\\/\",\"url\":\"https:\\\/\\\/www.abidcars.com\\\/blog\\\/wp-content\\\/uploads\\\/2016\\\/05\\\/annif-logo-en.png\",\"contentUrl\":\"https:\\\/\\\/www.abidcars.com\\\/blog\\\/wp-content\\\/uploads\\\/2016\\\/05\\\/annif-logo-en.png\",\"width\":446,\"height\":133,\"caption\":\"Abid Cars Blog\"},\"image\":{\"@id\":\"https:\\\/\\\/www.abidcars.com\\\/blog\\\/#\\\/schema\\\/logo\\\/image\\\/\"},\"sameAs\":[\"https:\\\/\\\/www.facebook.com\\\/pages\\\/Abid-Cars-Location-de-voitures-au-Maroc-Car-rental-in-Morocco\\\/413704925369982\",\"https:\\\/\\\/x.com\\\/ABIDCARS\"]},{\"@type\":\"Person\",\"@id\":\"https:\\\/\\\/www.abidcars.com\\\/blog\\\/#\\\/schema\\\/person\\\/d475f925a381ead288b0eb44b145f8e8\",\"name\":\"Abdelfattah\",\"image\":{\"@type\":\"ImageObject\",\"inLanguage\":\"fr-FR\",\"@id\":\"https:\\\/\\\/secure.gravatar.com\\\/avatar\\\/bd23cf0a0a3f76f543db86841c253e0696b7e64d54aefdcde941371b70335f5d?s=96&d=initials&r=g&initials=sa\",\"url\":\"https:\\\/\\\/secure.gravatar.com\\\/avatar\\\/bd23cf0a0a3f76f543db86841c253e0696b7e64d54aefdcde941371b70335f5d?s=96&d=initials&r=g&initials=sa\",\"contentUrl\":\"https:\\\/\\\/secure.gravatar.com\\\/avatar\\\/bd23cf0a0a3f76f543db86841c253e0696b7e64d54aefdcde941371b70335f5d?s=96&d=initials&r=g&initials=sa\",\"caption\":\"Abdelfattah\"},\"sameAs\":[\"https:\\\/\\\/www.t-t.ma\"],\"url\":\"https:\\\/\\\/www.abidcars.com\\\/blog\\\/author\\\/s-abdelfattah\\\/\"}]}<\/script>\n<!-- \/ Yoast SEO plugin. -->","yoast_head_json":{"title":"Stimuler le tourisme interne apr\u00e8s le Covid-19 - Abid Cars Blog","description":"Dans une tentative pour stimuler le tourisme int\u00e9rieur, les r\u00e9ductions sur les prix des h\u00f4tels et parcs touristiques sont n\u00e9cessaires.","robots":{"index":"index","follow":"follow","max-snippet":"max-snippet:-1","max-image-preview":"max-image-preview:large","max-video-preview":"max-video-preview:-1"},"canonical":"https:\/\/www.abidcars.com\/blog\/stimuler-le-tourisme-interne-apres-le-covid-19\/","og_locale":"fr_FR","og_type":"article","og_title":"Stimuler le tourisme interne apr\u00e8s le Covid-19 - Abid Cars Blog","og_description":"Dans une tentative pour stimuler le tourisme int\u00e9rieur, les r\u00e9ductions sur les prix des h\u00f4tels et parcs touristiques sont n\u00e9cessaires.","og_url":"https:\/\/www.abidcars.com\/blog\/stimuler-le-tourisme-interne-apres-le-covid-19\/","og_site_name":"Abid Cars Blog","article_publisher":"https:\/\/www.facebook.com\/pages\/Abid-Cars-Location-de-voitures-au-Maroc-Car-rental-in-Morocco\/413704925369982","article_published_time":"2020-06-23T16:46:25+00:00","article_modified_time":"2020-06-23T21:09:26+00:00","og_image":[{"width":435,"height":371,"url":"https:\/\/www.abidcars.com\/blog\/wp-content\/uploads\/2020\/06\/Tourisme-interne.jpg","type":"image\/jpeg"}],"author":"Abdelfattah","twitter_card":"summary_large_image","twitter_creator":"@ABIDCARS","twitter_site":"@ABIDCARS","twitter_misc":{"\u00c9crit par":"Abdelfattah","Dur\u00e9e de lecture estim\u00e9e":"1 minute"},"schema":{"@context":"https:\/\/schema.org","@graph":[{"@type":"Article","@id":"https:\/\/www.abidcars.com\/blog\/stimuler-le-tourisme-interne-apres-le-covid-19\/#article","isPartOf":{"@id":"https:\/\/www.abidcars.com\/blog\/stimuler-le-tourisme-interne-apres-le-covid-19\/"},"author":{"name":"Abdelfattah","@id":"https:\/\/www.abidcars.com\/blog\/#\/schema\/person\/d475f925a381ead288b0eb44b145f8e8"},"headline":"Stimuler le tourisme interne apr\u00e8s le Covid-19","datePublished":"2020-06-23T16:46:25+00:00","dateModified":"2020-06-23T21:09:26+00:00","mainEntityOfPage":{"@id":"https:\/\/www.abidcars.com\/blog\/stimuler-le-tourisme-interne-apres-le-covid-19\/"},"wordCount":284,"commentCount":0,"publisher":{"@id":"https:\/\/www.abidcars.com\/blog\/#organization"},"image":{"@id":"https:\/\/www.abidcars.com\/blog\/stimuler-le-tourisme-interne-apres-le-covid-19\/#primaryimage"},"thumbnailUrl":"https:\/\/www.abidcars.com\/blog\/wp-content\/uploads\/2020\/06\/Tourisme-interne.jpg","articleSection":["Divers","Fran\u00e7ais","Maroc"],"inLanguage":"fr-FR","potentialAction":[{"@type":"CommentAction","name":"Comment","target":["https:\/\/www.abidcars.com\/blog\/stimuler-le-tourisme-interne-apres-le-covid-19\/#respond"]}]},{"@type":"WebPage","@id":"https:\/\/www.abidcars.com\/blog\/stimuler-le-tourisme-interne-apres-le-covid-19\/","url":"https:\/\/www.abidcars.com\/blog\/stimuler-le-tourisme-interne-apres-le-covid-19\/","name":"Stimuler le tourisme interne apr\u00e8s le Covid-19 - Abid Cars Blog","isPartOf":{"@id":"https:\/\/www.abidcars.com\/blog\/#website"},"primaryImageOfPage":{"@id":"https:\/\/www.abidcars.com\/blog\/stimuler-le-tourisme-interne-apres-le-covid-19\/#primaryimage"},"image":{"@id":"https:\/\/www.abidcars.com\/blog\/stimuler-le-tourisme-interne-apres-le-covid-19\/#primaryimage"},"thumbnailUrl":"https:\/\/www.abidcars.com\/blog\/wp-content\/uploads\/2020\/06\/Tourisme-interne.jpg","datePublished":"2020-06-23T16:46:25+00:00","dateModified":"2020-06-23T21:09:26+00:00","description":"Dans une tentative pour stimuler le tourisme int\u00e9rieur, les r\u00e9ductions sur les prix des h\u00f4tels et parcs touristiques sont n\u00e9cessaires.","breadcrumb":{"@id":"https:\/\/www.abidcars.com\/blog\/stimuler-le-tourisme-interne-apres-le-covid-19\/#breadcrumb"},"inLanguage":"fr-FR","potentialAction":[{"@type":"ReadAction","target":["https:\/\/www.abidcars.com\/blog\/stimuler-le-tourisme-interne-apres-le-covid-19\/"]}]},{"@type":"ImageObject","inLanguage":"fr-FR","@id":"https:\/\/www.abidcars.com\/blog\/stimuler-le-tourisme-interne-apres-le-covid-19\/#primaryimage","url":"https:\/\/www.abidcars.com\/blog\/wp-content\/uploads\/2020\/06\/Tourisme-interne.jpg","contentUrl":"https:\/\/www.abidcars.com\/blog\/wp-content\/uploads\/2020\/06\/Tourisme-interne.jpg","width":435,"height":371,"caption":"Tourisme-interne"},{"@type":"BreadcrumbList","@id":"https:\/\/www.abidcars.com\/blog\/stimuler-le-tourisme-interne-apres-le-covid-19\/#breadcrumb","itemListElement":[{"@type":"ListItem","position":1,"name":"Blog","item":"https:\/\/www.abidcars.com\/blog\/"},{"@type":"ListItem","position":2,"name":"Stimuler le tourisme interne apr\u00e8s le Covid-19"}]},{"@type":"WebSite","@id":"https:\/\/www.abidcars.com\/blog\/#website","url":"https:\/\/www.abidcars.com\/blog\/","name":"Abid Cars Blog","description":"Blog th\u00e9matique sur le Maroc, les voitures et la location des voitures au Maroc","publisher":{"@id":"https:\/\/www.abidcars.com\/blog\/#organization"},"potentialAction":[{"@type":"SearchAction","target":{"@type":"EntryPoint","urlTemplate":"https:\/\/www.abidcars.com\/blog\/?s={search_term_string}"},"query-input":{"@type":"PropertyValueSpecification","valueRequired":true,"valueName":"search_term_string"}}],"inLanguage":"fr-FR"},{"@type":"Organization","@id":"https:\/\/www.abidcars.com\/blog\/#organization","name":"Abid Cars Blog","url":"https:\/\/www.abidcars.com\/blog\/","logo":{"@type":"ImageObject","inLanguage":"fr-FR","@id":"https:\/\/www.abidcars.com\/blog\/#\/schema\/logo\/image\/","url":"https:\/\/www.abidcars.com\/blog\/wp-content\/uploads\/2016\/05\/annif-logo-en.png","contentUrl":"https:\/\/www.abidcars.com\/blog\/wp-content\/uploads\/2016\/05\/annif-logo-en.png","width":446,"height":133,"caption":"Abid Cars Blog"},"image":{"@id":"https:\/\/www.abidcars.com\/blog\/#\/schema\/logo\/image\/"},"sameAs":["https:\/\/www.facebook.com\/pages\/Abid-Cars-Location-de-voitures-au-Maroc-Car-rental-in-Morocco\/413704925369982","https:\/\/x.com\/ABIDCARS"]},{"@type":"Person","@id":"https:\/\/www.abidcars.com\/blog\/#\/schema\/person\/d475f925a381ead288b0eb44b145f8e8","name":"Abdelfattah","image":{"@type":"ImageObject","inLanguage":"fr-FR","@id":"https:\/\/secure.gravatar.com\/avatar\/bd23cf0a0a3f76f543db86841c253e0696b7e64d54aefdcde941371b70335f5d?s=96&d=initials&r=g&initials=sa","url":"https:\/\/secure.gravatar.com\/avatar\/bd23cf0a0a3f76f543db86841c253e0696b7e64d54aefdcde941371b70335f5d?s=96&d=initials&r=g&initials=sa","contentUrl":"https:\/\/secure.gravatar.com\/avatar\/bd23cf0a0a3f76f543db86841c253e0696b7e64d54aefdcde941371b70335f5d?s=96&d=initials&r=g&initials=sa","caption":"Abdelfattah"},"sameAs":["https:\/\/www.t-t.ma"],"url":"https:\/\/www.abidcars.com\/blog\/author\/s-abdelfattah\/"}]}},"amp_enabled":true,"_links":{"self":[{"href":"https:\/\/www.abidcars.com\/blog\/wp-json\/wp\/v2\/posts\/1131","targetHints":{"allow":["GET"]}}],"collection":[{"href":"https:\/\/www.abidcars.com\/blog\/wp-json\/wp\/v2\/posts"}],"about":[{"href":"https:\/\/www.abidcars.com\/blog\/wp-json\/wp\/v2\/types\/post"}],"author":[{"embeddable":true,"href":"https:\/\/www.abidcars.com\/blog\/wp-json\/wp\/v2\/users\/7"}],"replies":[{"embeddable":true,"href":"https:\/\/www.abidcars.com\/blog\/wp-json\/wp\/v2\/comments?post=1131"}],"version-history":[{"count":2,"href":"https:\/\/www.abidcars.com\/blog\/wp-json\/wp\/v2\/posts\/1131\/revisions"}],"predecessor-version":[{"id":1135,"href":"https:\/\/www.abidcars.com\/blog\/wp-json\/wp\/v2\/posts\/1131\/revisions\/1135"}],"wp:featuredmedia":[{"embeddable":true,"href":"https:\/\/www.abidcars.com\/blog\/wp-json\/wp\/v2\/media\/1132"}],"wp:attachment":[{"href":"https:\/\/www.abidcars.com\/blog\/wp-json\/wp\/v2\/media?parent=1131"}],"wp:term":[{"taxonomy":"category","embeddable":true,"href":"https:\/\/www.abidcars.com\/blog\/wp-json\/wp\/v2\/categories?post=1131"},{"taxonomy":"post_tag","embeddable":true,"href":"https:\/\/www.abidcars.com\/blog\/wp-json\/wp\/v2\/tags?post=1131"}],"curies":[{"name":"wp","href":"https:\/\/api.w.org\/{rel}","templated":true}]}}