{"id":1146,"date":"2023-01-25T09:04:10","date_gmt":"2023-01-25T08:04:10","guid":{"rendered":"https:\/\/www.abidcars.com\/blog\/?p=1146"},"modified":"2023-01-25T09:08:00","modified_gmt":"2023-01-25T08:08:00","slug":"location-de-voitures-pendant-le-mondialito","status":"publish","type":"post","link":"https:\/\/www.abidcars.com\/blog\/location-de-voitures-pendant-le-mondialito\/","title":{"rendered":"Location de voitures pendant le Mondialito"},"content":{"rendered":"\n<p>La Coupe du monde des clubs de la FIFA 2022 est sur le point de d\u00e9buter au Maroc et Abid Cars est fier de vous offrir les meilleures options de location de voitures pour que vous puissiez profiter pleinement de cet \u00e9v\u00e9nement passionnant. Nous avons des agences dans les principales villes du Maroc, dont <strong>Marrakech, Agadir, Tanger, Rabat, Casablanca<\/strong> et d&rsquo;autres encore.<\/p>\n\n\n<div class=\"wp-block-image\">\n<figure class=\"aligncenter size-full\"><img loading=\"lazy\" decoding=\"async\" width=\"576\" height=\"247\" src=\"https:\/\/www.abidcars.com\/blog\/wp-content\/uploads\/2023\/01\/FIFA-Club-World-Cup.jpg\" alt=\"\" class=\"wp-image-1147\" srcset=\"https:\/\/www.abidcars.com\/blog\/wp-content\/uploads\/2023\/01\/FIFA-Club-World-Cup.jpg 576w, https:\/\/www.abidcars.com\/blog\/wp-content\/uploads\/2023\/01\/FIFA-Club-World-Cup-300x129.jpg 300w\" sizes=\"auto, (max-width: 576px) 100vw, 576px\" \/><\/figure>\n<\/div>\n\n\n<p>Chez Abid Cars, nous savons que le transport peut \u00eatre l&rsquo;un des plus gros soucis lorsque vous voyagez. C&rsquo;est pourquoi nous offrons un service de livraison gratuit de votre v\u00e9hicule de location directement \u00e0 l&rsquo;a\u00e9roport, \u00e0 l&rsquo;h\u00f4tel ou au stade pour un meilleur confort de nos invit\u00e9s. Que vous soyez un supporter passionn\u00e9 qui veut assister aux matchs en personne ou que vous souhaitiez simplement profiter de vacances au Maroc, nous avons un v\u00e9hicule pour r\u00e9pondre \u00e0 vos besoins.<\/p>\n\n\n\n<p>Nous avons une large s\u00e9lection de v\u00e9hicules de location, allant des petites voitures \u00e9conomiques aux luxueux SUVs, pour r\u00e9pondre \u00e0 tous les besoins et budgets. En louant une voiture avec Abid Cars, vous avez la libert\u00e9 de voyager \u00e0 votre guise et de d\u00e9couvrir les merveilles du Maroc \u00e0 votre guise.<\/p>\n\n\n\n<p>En plus de nos locations de voitures abordables, nous offrons \u00e9galement des forfaits de location sp\u00e9ciaux pour les matchs de la <strong><a href=\"https:\/\/www.fifa.com\/fr\/tournaments\/mens\/clubworldcup\" target=\"_blank\" rel=\"noreferrer noopener\">Coupe du monde des clubs de la FIFA<\/a><\/strong>, alors n&rsquo;h\u00e9sitez pas \u00e0 nous contacter pour plus d&rsquo;informations.<\/p>\n\n\n\n<p>Nous vous invitons \u00e0 <a href=\"https:\/\/www.abidcars.com\/\">r\u00e9server votre v\u00e9hicule de location<\/a> d\u00e8s maintenant pour assurer votre disponibilit\u00e9 pendant cet \u00e9v\u00e9nement passionnant. Nous esp\u00e9rons vous accueillir bient\u00f4t chez Abid Cars et vous souhaitons un agr\u00e9able s\u00e9jour au Maroc.<\/p>\n","protected":false},"excerpt":{"rendered":"<p>La Coupe du monde des clubs de la FIFA 2022 est sur [&hellip;]<\/p>\n","protected":false},"author":1,"featured_media":1147,"comment_status":"closed","ping_status":"open","sticky":false,"template":"","format":"standard","meta":{"footnotes":""},"categories":[95,96,97,26,2,45,98,1,100,103,22,99],"tags":[114,113,112],"class_list":["post-1146","post","type-post","status-publish","format-standard","has-post-thumbnail","hentry","category-aeroport","category-agadir","category-casablanca","category-fes","category-fr","category-maroc","category-marrakech","category-non-classe","category-promo","category-rabat-2","category-rabat","category-tanger","tag-coupe-du-monde-des-clubs","tag-mondialito","tag-promo"],"yoast_head":"<!-- This site is optimized with the Yoast SEO plugin v27.4 - https:\/\/yoast.com\/product\/yoast-seo-wordpress\/ -->\n<title>Location de voitures pendant le Mondialito - Abid Cars Blog<\/title>\n<meta name=\"robots\" content=\"index, follow, max-snippet:-1, max-image-preview:large, max-video-preview:-1\" \/>\n<link rel=\"canonical\" href=\"https:\/\/www.abidcars.com\/blog\/location-de-voitures-pendant-le-mondialito\/\" \/>\n<meta property=\"og:locale\" content=\"fr_FR\" \/>\n<meta property=\"og:type\" content=\"article\" \/>\n<meta property=\"og:title\" content=\"Location de voitures pendant le Mondialito - Abid Cars Blog\" \/>\n<meta property=\"og:description\" content=\"La Coupe du monde des clubs de la FIFA 2022 est sur [&hellip;]\" \/>\n<meta property=\"og:url\" content=\"https:\/\/www.abidcars.com\/blog\/location-de-voitures-pendant-le-mondialito\/\" \/>\n<meta property=\"og:site_name\" content=\"Abid Cars Blog\" \/>\n<meta property=\"article:publisher\" content=\"https:\/\/www.facebook.com\/pages\/Abid-Cars-Location-de-voitures-au-Maroc-Car-rental-in-Morocco\/413704925369982\" \/>\n<meta property=\"article:published_time\" content=\"2023-01-25T08:04:10+00:00\" \/>\n<meta property=\"article:modified_time\" content=\"2023-01-25T08:08:00+00:00\" \/>\n<meta property=\"og:image\" content=\"https:\/\/www.abidcars.com\/blog\/wp-content\/uploads\/2023\/01\/FIFA-Club-World-Cup.jpg\" \/>\n\t<meta property=\"og:image:width\" content=\"576\" \/>\n\t<meta property=\"og:image:height\" content=\"247\" \/>\n\t<meta property=\"og:image:type\" content=\"image\/jpeg\" \/>\n<meta name=\"author\" content=\"B.Mohammed\" \/>\n<meta name=\"twitter:card\" content=\"summary_large_image\" \/>\n<meta name=\"twitter:creator\" content=\"@ABIDCARS\" \/>\n<meta name=\"twitter:site\" content=\"@ABIDCARS\" \/>\n<meta name=\"twitter:label1\" content=\"\u00c9crit par\" \/>\n\t<meta name=\"twitter:data1\" content=\"B.Mohammed\" \/>\n\t<meta name=\"twitter:label2\" content=\"Dur\u00e9e de lecture estim\u00e9e\" \/>\n\t<meta name=\"twitter:data2\" content=\"2 minutes\" \/>\n<script type=\"application\/ld+json\" class=\"yoast-schema-graph\">{\"@context\":\"https:\\\/\\\/schema.org\",\"@graph\":[{\"@type\":\"Article\",\"@id\":\"https:\\\/\\\/www.abidcars.com\\\/blog\\\/location-de-voitures-pendant-le-mondialito\\\/#article\",\"isPartOf\":{\"@id\":\"https:\\\/\\\/www.abidcars.com\\\/blog\\\/location-de-voitures-pendant-le-mondialito\\\/\"},\"author\":{\"name\":\"B.Mohammed\",\"@id\":\"https:\\\/\\\/www.abidcars.com\\\/blog\\\/#\\\/schema\\\/person\\\/155df0131265a8c0bf6b7a33b367a4ab\"},\"headline\":\"Location de voitures pendant le Mondialito\",\"datePublished\":\"2023-01-25T08:04:10+00:00\",\"dateModified\":\"2023-01-25T08:08:00+00:00\",\"mainEntityOfPage\":{\"@id\":\"https:\\\/\\\/www.abidcars.com\\\/blog\\\/location-de-voitures-pendant-le-mondialito\\\/\"},\"wordCount\":291,\"publisher\":{\"@id\":\"https:\\\/\\\/www.abidcars.com\\\/blog\\\/#organization\"},\"image\":{\"@id\":\"https:\\\/\\\/www.abidcars.com\\\/blog\\\/location-de-voitures-pendant-le-mondialito\\\/#primaryimage\"},\"thumbnailUrl\":\"https:\\\/\\\/www.abidcars.com\\\/blog\\\/wp-content\\\/uploads\\\/2023\\\/01\\\/FIFA-Club-World-Cup.jpg\",\"keywords\":[\"coupe du monde des clubs\",\"mondialito\",\"promo\"],\"articleSection\":{\"0\":\"A\u00e9roports\",\"1\":\"Agadir\",\"2\":\"Casablanca\",\"3\":\"F\u00e8s\",\"4\":\"Fran\u00e7ais\",\"5\":\"Maroc\",\"6\":\"Marrakech\",\"8\":\"promo\",\"9\":\"Rabat\",\"10\":\"Rabat\",\"11\":\"Tanger\"},\"inLanguage\":\"fr-FR\"},{\"@type\":\"WebPage\",\"@id\":\"https:\\\/\\\/www.abidcars.com\\\/blog\\\/location-de-voitures-pendant-le-mondialito\\\/\",\"url\":\"https:\\\/\\\/www.abidcars.com\\\/blog\\\/location-de-voitures-pendant-le-mondialito\\\/\",\"name\":\"Location de voitures pendant le Mondialito - Abid Cars Blog\",\"isPartOf\":{\"@id\":\"https:\\\/\\\/www.abidcars.com\\\/blog\\\/#website\"},\"primaryImageOfPage\":{\"@id\":\"https:\\\/\\\/www.abidcars.com\\\/blog\\\/location-de-voitures-pendant-le-mondialito\\\/#primaryimage\"},\"image\":{\"@id\":\"https:\\\/\\\/www.abidcars.com\\\/blog\\\/location-de-voitures-pendant-le-mondialito\\\/#primaryimage\"},\"thumbnailUrl\":\"https:\\\/\\\/www.abidcars.com\\\/blog\\\/wp-content\\\/uploads\\\/2023\\\/01\\\/FIFA-Club-World-Cup.jpg\",\"datePublished\":\"2023-01-25T08:04:10+00:00\",\"dateModified\":\"2023-01-25T08:08:00+00:00\",\"breadcrumb\":{\"@id\":\"https:\\\/\\\/www.abidcars.com\\\/blog\\\/location-de-voitures-pendant-le-mondialito\\\/#breadcrumb\"},\"inLanguage\":\"fr-FR\",\"potentialAction\":[{\"@type\":\"ReadAction\",\"target\":[\"https:\\\/\\\/www.abidcars.com\\\/blog\\\/location-de-voitures-pendant-le-mondialito\\\/\"]}]},{\"@type\":\"ImageObject\",\"inLanguage\":\"fr-FR\",\"@id\":\"https:\\\/\\\/www.abidcars.com\\\/blog\\\/location-de-voitures-pendant-le-mondialito\\\/#primaryimage\",\"url\":\"https:\\\/\\\/www.abidcars.com\\\/blog\\\/wp-content\\\/uploads\\\/2023\\\/01\\\/FIFA-Club-World-Cup.jpg\",\"contentUrl\":\"https:\\\/\\\/www.abidcars.com\\\/blog\\\/wp-content\\\/uploads\\\/2023\\\/01\\\/FIFA-Club-World-Cup.jpg\",\"width\":576,\"height\":247},{\"@type\":\"BreadcrumbList\",\"@id\":\"https:\\\/\\\/www.abidcars.com\\\/blog\\\/location-de-voitures-pendant-le-mondialito\\\/#breadcrumb\",\"itemListElement\":[{\"@type\":\"ListItem\",\"position\":1,\"name\":\"Blog\",\"item\":\"https:\\\/\\\/www.abidcars.com\\\/blog\\\/\"},{\"@type\":\"ListItem\",\"position\":2,\"name\":\"Location de voitures pendant le Mondialito\"}]},{\"@type\":\"WebSite\",\"@id\":\"https:\\\/\\\/www.abidcars.com\\\/blog\\\/#website\",\"url\":\"https:\\\/\\\/www.abidcars.com\\\/blog\\\/\",\"name\":\"Abid Cars Blog\",\"description\":\"Blog th\u00e9matique sur le Maroc, les voitures et la location des voitures au Maroc\",\"publisher\":{\"@id\":\"https:\\\/\\\/www.abidcars.com\\\/blog\\\/#organization\"},\"potentialAction\":[{\"@type\":\"SearchAction\",\"target\":{\"@type\":\"EntryPoint\",\"urlTemplate\":\"https:\\\/\\\/www.abidcars.com\\\/blog\\\/?s={search_term_string}\"},\"query-input\":{\"@type\":\"PropertyValueSpecification\",\"valueRequired\":true,\"valueName\":\"search_term_string\"}}],\"inLanguage\":\"fr-FR\"},{\"@type\":\"Organization\",\"@id\":\"https:\\\/\\\/www.abidcars.com\\\/blog\\\/#organization\",\"name\":\"Abid Cars Blog\",\"url\":\"https:\\\/\\\/www.abidcars.com\\\/blog\\\/\",\"logo\":{\"@type\":\"ImageObject\",\"inLanguage\":\"fr-FR\",\"@id\":\"https:\\\/\\\/www.abidcars.com\\\/blog\\\/#\\\/schema\\\/logo\\\/image\\\/\",\"url\":\"https:\\\/\\\/www.abidcars.com\\\/blog\\\/wp-content\\\/uploads\\\/2016\\\/05\\\/annif-logo-en.png\",\"contentUrl\":\"https:\\\/\\\/www.abidcars.com\\\/blog\\\/wp-content\\\/uploads\\\/2016\\\/05\\\/annif-logo-en.png\",\"width\":446,\"height\":133,\"caption\":\"Abid Cars Blog\"},\"image\":{\"@id\":\"https:\\\/\\\/www.abidcars.com\\\/blog\\\/#\\\/schema\\\/logo\\\/image\\\/\"},\"sameAs\":[\"https:\\\/\\\/www.facebook.com\\\/pages\\\/Abid-Cars-Location-de-voitures-au-Maroc-Car-rental-in-Morocco\\\/413704925369982\",\"https:\\\/\\\/x.com\\\/ABIDCARS\"]},{\"@type\":\"Person\",\"@id\":\"https:\\\/\\\/www.abidcars.com\\\/blog\\\/#\\\/schema\\\/person\\\/155df0131265a8c0bf6b7a33b367a4ab\",\"name\":\"B.Mohammed\",\"image\":{\"@type\":\"ImageObject\",\"inLanguage\":\"fr-FR\",\"@id\":\"https:\\\/\\\/secure.gravatar.com\\\/avatar\\\/86165a241838bf83f9f039cf5365693d8d0bb470b4de9b4974a2e0b73b06fb8b?s=96&d=initials&r=g&initials=mb\",\"url\":\"https:\\\/\\\/secure.gravatar.com\\\/avatar\\\/86165a241838bf83f9f039cf5365693d8d0bb470b4de9b4974a2e0b73b06fb8b?s=96&d=initials&r=g&initials=mb\",\"contentUrl\":\"https:\\\/\\\/secure.gravatar.com\\\/avatar\\\/86165a241838bf83f9f039cf5365693d8d0bb470b4de9b4974a2e0b73b06fb8b?s=96&d=initials&r=g&initials=mb\",\"caption\":\"B.Mohammed\"},\"sameAs\":[\"http:\\\/\\\/www.t-t.ma\"],\"url\":\"https:\\\/\\\/www.abidcars.com\\\/blog\\\/author\\\/belatar\\\/\"}]}<\/script>\n<!-- \/ Yoast SEO plugin. -->","yoast_head_json":{"title":"Location de voitures pendant le Mondialito - Abid Cars Blog","robots":{"index":"index","follow":"follow","max-snippet":"max-snippet:-1","max-image-preview":"max-image-preview:large","max-video-preview":"max-video-preview:-1"},"canonical":"https:\/\/www.abidcars.com\/blog\/location-de-voitures-pendant-le-mondialito\/","og_locale":"fr_FR","og_type":"article","og_title":"Location de voitures pendant le Mondialito - Abid Cars Blog","og_description":"La Coupe du monde des clubs de la FIFA 2022 est sur [&hellip;]","og_url":"https:\/\/www.abidcars.com\/blog\/location-de-voitures-pendant-le-mondialito\/","og_site_name":"Abid Cars Blog","article_publisher":"https:\/\/www.facebook.com\/pages\/Abid-Cars-Location-de-voitures-au-Maroc-Car-rental-in-Morocco\/413704925369982","article_published_time":"2023-01-25T08:04:10+00:00","article_modified_time":"2023-01-25T08:08:00+00:00","og_image":[{"width":576,"height":247,"url":"https:\/\/www.abidcars.com\/blog\/wp-content\/uploads\/2023\/01\/FIFA-Club-World-Cup.jpg","type":"image\/jpeg"}],"author":"B.Mohammed","twitter_card":"summary_large_image","twitter_creator":"@ABIDCARS","twitter_site":"@ABIDCARS","twitter_misc":{"\u00c9crit par":"B.Mohammed","Dur\u00e9e de lecture estim\u00e9e":"2 minutes"},"schema":{"@context":"https:\/\/schema.org","@graph":[{"@type":"Article","@id":"https:\/\/www.abidcars.com\/blog\/location-de-voitures-pendant-le-mondialito\/#article","isPartOf":{"@id":"https:\/\/www.abidcars.com\/blog\/location-de-voitures-pendant-le-mondialito\/"},"author":{"name":"B.Mohammed","@id":"https:\/\/www.abidcars.com\/blog\/#\/schema\/person\/155df0131265a8c0bf6b7a33b367a4ab"},"headline":"Location de voitures pendant le Mondialito","datePublished":"2023-01-25T08:04:10+00:00","dateModified":"2023-01-25T08:08:00+00:00","mainEntityOfPage":{"@id":"https:\/\/www.abidcars.com\/blog\/location-de-voitures-pendant-le-mondialito\/"},"wordCount":291,"publisher":{"@id":"https:\/\/www.abidcars.com\/blog\/#organization"},"image":{"@id":"https:\/\/www.abidcars.com\/blog\/location-de-voitures-pendant-le-mondialito\/#primaryimage"},"thumbnailUrl":"https:\/\/www.abidcars.com\/blog\/wp-content\/uploads\/2023\/01\/FIFA-Club-World-Cup.jpg","keywords":["coupe du monde des clubs","mondialito","promo"],"articleSection":{"0":"A\u00e9roports","1":"Agadir","2":"Casablanca","3":"F\u00e8s","4":"Fran\u00e7ais","5":"Maroc","6":"Marrakech","8":"promo","9":"Rabat","10":"Rabat","11":"Tanger"},"inLanguage":"fr-FR"},{"@type":"WebPage","@id":"https:\/\/www.abidcars.com\/blog\/location-de-voitures-pendant-le-mondialito\/","url":"https:\/\/www.abidcars.com\/blog\/location-de-voitures-pendant-le-mondialito\/","name":"Location de voitures pendant le Mondialito - Abid Cars Blog","isPartOf":{"@id":"https:\/\/www.abidcars.com\/blog\/#website"},"primaryImageOfPage":{"@id":"https:\/\/www.abidcars.com\/blog\/location-de-voitures-pendant-le-mondialito\/#primaryimage"},"image":{"@id":"https:\/\/www.abidcars.com\/blog\/location-de-voitures-pendant-le-mondialito\/#primaryimage"},"thumbnailUrl":"https:\/\/www.abidcars.com\/blog\/wp-content\/uploads\/2023\/01\/FIFA-Club-World-Cup.jpg","datePublished":"2023-01-25T08:04:10+00:00","dateModified":"2023-01-25T08:08:00+00:00","breadcrumb":{"@id":"https:\/\/www.abidcars.com\/blog\/location-de-voitures-pendant-le-mondialito\/#breadcrumb"},"inLanguage":"fr-FR","potentialAction":[{"@type":"ReadAction","target":["https:\/\/www.abidcars.com\/blog\/location-de-voitures-pendant-le-mondialito\/"]}]},{"@type":"ImageObject","inLanguage":"fr-FR","@id":"https:\/\/www.abidcars.com\/blog\/location-de-voitures-pendant-le-mondialito\/#primaryimage","url":"https:\/\/www.abidcars.com\/blog\/wp-content\/uploads\/2023\/01\/FIFA-Club-World-Cup.jpg","contentUrl":"https:\/\/www.abidcars.com\/blog\/wp-content\/uploads\/2023\/01\/FIFA-Club-World-Cup.jpg","width":576,"height":247},{"@type":"BreadcrumbList","@id":"https:\/\/www.abidcars.com\/blog\/location-de-voitures-pendant-le-mondialito\/#breadcrumb","itemListElement":[{"@type":"ListItem","position":1,"name":"Blog","item":"https:\/\/www.abidcars.com\/blog\/"},{"@type":"ListItem","position":2,"name":"Location de voitures pendant le Mondialito"}]},{"@type":"WebSite","@id":"https:\/\/www.abidcars.com\/blog\/#website","url":"https:\/\/www.abidcars.com\/blog\/","name":"Abid Cars Blog","description":"Blog th\u00e9matique sur le Maroc, les voitures et la location des voitures au Maroc","publisher":{"@id":"https:\/\/www.abidcars.com\/blog\/#organization"},"potentialAction":[{"@type":"SearchAction","target":{"@type":"EntryPoint","urlTemplate":"https:\/\/www.abidcars.com\/blog\/?s={search_term_string}"},"query-input":{"@type":"PropertyValueSpecification","valueRequired":true,"valueName":"search_term_string"}}],"inLanguage":"fr-FR"},{"@type":"Organization","@id":"https:\/\/www.abidcars.com\/blog\/#organization","name":"Abid Cars Blog","url":"https:\/\/www.abidcars.com\/blog\/","logo":{"@type":"ImageObject","inLanguage":"fr-FR","@id":"https:\/\/www.abidcars.com\/blog\/#\/schema\/logo\/image\/","url":"https:\/\/www.abidcars.com\/blog\/wp-content\/uploads\/2016\/05\/annif-logo-en.png","contentUrl":"https:\/\/www.abidcars.com\/blog\/wp-content\/uploads\/2016\/05\/annif-logo-en.png","width":446,"height":133,"caption":"Abid Cars Blog"},"image":{"@id":"https:\/\/www.abidcars.com\/blog\/#\/schema\/logo\/image\/"},"sameAs":["https:\/\/www.facebook.com\/pages\/Abid-Cars-Location-de-voitures-au-Maroc-Car-rental-in-Morocco\/413704925369982","https:\/\/x.com\/ABIDCARS"]},{"@type":"Person","@id":"https:\/\/www.abidcars.com\/blog\/#\/schema\/person\/155df0131265a8c0bf6b7a33b367a4ab","name":"B.Mohammed","image":{"@type":"ImageObject","inLanguage":"fr-FR","@id":"https:\/\/secure.gravatar.com\/avatar\/86165a241838bf83f9f039cf5365693d8d0bb470b4de9b4974a2e0b73b06fb8b?s=96&d=initials&r=g&initials=mb","url":"https:\/\/secure.gravatar.com\/avatar\/86165a241838bf83f9f039cf5365693d8d0bb470b4de9b4974a2e0b73b06fb8b?s=96&d=initials&r=g&initials=mb","contentUrl":"https:\/\/secure.gravatar.com\/avatar\/86165a241838bf83f9f039cf5365693d8d0bb470b4de9b4974a2e0b73b06fb8b?s=96&d=initials&r=g&initials=mb","caption":"B.Mohammed"},"sameAs":["http:\/\/www.t-t.ma"],"url":"https:\/\/www.abidcars.com\/blog\/author\/belatar\/"}]}},"amp_enabled":true,"_links":{"self":[{"href":"https:\/\/www.abidcars.com\/blog\/wp-json\/wp\/v2\/posts\/1146","targetHints":{"allow":["GET"]}}],"collection":[{"href":"https:\/\/www.abidcars.com\/blog\/wp-json\/wp\/v2\/posts"}],"about":[{"href":"https:\/\/www.abidcars.com\/blog\/wp-json\/wp\/v2\/types\/post"}],"author":[{"embeddable":true,"href":"https:\/\/www.abidcars.com\/blog\/wp-json\/wp\/v2\/users\/1"}],"replies":[{"embeddable":true,"href":"https:\/\/www.abidcars.com\/blog\/wp-json\/wp\/v2\/comments?post=1146"}],"version-history":[{"count":1,"href":"https:\/\/www.abidcars.com\/blog\/wp-json\/wp\/v2\/posts\/1146\/revisions"}],"predecessor-version":[{"id":1148,"href":"https:\/\/www.abidcars.com\/blog\/wp-json\/wp\/v2\/posts\/1146\/revisions\/1148"}],"wp:featuredmedia":[{"embeddable":true,"href":"https:\/\/www.abidcars.com\/blog\/wp-json\/wp\/v2\/media\/1147"}],"wp:attachment":[{"href":"https:\/\/www.abidcars.com\/blog\/wp-json\/wp\/v2\/media?parent=1146"}],"wp:term":[{"taxonomy":"category","embeddable":true,"href":"https:\/\/www.abidcars.com\/blog\/wp-json\/wp\/v2\/categories?post=1146"},{"taxonomy":"post_tag","embeddable":true,"href":"https:\/\/www.abidcars.com\/blog\/wp-json\/wp\/v2\/tags?post=1146"}],"curies":[{"name":"wp","href":"https:\/\/api.w.org\/{rel}","templated":true}]}}