{"id":1176,"date":"2023-11-13T10:52:46","date_gmt":"2023-11-13T09:52:46","guid":{"rendered":"https:\/\/www.abidcars.com\/blog\/?p=1176"},"modified":"2023-11-13T10:52:47","modified_gmt":"2023-11-13T09:52:47","slug":"%f0%9f%9a%97-special-promotion-%f0%9f%9a%97","status":"publish","type":"post","link":"https:\/\/www.abidcars.com\/blog\/%f0%9f%9a%97-special-promotion-%f0%9f%9a%97\/","title":{"rendered":"&#x1f697; Special Promotion &#x1f697;"},"content":{"rendered":"\n<p>Special Promotion<\/p>\n\n\n\n<p>Rent a Renault Clio 5 in Agadir for your unforgettable getaway!<\/p>\n\n\n\n<p>&#x1f4c5; Rental period: October 24 &#8211; September 5, 2023<\/p>\n\n\n\n<p>&#x1f4b0; Special rate: From 30 euros per day!<\/p>\n\n\n\n<p>Don&rsquo;t miss this exceptional opportunity to drive one of the most popular and reliable cars during your stay in Agadir. The Renault Clio 5 is perfect for exploring the beauties of Morocco in complete elegance and comfort.<\/p>\n\n\n\n<p>Book today to guarantee the availability of your Renault Clio 5 during your stay. To take advantage of this limited time offer, contact us at [+212 5 28 84 70 30] or email us at [info@abidcars.com] to reserve your car.<\/p>\n\n\n\n<p>Discover Agadir in style and in complete freedom with the Renault Clio 5! Book now and save on your car rental. Don&rsquo;t miss this exceptional opportunity. Agadir is waiting for you, and we are ready to make your trip memorable.<\/p>\n","protected":false},"excerpt":{"rendered":"<p>Special Promotion Rent a Renault Clio 5 in Agadir for your unforgettable [&hellip;]<\/p>\n","protected":false},"author":7,"featured_media":1177,"comment_status":"open","ping_status":"open","sticky":false,"template":"","format":"standard","meta":{"footnotes":""},"categories":[96,3,100],"tags":[],"class_list":["post-1176","post","type-post","status-publish","format-standard","has-post-thumbnail","hentry","category-agadir","category-en","category-promo"],"yoast_head":"<!-- This site is optimized with the Yoast SEO plugin v27.4 - https:\/\/yoast.com\/product\/yoast-seo-wordpress\/ -->\n<title>&#x1f697; Special Promotion &#x1f697; - Abid Cars Blog<\/title>\n<meta name=\"description\" content=\"Special promotion on the rental of the Clio 5 from Abid Cars.\" \/>\n<meta name=\"robots\" content=\"index, follow, max-snippet:-1, max-image-preview:large, max-video-preview:-1\" \/>\n<link rel=\"canonical\" href=\"https:\/\/www.abidcars.com\/blog\/\ud83d\ude97-special-promotion-\ud83d\ude97\/\" \/>\n<meta property=\"og:locale\" content=\"fr_FR\" \/>\n<meta property=\"og:type\" content=\"article\" \/>\n<meta property=\"og:title\" content=\"&#x1f697; Special Promotion &#x1f697; - Abid Cars Blog\" \/>\n<meta property=\"og:description\" content=\"Special promotion on the rental of the Clio 5 from Abid Cars.\" \/>\n<meta property=\"og:url\" content=\"https:\/\/www.abidcars.com\/blog\/\ud83d\ude97-special-promotion-\ud83d\ude97\/\" \/>\n<meta property=\"og:site_name\" content=\"Abid Cars Blog\" \/>\n<meta property=\"article:publisher\" content=\"https:\/\/www.facebook.com\/pages\/Abid-Cars-Location-de-voitures-au-Maroc-Car-rental-in-Morocco\/413704925369982\" \/>\n<meta property=\"article:published_time\" content=\"2023-11-13T09:52:46+00:00\" \/>\n<meta property=\"article:modified_time\" content=\"2023-11-13T09:52:47+00:00\" \/>\n<meta property=\"og:image\" content=\"https:\/\/www.abidcars.com\/blog\/wp-content\/uploads\/2023\/11\/Rental-Offer-AbidCars.png\" \/>\n\t<meta property=\"og:image:width\" content=\"900\" \/>\n\t<meta property=\"og:image:height\" content=\"583\" \/>\n\t<meta property=\"og:image:type\" content=\"image\/png\" \/>\n<meta name=\"author\" content=\"Abdelfattah\" \/>\n<meta name=\"twitter:card\" content=\"summary_large_image\" \/>\n<meta name=\"twitter:creator\" content=\"@ABIDCARS\" \/>\n<meta name=\"twitter:site\" content=\"@ABIDCARS\" \/>\n<meta name=\"twitter:label1\" content=\"\u00c9crit par\" \/>\n\t<meta name=\"twitter:data1\" content=\"Abdelfattah\" \/>\n\t<meta name=\"twitter:label2\" content=\"Dur\u00e9e de lecture estim\u00e9e\" \/>\n\t<meta name=\"twitter:data2\" content=\"1 minute\" \/>\n<script type=\"application\/ld+json\" class=\"yoast-schema-graph\">{\"@context\":\"https:\\\/\\\/schema.org\",\"@graph\":[{\"@type\":\"Article\",\"@id\":\"https:\\\/\\\/www.abidcars.com\\\/blog\\\/%f0%9f%9a%97-special-promotion-%f0%9f%9a%97\\\/#article\",\"isPartOf\":{\"@id\":\"https:\\\/\\\/www.abidcars.com\\\/blog\\\/%f0%9f%9a%97-special-promotion-%f0%9f%9a%97\\\/\"},\"author\":{\"name\":\"Abdelfattah\",\"@id\":\"https:\\\/\\\/www.abidcars.com\\\/blog\\\/#\\\/schema\\\/person\\\/d475f925a381ead288b0eb44b145f8e8\"},\"headline\":\"&#x1f697; Special Promotion &#x1f697;\",\"datePublished\":\"2023-11-13T09:52:46+00:00\",\"dateModified\":\"2023-11-13T09:52:47+00:00\",\"mainEntityOfPage\":{\"@id\":\"https:\\\/\\\/www.abidcars.com\\\/blog\\\/%f0%9f%9a%97-special-promotion-%f0%9f%9a%97\\\/\"},\"wordCount\":147,\"commentCount\":0,\"publisher\":{\"@id\":\"https:\\\/\\\/www.abidcars.com\\\/blog\\\/#organization\"},\"image\":{\"@id\":\"https:\\\/\\\/www.abidcars.com\\\/blog\\\/%f0%9f%9a%97-special-promotion-%f0%9f%9a%97\\\/#primaryimage\"},\"thumbnailUrl\":\"https:\\\/\\\/www.abidcars.com\\\/blog\\\/wp-content\\\/uploads\\\/2023\\\/11\\\/Rental-Offer-AbidCars.png\",\"articleSection\":[\"Agadir\",\"English\",\"promo\"],\"inLanguage\":\"fr-FR\",\"potentialAction\":[{\"@type\":\"CommentAction\",\"name\":\"Comment\",\"target\":[\"https:\\\/\\\/www.abidcars.com\\\/blog\\\/%f0%9f%9a%97-special-promotion-%f0%9f%9a%97\\\/#respond\"]}]},{\"@type\":\"WebPage\",\"@id\":\"https:\\\/\\\/www.abidcars.com\\\/blog\\\/%f0%9f%9a%97-special-promotion-%f0%9f%9a%97\\\/\",\"url\":\"https:\\\/\\\/www.abidcars.com\\\/blog\\\/%f0%9f%9a%97-special-promotion-%f0%9f%9a%97\\\/\",\"name\":\"&#x1f697; Special Promotion &#x1f697; - Abid Cars Blog\",\"isPartOf\":{\"@id\":\"https:\\\/\\\/www.abidcars.com\\\/blog\\\/#website\"},\"primaryImageOfPage\":{\"@id\":\"https:\\\/\\\/www.abidcars.com\\\/blog\\\/%f0%9f%9a%97-special-promotion-%f0%9f%9a%97\\\/#primaryimage\"},\"image\":{\"@id\":\"https:\\\/\\\/www.abidcars.com\\\/blog\\\/%f0%9f%9a%97-special-promotion-%f0%9f%9a%97\\\/#primaryimage\"},\"thumbnailUrl\":\"https:\\\/\\\/www.abidcars.com\\\/blog\\\/wp-content\\\/uploads\\\/2023\\\/11\\\/Rental-Offer-AbidCars.png\",\"datePublished\":\"2023-11-13T09:52:46+00:00\",\"dateModified\":\"2023-11-13T09:52:47+00:00\",\"description\":\"Special promotion on the rental of the Clio 5 from Abid Cars.\",\"breadcrumb\":{\"@id\":\"https:\\\/\\\/www.abidcars.com\\\/blog\\\/%f0%9f%9a%97-special-promotion-%f0%9f%9a%97\\\/#breadcrumb\"},\"inLanguage\":\"fr-FR\",\"potentialAction\":[{\"@type\":\"ReadAction\",\"target\":[\"https:\\\/\\\/www.abidcars.com\\\/blog\\\/%f0%9f%9a%97-special-promotion-%f0%9f%9a%97\\\/\"]}]},{\"@type\":\"ImageObject\",\"inLanguage\":\"fr-FR\",\"@id\":\"https:\\\/\\\/www.abidcars.com\\\/blog\\\/%f0%9f%9a%97-special-promotion-%f0%9f%9a%97\\\/#primaryimage\",\"url\":\"https:\\\/\\\/www.abidcars.com\\\/blog\\\/wp-content\\\/uploads\\\/2023\\\/11\\\/Rental-Offer-AbidCars.png\",\"contentUrl\":\"https:\\\/\\\/www.abidcars.com\\\/blog\\\/wp-content\\\/uploads\\\/2023\\\/11\\\/Rental-Offer-AbidCars.png\",\"width\":900,\"height\":583,\"caption\":\"Special Promotion\"},{\"@type\":\"BreadcrumbList\",\"@id\":\"https:\\\/\\\/www.abidcars.com\\\/blog\\\/%f0%9f%9a%97-special-promotion-%f0%9f%9a%97\\\/#breadcrumb\",\"itemListElement\":[{\"@type\":\"ListItem\",\"position\":1,\"name\":\"Blog\",\"item\":\"https:\\\/\\\/www.abidcars.com\\\/blog\\\/\"},{\"@type\":\"ListItem\",\"position\":2,\"name\":\"&#x1f697; Special Promotion &#x1f697;\"}]},{\"@type\":\"WebSite\",\"@id\":\"https:\\\/\\\/www.abidcars.com\\\/blog\\\/#website\",\"url\":\"https:\\\/\\\/www.abidcars.com\\\/blog\\\/\",\"name\":\"Abid Cars Blog\",\"description\":\"Blog th\u00e9matique sur le Maroc, les voitures et la location des voitures au Maroc\",\"publisher\":{\"@id\":\"https:\\\/\\\/www.abidcars.com\\\/blog\\\/#organization\"},\"potentialAction\":[{\"@type\":\"SearchAction\",\"target\":{\"@type\":\"EntryPoint\",\"urlTemplate\":\"https:\\\/\\\/www.abidcars.com\\\/blog\\\/?s={search_term_string}\"},\"query-input\":{\"@type\":\"PropertyValueSpecification\",\"valueRequired\":true,\"valueName\":\"search_term_string\"}}],\"inLanguage\":\"fr-FR\"},{\"@type\":\"Organization\",\"@id\":\"https:\\\/\\\/www.abidcars.com\\\/blog\\\/#organization\",\"name\":\"Abid Cars Blog\",\"url\":\"https:\\\/\\\/www.abidcars.com\\\/blog\\\/\",\"logo\":{\"@type\":\"ImageObject\",\"inLanguage\":\"fr-FR\",\"@id\":\"https:\\\/\\\/www.abidcars.com\\\/blog\\\/#\\\/schema\\\/logo\\\/image\\\/\",\"url\":\"https:\\\/\\\/www.abidcars.com\\\/blog\\\/wp-content\\\/uploads\\\/2016\\\/05\\\/annif-logo-en.png\",\"contentUrl\":\"https:\\\/\\\/www.abidcars.com\\\/blog\\\/wp-content\\\/uploads\\\/2016\\\/05\\\/annif-logo-en.png\",\"width\":446,\"height\":133,\"caption\":\"Abid Cars Blog\"},\"image\":{\"@id\":\"https:\\\/\\\/www.abidcars.com\\\/blog\\\/#\\\/schema\\\/logo\\\/image\\\/\"},\"sameAs\":[\"https:\\\/\\\/www.facebook.com\\\/pages\\\/Abid-Cars-Location-de-voitures-au-Maroc-Car-rental-in-Morocco\\\/413704925369982\",\"https:\\\/\\\/x.com\\\/ABIDCARS\"]},{\"@type\":\"Person\",\"@id\":\"https:\\\/\\\/www.abidcars.com\\\/blog\\\/#\\\/schema\\\/person\\\/d475f925a381ead288b0eb44b145f8e8\",\"name\":\"Abdelfattah\",\"image\":{\"@type\":\"ImageObject\",\"inLanguage\":\"fr-FR\",\"@id\":\"https:\\\/\\\/secure.gravatar.com\\\/avatar\\\/bd23cf0a0a3f76f543db86841c253e0696b7e64d54aefdcde941371b70335f5d?s=96&d=initials&r=g&initials=sa\",\"url\":\"https:\\\/\\\/secure.gravatar.com\\\/avatar\\\/bd23cf0a0a3f76f543db86841c253e0696b7e64d54aefdcde941371b70335f5d?s=96&d=initials&r=g&initials=sa\",\"contentUrl\":\"https:\\\/\\\/secure.gravatar.com\\\/avatar\\\/bd23cf0a0a3f76f543db86841c253e0696b7e64d54aefdcde941371b70335f5d?s=96&d=initials&r=g&initials=sa\",\"caption\":\"Abdelfattah\"},\"sameAs\":[\"https:\\\/\\\/www.t-t.ma\"],\"url\":\"https:\\\/\\\/www.abidcars.com\\\/blog\\\/author\\\/s-abdelfattah\\\/\"}]}<\/script>\n<!-- \/ Yoast SEO plugin. -->","yoast_head_json":{"title":"&#x1f697; Special Promotion &#x1f697; - Abid Cars Blog","description":"Special promotion on the rental of the Clio 5 from Abid Cars.","robots":{"index":"index","follow":"follow","max-snippet":"max-snippet:-1","max-image-preview":"max-image-preview:large","max-video-preview":"max-video-preview:-1"},"canonical":"https:\/\/www.abidcars.com\/blog\/\ud83d\ude97-special-promotion-\ud83d\ude97\/","og_locale":"fr_FR","og_type":"article","og_title":"&#x1f697; Special Promotion &#x1f697; - Abid Cars Blog","og_description":"Special promotion on the rental of the Clio 5 from Abid Cars.","og_url":"https:\/\/www.abidcars.com\/blog\/\ud83d\ude97-special-promotion-\ud83d\ude97\/","og_site_name":"Abid Cars Blog","article_publisher":"https:\/\/www.facebook.com\/pages\/Abid-Cars-Location-de-voitures-au-Maroc-Car-rental-in-Morocco\/413704925369982","article_published_time":"2023-11-13T09:52:46+00:00","article_modified_time":"2023-11-13T09:52:47+00:00","og_image":[{"width":900,"height":583,"url":"https:\/\/www.abidcars.com\/blog\/wp-content\/uploads\/2023\/11\/Rental-Offer-AbidCars.png","type":"image\/png"}],"author":"Abdelfattah","twitter_card":"summary_large_image","twitter_creator":"@ABIDCARS","twitter_site":"@ABIDCARS","twitter_misc":{"\u00c9crit par":"Abdelfattah","Dur\u00e9e de lecture estim\u00e9e":"1 minute"},"schema":{"@context":"https:\/\/schema.org","@graph":[{"@type":"Article","@id":"https:\/\/www.abidcars.com\/blog\/%f0%9f%9a%97-special-promotion-%f0%9f%9a%97\/#article","isPartOf":{"@id":"https:\/\/www.abidcars.com\/blog\/%f0%9f%9a%97-special-promotion-%f0%9f%9a%97\/"},"author":{"name":"Abdelfattah","@id":"https:\/\/www.abidcars.com\/blog\/#\/schema\/person\/d475f925a381ead288b0eb44b145f8e8"},"headline":"&#x1f697; Special Promotion &#x1f697;","datePublished":"2023-11-13T09:52:46+00:00","dateModified":"2023-11-13T09:52:47+00:00","mainEntityOfPage":{"@id":"https:\/\/www.abidcars.com\/blog\/%f0%9f%9a%97-special-promotion-%f0%9f%9a%97\/"},"wordCount":147,"commentCount":0,"publisher":{"@id":"https:\/\/www.abidcars.com\/blog\/#organization"},"image":{"@id":"https:\/\/www.abidcars.com\/blog\/%f0%9f%9a%97-special-promotion-%f0%9f%9a%97\/#primaryimage"},"thumbnailUrl":"https:\/\/www.abidcars.com\/blog\/wp-content\/uploads\/2023\/11\/Rental-Offer-AbidCars.png","articleSection":["Agadir","English","promo"],"inLanguage":"fr-FR","potentialAction":[{"@type":"CommentAction","name":"Comment","target":["https:\/\/www.abidcars.com\/blog\/%f0%9f%9a%97-special-promotion-%f0%9f%9a%97\/#respond"]}]},{"@type":"WebPage","@id":"https:\/\/www.abidcars.com\/blog\/%f0%9f%9a%97-special-promotion-%f0%9f%9a%97\/","url":"https:\/\/www.abidcars.com\/blog\/%f0%9f%9a%97-special-promotion-%f0%9f%9a%97\/","name":"&#x1f697; Special Promotion &#x1f697; - Abid Cars Blog","isPartOf":{"@id":"https:\/\/www.abidcars.com\/blog\/#website"},"primaryImageOfPage":{"@id":"https:\/\/www.abidcars.com\/blog\/%f0%9f%9a%97-special-promotion-%f0%9f%9a%97\/#primaryimage"},"image":{"@id":"https:\/\/www.abidcars.com\/blog\/%f0%9f%9a%97-special-promotion-%f0%9f%9a%97\/#primaryimage"},"thumbnailUrl":"https:\/\/www.abidcars.com\/blog\/wp-content\/uploads\/2023\/11\/Rental-Offer-AbidCars.png","datePublished":"2023-11-13T09:52:46+00:00","dateModified":"2023-11-13T09:52:47+00:00","description":"Special promotion on the rental of the Clio 5 from Abid Cars.","breadcrumb":{"@id":"https:\/\/www.abidcars.com\/blog\/%f0%9f%9a%97-special-promotion-%f0%9f%9a%97\/#breadcrumb"},"inLanguage":"fr-FR","potentialAction":[{"@type":"ReadAction","target":["https:\/\/www.abidcars.com\/blog\/%f0%9f%9a%97-special-promotion-%f0%9f%9a%97\/"]}]},{"@type":"ImageObject","inLanguage":"fr-FR","@id":"https:\/\/www.abidcars.com\/blog\/%f0%9f%9a%97-special-promotion-%f0%9f%9a%97\/#primaryimage","url":"https:\/\/www.abidcars.com\/blog\/wp-content\/uploads\/2023\/11\/Rental-Offer-AbidCars.png","contentUrl":"https:\/\/www.abidcars.com\/blog\/wp-content\/uploads\/2023\/11\/Rental-Offer-AbidCars.png","width":900,"height":583,"caption":"Special Promotion"},{"@type":"BreadcrumbList","@id":"https:\/\/www.abidcars.com\/blog\/%f0%9f%9a%97-special-promotion-%f0%9f%9a%97\/#breadcrumb","itemListElement":[{"@type":"ListItem","position":1,"name":"Blog","item":"https:\/\/www.abidcars.com\/blog\/"},{"@type":"ListItem","position":2,"name":"&#x1f697; Special Promotion &#x1f697;"}]},{"@type":"WebSite","@id":"https:\/\/www.abidcars.com\/blog\/#website","url":"https:\/\/www.abidcars.com\/blog\/","name":"Abid Cars Blog","description":"Blog th\u00e9matique sur le Maroc, les voitures et la location des voitures au Maroc","publisher":{"@id":"https:\/\/www.abidcars.com\/blog\/#organization"},"potentialAction":[{"@type":"SearchAction","target":{"@type":"EntryPoint","urlTemplate":"https:\/\/www.abidcars.com\/blog\/?s={search_term_string}"},"query-input":{"@type":"PropertyValueSpecification","valueRequired":true,"valueName":"search_term_string"}}],"inLanguage":"fr-FR"},{"@type":"Organization","@id":"https:\/\/www.abidcars.com\/blog\/#organization","name":"Abid Cars Blog","url":"https:\/\/www.abidcars.com\/blog\/","logo":{"@type":"ImageObject","inLanguage":"fr-FR","@id":"https:\/\/www.abidcars.com\/blog\/#\/schema\/logo\/image\/","url":"https:\/\/www.abidcars.com\/blog\/wp-content\/uploads\/2016\/05\/annif-logo-en.png","contentUrl":"https:\/\/www.abidcars.com\/blog\/wp-content\/uploads\/2016\/05\/annif-logo-en.png","width":446,"height":133,"caption":"Abid Cars Blog"},"image":{"@id":"https:\/\/www.abidcars.com\/blog\/#\/schema\/logo\/image\/"},"sameAs":["https:\/\/www.facebook.com\/pages\/Abid-Cars-Location-de-voitures-au-Maroc-Car-rental-in-Morocco\/413704925369982","https:\/\/x.com\/ABIDCARS"]},{"@type":"Person","@id":"https:\/\/www.abidcars.com\/blog\/#\/schema\/person\/d475f925a381ead288b0eb44b145f8e8","name":"Abdelfattah","image":{"@type":"ImageObject","inLanguage":"fr-FR","@id":"https:\/\/secure.gravatar.com\/avatar\/bd23cf0a0a3f76f543db86841c253e0696b7e64d54aefdcde941371b70335f5d?s=96&d=initials&r=g&initials=sa","url":"https:\/\/secure.gravatar.com\/avatar\/bd23cf0a0a3f76f543db86841c253e0696b7e64d54aefdcde941371b70335f5d?s=96&d=initials&r=g&initials=sa","contentUrl":"https:\/\/secure.gravatar.com\/avatar\/bd23cf0a0a3f76f543db86841c253e0696b7e64d54aefdcde941371b70335f5d?s=96&d=initials&r=g&initials=sa","caption":"Abdelfattah"},"sameAs":["https:\/\/www.t-t.ma"],"url":"https:\/\/www.abidcars.com\/blog\/author\/s-abdelfattah\/"}]}},"amp_enabled":true,"_links":{"self":[{"href":"https:\/\/www.abidcars.com\/blog\/wp-json\/wp\/v2\/posts\/1176","targetHints":{"allow":["GET"]}}],"collection":[{"href":"https:\/\/www.abidcars.com\/blog\/wp-json\/wp\/v2\/posts"}],"about":[{"href":"https:\/\/www.abidcars.com\/blog\/wp-json\/wp\/v2\/types\/post"}],"author":[{"embeddable":true,"href":"https:\/\/www.abidcars.com\/blog\/wp-json\/wp\/v2\/users\/7"}],"replies":[{"embeddable":true,"href":"https:\/\/www.abidcars.com\/blog\/wp-json\/wp\/v2\/comments?post=1176"}],"version-history":[{"count":1,"href":"https:\/\/www.abidcars.com\/blog\/wp-json\/wp\/v2\/posts\/1176\/revisions"}],"predecessor-version":[{"id":1178,"href":"https:\/\/www.abidcars.com\/blog\/wp-json\/wp\/v2\/posts\/1176\/revisions\/1178"}],"wp:featuredmedia":[{"embeddable":true,"href":"https:\/\/www.abidcars.com\/blog\/wp-json\/wp\/v2\/media\/1177"}],"wp:attachment":[{"href":"https:\/\/www.abidcars.com\/blog\/wp-json\/wp\/v2\/media?parent=1176"}],"wp:term":[{"taxonomy":"category","embeddable":true,"href":"https:\/\/www.abidcars.com\/blog\/wp-json\/wp\/v2\/categories?post=1176"},{"taxonomy":"post_tag","embeddable":true,"href":"https:\/\/www.abidcars.com\/blog\/wp-json\/wp\/v2\/tags?post=1176"}],"curies":[{"name":"wp","href":"https:\/\/api.w.org\/{rel}","templated":true}]}}