{"id":1185,"date":"2023-11-13T12:07:02","date_gmt":"2023-11-13T11:07:02","guid":{"rendered":"https:\/\/www.abidcars.com\/blog\/?p=1185"},"modified":"2023-11-13T12:07:03","modified_gmt":"2023-11-13T11:07:03","slug":"%f0%9f%8c%9f-promocion-de-alquiler-excepcional-para-sandero-stepway-todas-las-opciones-%f0%9f%8c%9f","status":"publish","type":"post","link":"https:\/\/www.abidcars.com\/blog\/%f0%9f%8c%9f-promocion-de-alquiler-excepcional-para-sandero-stepway-todas-las-opciones-%f0%9f%8c%9f\/","title":{"rendered":"&#x1f31f; \u00a1Promoci\u00f3n de alquiler excepcional para Sandero Stepway todas las opciones! &#x1f31f;"},"content":{"rendered":"\n<p>\u00bfSue\u00f1a con descubrir <strong>Agadir<\/strong>, <strong>Rabat<\/strong> y <strong>T\u00e1nger<\/strong> con total libertad? \u00a1No busques m\u00e1s! A partir del <strong>30 de octubre de 2023<\/strong> aprovecha nuestra Promoci\u00f3n Excepcional de Alquiler del <strong>Sandero Stepway<\/strong> con todas las opciones desde <strong>s\u00f3lo 30\u20ac al d\u00eda<\/strong>.<\/p>\n\n\n\n<p>&#x1f697; \u00bfA qu\u00e9 esperas para subirte a este todoterreno y lanzarte a la aventura? Con su equipamiento de \u00faltima generaci\u00f3n y su dise\u00f1o moderno, el <strong>Sandero Stepway<\/strong> es el compa\u00f1ero ideal para tus escapadas y excursiones urbanas.<\/p>\n\n\n\n<p>Reserva hoy para garantizar la disponibilidad de tu <strong>Sandero Stepway<\/strong> durante tu estancia en estos destinos excepcionales. \u00a1Perm\u00edtanos ayudarle a hacer realidad sus sue\u00f1os de viajar!<\/p>\n\n\n\n<p>&#x1f4de; Para obtener m\u00e1s informaci\u00f3n y reservar, cont\u00e1ctenos al <strong>[+212 5 28 84 70 30]<\/strong> o visite nuestro sitio web <strong>[info@abidcars.com]<\/strong> para reservar en l\u00ednea.<\/p>\n\n\n\n<p>No pierdas esta oportunidad \u00fanica de descubrir la aut\u00e9ntica belleza de Marruecos al volante de un <strong>Sandero Stepway<\/strong>. \u00a1Reserva ahora y prep\u00e1rate para vivir aventuras inolvidables!<\/p>\n","protected":false},"excerpt":{"rendered":"<p>\u00bfSue\u00f1a con descubrir Agadir, Rabat y T\u00e1nger con total libertad? \u00a1No busques [&hellip;]<\/p>\n","protected":false},"author":7,"featured_media":1186,"comment_status":"open","ping_status":"open","sticky":false,"template":"","format":"standard","meta":{"footnotes":""},"categories":[96,4,100,103,22,99],"tags":[],"class_list":["post-1185","post","type-post","status-publish","format-standard","has-post-thumbnail","hentry","category-agadir","category-es","category-promo","category-rabat-2","category-rabat","category-tanger"],"yoast_head":"<!-- This site is optimized with the Yoast SEO plugin v27.4 - https:\/\/yoast.com\/product\/yoast-seo-wordpress\/ -->\n<title>&#x1f31f; \u00a1Promoci\u00f3n de alquiler excepcional para Sandero Stepway todas las opciones! &#x1f31f; - Abid Cars Blog<\/title>\n<meta name=\"description\" content=\"Abid Cars ofrece una Promoci\u00f3n Excepcional para el alquiler del Dacia Sandero Stepway desde 30\u20ac al d\u00eda.\" \/>\n<meta name=\"robots\" content=\"index, follow, max-snippet:-1, max-image-preview:large, max-video-preview:-1\" \/>\n<link rel=\"canonical\" href=\"https:\/\/www.abidcars.com\/blog\/\ud83c\udf1f-promocion-de-alquiler-excepcional-para-sandero-stepway-todas-las-opciones-\ud83c\udf1f\/\" \/>\n<meta property=\"og:locale\" content=\"fr_FR\" \/>\n<meta property=\"og:type\" content=\"article\" \/>\n<meta property=\"og:title\" content=\"&#x1f31f; \u00a1Promoci\u00f3n de alquiler excepcional para Sandero Stepway todas las opciones! &#x1f31f; - Abid Cars Blog\" \/>\n<meta property=\"og:description\" content=\"Abid Cars ofrece una Promoci\u00f3n Excepcional para el alquiler del Dacia Sandero Stepway desde 30\u20ac al d\u00eda.\" \/>\n<meta property=\"og:url\" content=\"https:\/\/www.abidcars.com\/blog\/\ud83c\udf1f-promocion-de-alquiler-excepcional-para-sandero-stepway-todas-las-opciones-\ud83c\udf1f\/\" \/>\n<meta property=\"og:site_name\" content=\"Abid Cars Blog\" \/>\n<meta property=\"article:publisher\" content=\"https:\/\/www.facebook.com\/pages\/Abid-Cars-Location-de-voitures-au-Maroc-Car-rental-in-Morocco\/413704925369982\" \/>\n<meta property=\"article:published_time\" content=\"2023-11-13T11:07:02+00:00\" \/>\n<meta property=\"article:modified_time\" content=\"2023-11-13T11:07:03+00:00\" \/>\n<meta property=\"og:image\" content=\"https:\/\/www.abidcars.com\/blog\/wp-content\/uploads\/2023\/11\/Promo-Alquiler-AbidCars.png\" \/>\n\t<meta property=\"og:image:width\" content=\"900\" \/>\n\t<meta property=\"og:image:height\" content=\"541\" \/>\n\t<meta property=\"og:image:type\" content=\"image\/png\" \/>\n<meta name=\"author\" content=\"Abdelfattah\" \/>\n<meta name=\"twitter:card\" content=\"summary_large_image\" \/>\n<meta name=\"twitter:creator\" content=\"@ABIDCARS\" \/>\n<meta name=\"twitter:site\" content=\"@ABIDCARS\" \/>\n<meta name=\"twitter:label1\" content=\"\u00c9crit par\" \/>\n\t<meta name=\"twitter:data1\" content=\"Abdelfattah\" \/>\n\t<meta name=\"twitter:label2\" content=\"Dur\u00e9e de lecture estim\u00e9e\" \/>\n\t<meta name=\"twitter:data2\" content=\"1 minute\" \/>\n<script type=\"application\/ld+json\" class=\"yoast-schema-graph\">{\"@context\":\"https:\\\/\\\/schema.org\",\"@graph\":[{\"@type\":\"Article\",\"@id\":\"https:\\\/\\\/www.abidcars.com\\\/blog\\\/%f0%9f%8c%9f-promocion-de-alquiler-excepcional-para-sandero-stepway-todas-las-opciones-%f0%9f%8c%9f\\\/#article\",\"isPartOf\":{\"@id\":\"https:\\\/\\\/www.abidcars.com\\\/blog\\\/%f0%9f%8c%9f-promocion-de-alquiler-excepcional-para-sandero-stepway-todas-las-opciones-%f0%9f%8c%9f\\\/\"},\"author\":{\"name\":\"Abdelfattah\",\"@id\":\"https:\\\/\\\/www.abidcars.com\\\/blog\\\/#\\\/schema\\\/person\\\/d475f925a381ead288b0eb44b145f8e8\"},\"headline\":\"&#x1f31f; \u00a1Promoci\u00f3n de alquiler excepcional para Sandero Stepway todas las opciones! &#x1f31f;\",\"datePublished\":\"2023-11-13T11:07:02+00:00\",\"dateModified\":\"2023-11-13T11:07:03+00:00\",\"mainEntityOfPage\":{\"@id\":\"https:\\\/\\\/www.abidcars.com\\\/blog\\\/%f0%9f%8c%9f-promocion-de-alquiler-excepcional-para-sandero-stepway-todas-las-opciones-%f0%9f%8c%9f\\\/\"},\"wordCount\":183,\"commentCount\":0,\"publisher\":{\"@id\":\"https:\\\/\\\/www.abidcars.com\\\/blog\\\/#organization\"},\"image\":{\"@id\":\"https:\\\/\\\/www.abidcars.com\\\/blog\\\/%f0%9f%8c%9f-promocion-de-alquiler-excepcional-para-sandero-stepway-todas-las-opciones-%f0%9f%8c%9f\\\/#primaryimage\"},\"thumbnailUrl\":\"https:\\\/\\\/www.abidcars.com\\\/blog\\\/wp-content\\\/uploads\\\/2023\\\/11\\\/Promo-Alquiler-AbidCars.png\",\"articleSection\":[\"Agadir\",\"Espa\u00f1ol\",\"promo\",\"Rabat\",\"Rabat\",\"Tanger\"],\"inLanguage\":\"fr-FR\",\"potentialAction\":[{\"@type\":\"CommentAction\",\"name\":\"Comment\",\"target\":[\"https:\\\/\\\/www.abidcars.com\\\/blog\\\/%f0%9f%8c%9f-promocion-de-alquiler-excepcional-para-sandero-stepway-todas-las-opciones-%f0%9f%8c%9f\\\/#respond\"]}]},{\"@type\":\"WebPage\",\"@id\":\"https:\\\/\\\/www.abidcars.com\\\/blog\\\/%f0%9f%8c%9f-promocion-de-alquiler-excepcional-para-sandero-stepway-todas-las-opciones-%f0%9f%8c%9f\\\/\",\"url\":\"https:\\\/\\\/www.abidcars.com\\\/blog\\\/%f0%9f%8c%9f-promocion-de-alquiler-excepcional-para-sandero-stepway-todas-las-opciones-%f0%9f%8c%9f\\\/\",\"name\":\"&#x1f31f; \u00a1Promoci\u00f3n de alquiler excepcional para Sandero Stepway todas las opciones! &#x1f31f; - Abid Cars Blog\",\"isPartOf\":{\"@id\":\"https:\\\/\\\/www.abidcars.com\\\/blog\\\/#website\"},\"primaryImageOfPage\":{\"@id\":\"https:\\\/\\\/www.abidcars.com\\\/blog\\\/%f0%9f%8c%9f-promocion-de-alquiler-excepcional-para-sandero-stepway-todas-las-opciones-%f0%9f%8c%9f\\\/#primaryimage\"},\"image\":{\"@id\":\"https:\\\/\\\/www.abidcars.com\\\/blog\\\/%f0%9f%8c%9f-promocion-de-alquiler-excepcional-para-sandero-stepway-todas-las-opciones-%f0%9f%8c%9f\\\/#primaryimage\"},\"thumbnailUrl\":\"https:\\\/\\\/www.abidcars.com\\\/blog\\\/wp-content\\\/uploads\\\/2023\\\/11\\\/Promo-Alquiler-AbidCars.png\",\"datePublished\":\"2023-11-13T11:07:02+00:00\",\"dateModified\":\"2023-11-13T11:07:03+00:00\",\"description\":\"Abid Cars ofrece una Promoci\u00f3n Excepcional para el alquiler del Dacia Sandero Stepway desde 30\u20ac al d\u00eda.\",\"breadcrumb\":{\"@id\":\"https:\\\/\\\/www.abidcars.com\\\/blog\\\/%f0%9f%8c%9f-promocion-de-alquiler-excepcional-para-sandero-stepway-todas-las-opciones-%f0%9f%8c%9f\\\/#breadcrumb\"},\"inLanguage\":\"fr-FR\",\"potentialAction\":[{\"@type\":\"ReadAction\",\"target\":[\"https:\\\/\\\/www.abidcars.com\\\/blog\\\/%f0%9f%8c%9f-promocion-de-alquiler-excepcional-para-sandero-stepway-todas-las-opciones-%f0%9f%8c%9f\\\/\"]}]},{\"@type\":\"ImageObject\",\"inLanguage\":\"fr-FR\",\"@id\":\"https:\\\/\\\/www.abidcars.com\\\/blog\\\/%f0%9f%8c%9f-promocion-de-alquiler-excepcional-para-sandero-stepway-todas-las-opciones-%f0%9f%8c%9f\\\/#primaryimage\",\"url\":\"https:\\\/\\\/www.abidcars.com\\\/blog\\\/wp-content\\\/uploads\\\/2023\\\/11\\\/Promo-Alquiler-AbidCars.png\",\"contentUrl\":\"https:\\\/\\\/www.abidcars.com\\\/blog\\\/wp-content\\\/uploads\\\/2023\\\/11\\\/Promo-Alquiler-AbidCars.png\",\"width\":900,\"height\":541,\"caption\":\"Promoci\u00f3n Excepcional\"},{\"@type\":\"BreadcrumbList\",\"@id\":\"https:\\\/\\\/www.abidcars.com\\\/blog\\\/%f0%9f%8c%9f-promocion-de-alquiler-excepcional-para-sandero-stepway-todas-las-opciones-%f0%9f%8c%9f\\\/#breadcrumb\",\"itemListElement\":[{\"@type\":\"ListItem\",\"position\":1,\"name\":\"Blog\",\"item\":\"https:\\\/\\\/www.abidcars.com\\\/blog\\\/\"},{\"@type\":\"ListItem\",\"position\":2,\"name\":\"&#x1f31f; \u00a1Promoci\u00f3n de alquiler excepcional para Sandero Stepway todas las opciones! &#x1f31f;\"}]},{\"@type\":\"WebSite\",\"@id\":\"https:\\\/\\\/www.abidcars.com\\\/blog\\\/#website\",\"url\":\"https:\\\/\\\/www.abidcars.com\\\/blog\\\/\",\"name\":\"Abid Cars Blog\",\"description\":\"Blog th\u00e9matique sur le Maroc, les voitures et la location des voitures au Maroc\",\"publisher\":{\"@id\":\"https:\\\/\\\/www.abidcars.com\\\/blog\\\/#organization\"},\"potentialAction\":[{\"@type\":\"SearchAction\",\"target\":{\"@type\":\"EntryPoint\",\"urlTemplate\":\"https:\\\/\\\/www.abidcars.com\\\/blog\\\/?s={search_term_string}\"},\"query-input\":{\"@type\":\"PropertyValueSpecification\",\"valueRequired\":true,\"valueName\":\"search_term_string\"}}],\"inLanguage\":\"fr-FR\"},{\"@type\":\"Organization\",\"@id\":\"https:\\\/\\\/www.abidcars.com\\\/blog\\\/#organization\",\"name\":\"Abid Cars Blog\",\"url\":\"https:\\\/\\\/www.abidcars.com\\\/blog\\\/\",\"logo\":{\"@type\":\"ImageObject\",\"inLanguage\":\"fr-FR\",\"@id\":\"https:\\\/\\\/www.abidcars.com\\\/blog\\\/#\\\/schema\\\/logo\\\/image\\\/\",\"url\":\"https:\\\/\\\/www.abidcars.com\\\/blog\\\/wp-content\\\/uploads\\\/2016\\\/05\\\/annif-logo-en.png\",\"contentUrl\":\"https:\\\/\\\/www.abidcars.com\\\/blog\\\/wp-content\\\/uploads\\\/2016\\\/05\\\/annif-logo-en.png\",\"width\":446,\"height\":133,\"caption\":\"Abid Cars Blog\"},\"image\":{\"@id\":\"https:\\\/\\\/www.abidcars.com\\\/blog\\\/#\\\/schema\\\/logo\\\/image\\\/\"},\"sameAs\":[\"https:\\\/\\\/www.facebook.com\\\/pages\\\/Abid-Cars-Location-de-voitures-au-Maroc-Car-rental-in-Morocco\\\/413704925369982\",\"https:\\\/\\\/x.com\\\/ABIDCARS\"]},{\"@type\":\"Person\",\"@id\":\"https:\\\/\\\/www.abidcars.com\\\/blog\\\/#\\\/schema\\\/person\\\/d475f925a381ead288b0eb44b145f8e8\",\"name\":\"Abdelfattah\",\"image\":{\"@type\":\"ImageObject\",\"inLanguage\":\"fr-FR\",\"@id\":\"https:\\\/\\\/secure.gravatar.com\\\/avatar\\\/bd23cf0a0a3f76f543db86841c253e0696b7e64d54aefdcde941371b70335f5d?s=96&d=initials&r=g&initials=sa\",\"url\":\"https:\\\/\\\/secure.gravatar.com\\\/avatar\\\/bd23cf0a0a3f76f543db86841c253e0696b7e64d54aefdcde941371b70335f5d?s=96&d=initials&r=g&initials=sa\",\"contentUrl\":\"https:\\\/\\\/secure.gravatar.com\\\/avatar\\\/bd23cf0a0a3f76f543db86841c253e0696b7e64d54aefdcde941371b70335f5d?s=96&d=initials&r=g&initials=sa\",\"caption\":\"Abdelfattah\"},\"sameAs\":[\"https:\\\/\\\/www.t-t.ma\"],\"url\":\"https:\\\/\\\/www.abidcars.com\\\/blog\\\/author\\\/s-abdelfattah\\\/\"}]}<\/script>\n<!-- \/ Yoast SEO plugin. -->","yoast_head_json":{"title":"&#x1f31f; \u00a1Promoci\u00f3n de alquiler excepcional para Sandero Stepway todas las opciones! &#x1f31f; - Abid Cars Blog","description":"Abid Cars ofrece una Promoci\u00f3n Excepcional para el alquiler del Dacia Sandero Stepway desde 30\u20ac al d\u00eda.","robots":{"index":"index","follow":"follow","max-snippet":"max-snippet:-1","max-image-preview":"max-image-preview:large","max-video-preview":"max-video-preview:-1"},"canonical":"https:\/\/www.abidcars.com\/blog\/\ud83c\udf1f-promocion-de-alquiler-excepcional-para-sandero-stepway-todas-las-opciones-\ud83c\udf1f\/","og_locale":"fr_FR","og_type":"article","og_title":"&#x1f31f; \u00a1Promoci\u00f3n de alquiler excepcional para Sandero Stepway todas las opciones! &#x1f31f; - Abid Cars Blog","og_description":"Abid Cars ofrece una Promoci\u00f3n Excepcional para el alquiler del Dacia Sandero Stepway desde 30\u20ac al d\u00eda.","og_url":"https:\/\/www.abidcars.com\/blog\/\ud83c\udf1f-promocion-de-alquiler-excepcional-para-sandero-stepway-todas-las-opciones-\ud83c\udf1f\/","og_site_name":"Abid Cars Blog","article_publisher":"https:\/\/www.facebook.com\/pages\/Abid-Cars-Location-de-voitures-au-Maroc-Car-rental-in-Morocco\/413704925369982","article_published_time":"2023-11-13T11:07:02+00:00","article_modified_time":"2023-11-13T11:07:03+00:00","og_image":[{"width":900,"height":541,"url":"https:\/\/www.abidcars.com\/blog\/wp-content\/uploads\/2023\/11\/Promo-Alquiler-AbidCars.png","type":"image\/png"}],"author":"Abdelfattah","twitter_card":"summary_large_image","twitter_creator":"@ABIDCARS","twitter_site":"@ABIDCARS","twitter_misc":{"\u00c9crit par":"Abdelfattah","Dur\u00e9e de lecture estim\u00e9e":"1 minute"},"schema":{"@context":"https:\/\/schema.org","@graph":[{"@type":"Article","@id":"https:\/\/www.abidcars.com\/blog\/%f0%9f%8c%9f-promocion-de-alquiler-excepcional-para-sandero-stepway-todas-las-opciones-%f0%9f%8c%9f\/#article","isPartOf":{"@id":"https:\/\/www.abidcars.com\/blog\/%f0%9f%8c%9f-promocion-de-alquiler-excepcional-para-sandero-stepway-todas-las-opciones-%f0%9f%8c%9f\/"},"author":{"name":"Abdelfattah","@id":"https:\/\/www.abidcars.com\/blog\/#\/schema\/person\/d475f925a381ead288b0eb44b145f8e8"},"headline":"&#x1f31f; \u00a1Promoci\u00f3n de alquiler excepcional para Sandero Stepway todas las opciones! &#x1f31f;","datePublished":"2023-11-13T11:07:02+00:00","dateModified":"2023-11-13T11:07:03+00:00","mainEntityOfPage":{"@id":"https:\/\/www.abidcars.com\/blog\/%f0%9f%8c%9f-promocion-de-alquiler-excepcional-para-sandero-stepway-todas-las-opciones-%f0%9f%8c%9f\/"},"wordCount":183,"commentCount":0,"publisher":{"@id":"https:\/\/www.abidcars.com\/blog\/#organization"},"image":{"@id":"https:\/\/www.abidcars.com\/blog\/%f0%9f%8c%9f-promocion-de-alquiler-excepcional-para-sandero-stepway-todas-las-opciones-%f0%9f%8c%9f\/#primaryimage"},"thumbnailUrl":"https:\/\/www.abidcars.com\/blog\/wp-content\/uploads\/2023\/11\/Promo-Alquiler-AbidCars.png","articleSection":["Agadir","Espa\u00f1ol","promo","Rabat","Rabat","Tanger"],"inLanguage":"fr-FR","potentialAction":[{"@type":"CommentAction","name":"Comment","target":["https:\/\/www.abidcars.com\/blog\/%f0%9f%8c%9f-promocion-de-alquiler-excepcional-para-sandero-stepway-todas-las-opciones-%f0%9f%8c%9f\/#respond"]}]},{"@type":"WebPage","@id":"https:\/\/www.abidcars.com\/blog\/%f0%9f%8c%9f-promocion-de-alquiler-excepcional-para-sandero-stepway-todas-las-opciones-%f0%9f%8c%9f\/","url":"https:\/\/www.abidcars.com\/blog\/%f0%9f%8c%9f-promocion-de-alquiler-excepcional-para-sandero-stepway-todas-las-opciones-%f0%9f%8c%9f\/","name":"&#x1f31f; \u00a1Promoci\u00f3n de alquiler excepcional para Sandero Stepway todas las opciones! &#x1f31f; - Abid Cars Blog","isPartOf":{"@id":"https:\/\/www.abidcars.com\/blog\/#website"},"primaryImageOfPage":{"@id":"https:\/\/www.abidcars.com\/blog\/%f0%9f%8c%9f-promocion-de-alquiler-excepcional-para-sandero-stepway-todas-las-opciones-%f0%9f%8c%9f\/#primaryimage"},"image":{"@id":"https:\/\/www.abidcars.com\/blog\/%f0%9f%8c%9f-promocion-de-alquiler-excepcional-para-sandero-stepway-todas-las-opciones-%f0%9f%8c%9f\/#primaryimage"},"thumbnailUrl":"https:\/\/www.abidcars.com\/blog\/wp-content\/uploads\/2023\/11\/Promo-Alquiler-AbidCars.png","datePublished":"2023-11-13T11:07:02+00:00","dateModified":"2023-11-13T11:07:03+00:00","description":"Abid Cars ofrece una Promoci\u00f3n Excepcional para el alquiler del Dacia Sandero Stepway desde 30\u20ac al d\u00eda.","breadcrumb":{"@id":"https:\/\/www.abidcars.com\/blog\/%f0%9f%8c%9f-promocion-de-alquiler-excepcional-para-sandero-stepway-todas-las-opciones-%f0%9f%8c%9f\/#breadcrumb"},"inLanguage":"fr-FR","potentialAction":[{"@type":"ReadAction","target":["https:\/\/www.abidcars.com\/blog\/%f0%9f%8c%9f-promocion-de-alquiler-excepcional-para-sandero-stepway-todas-las-opciones-%f0%9f%8c%9f\/"]}]},{"@type":"ImageObject","inLanguage":"fr-FR","@id":"https:\/\/www.abidcars.com\/blog\/%f0%9f%8c%9f-promocion-de-alquiler-excepcional-para-sandero-stepway-todas-las-opciones-%f0%9f%8c%9f\/#primaryimage","url":"https:\/\/www.abidcars.com\/blog\/wp-content\/uploads\/2023\/11\/Promo-Alquiler-AbidCars.png","contentUrl":"https:\/\/www.abidcars.com\/blog\/wp-content\/uploads\/2023\/11\/Promo-Alquiler-AbidCars.png","width":900,"height":541,"caption":"Promoci\u00f3n Excepcional"},{"@type":"BreadcrumbList","@id":"https:\/\/www.abidcars.com\/blog\/%f0%9f%8c%9f-promocion-de-alquiler-excepcional-para-sandero-stepway-todas-las-opciones-%f0%9f%8c%9f\/#breadcrumb","itemListElement":[{"@type":"ListItem","position":1,"name":"Blog","item":"https:\/\/www.abidcars.com\/blog\/"},{"@type":"ListItem","position":2,"name":"&#x1f31f; \u00a1Promoci\u00f3n de alquiler excepcional para Sandero Stepway todas las opciones! &#x1f31f;"}]},{"@type":"WebSite","@id":"https:\/\/www.abidcars.com\/blog\/#website","url":"https:\/\/www.abidcars.com\/blog\/","name":"Abid Cars Blog","description":"Blog th\u00e9matique sur le Maroc, les voitures et la location des voitures au Maroc","publisher":{"@id":"https:\/\/www.abidcars.com\/blog\/#organization"},"potentialAction":[{"@type":"SearchAction","target":{"@type":"EntryPoint","urlTemplate":"https:\/\/www.abidcars.com\/blog\/?s={search_term_string}"},"query-input":{"@type":"PropertyValueSpecification","valueRequired":true,"valueName":"search_term_string"}}],"inLanguage":"fr-FR"},{"@type":"Organization","@id":"https:\/\/www.abidcars.com\/blog\/#organization","name":"Abid Cars Blog","url":"https:\/\/www.abidcars.com\/blog\/","logo":{"@type":"ImageObject","inLanguage":"fr-FR","@id":"https:\/\/www.abidcars.com\/blog\/#\/schema\/logo\/image\/","url":"https:\/\/www.abidcars.com\/blog\/wp-content\/uploads\/2016\/05\/annif-logo-en.png","contentUrl":"https:\/\/www.abidcars.com\/blog\/wp-content\/uploads\/2016\/05\/annif-logo-en.png","width":446,"height":133,"caption":"Abid Cars Blog"},"image":{"@id":"https:\/\/www.abidcars.com\/blog\/#\/schema\/logo\/image\/"},"sameAs":["https:\/\/www.facebook.com\/pages\/Abid-Cars-Location-de-voitures-au-Maroc-Car-rental-in-Morocco\/413704925369982","https:\/\/x.com\/ABIDCARS"]},{"@type":"Person","@id":"https:\/\/www.abidcars.com\/blog\/#\/schema\/person\/d475f925a381ead288b0eb44b145f8e8","name":"Abdelfattah","image":{"@type":"ImageObject","inLanguage":"fr-FR","@id":"https:\/\/secure.gravatar.com\/avatar\/bd23cf0a0a3f76f543db86841c253e0696b7e64d54aefdcde941371b70335f5d?s=96&d=initials&r=g&initials=sa","url":"https:\/\/secure.gravatar.com\/avatar\/bd23cf0a0a3f76f543db86841c253e0696b7e64d54aefdcde941371b70335f5d?s=96&d=initials&r=g&initials=sa","contentUrl":"https:\/\/secure.gravatar.com\/avatar\/bd23cf0a0a3f76f543db86841c253e0696b7e64d54aefdcde941371b70335f5d?s=96&d=initials&r=g&initials=sa","caption":"Abdelfattah"},"sameAs":["https:\/\/www.t-t.ma"],"url":"https:\/\/www.abidcars.com\/blog\/author\/s-abdelfattah\/"}]}},"amp_enabled":true,"_links":{"self":[{"href":"https:\/\/www.abidcars.com\/blog\/wp-json\/wp\/v2\/posts\/1185","targetHints":{"allow":["GET"]}}],"collection":[{"href":"https:\/\/www.abidcars.com\/blog\/wp-json\/wp\/v2\/posts"}],"about":[{"href":"https:\/\/www.abidcars.com\/blog\/wp-json\/wp\/v2\/types\/post"}],"author":[{"embeddable":true,"href":"https:\/\/www.abidcars.com\/blog\/wp-json\/wp\/v2\/users\/7"}],"replies":[{"embeddable":true,"href":"https:\/\/www.abidcars.com\/blog\/wp-json\/wp\/v2\/comments?post=1185"}],"version-history":[{"count":1,"href":"https:\/\/www.abidcars.com\/blog\/wp-json\/wp\/v2\/posts\/1185\/revisions"}],"predecessor-version":[{"id":1187,"href":"https:\/\/www.abidcars.com\/blog\/wp-json\/wp\/v2\/posts\/1185\/revisions\/1187"}],"wp:featuredmedia":[{"embeddable":true,"href":"https:\/\/www.abidcars.com\/blog\/wp-json\/wp\/v2\/media\/1186"}],"wp:attachment":[{"href":"https:\/\/www.abidcars.com\/blog\/wp-json\/wp\/v2\/media?parent=1185"}],"wp:term":[{"taxonomy":"category","embeddable":true,"href":"https:\/\/www.abidcars.com\/blog\/wp-json\/wp\/v2\/categories?post=1185"},{"taxonomy":"post_tag","embeddable":true,"href":"https:\/\/www.abidcars.com\/blog\/wp-json\/wp\/v2\/tags?post=1185"}],"curies":[{"name":"wp","href":"https:\/\/api.w.org\/{rel}","templated":true}]}}