{"id":1188,"date":"2023-11-13T12:12:29","date_gmt":"2023-11-13T11:12:29","guid":{"rendered":"https:\/\/www.abidcars.com\/blog\/?p=1188"},"modified":"2023-11-13T12:12:30","modified_gmt":"2023-11-13T11:12:30","slug":"%f0%9f%9a%97-oferta-especial-%f0%9f%9a%97","status":"publish","type":"post","link":"https:\/\/www.abidcars.com\/blog\/%f0%9f%9a%97-oferta-especial-%f0%9f%9a%97\/","title":{"rendered":"&#x1f697; oferta especial &#x1f697;"},"content":{"rendered":"\n<p>oferta especial<\/p>\n\n\n\n<p>\u00a1Alquila un Renault <strong>Clio 5 en Agadir<\/strong> para una escapada inolvidable!<\/p>\n\n\n\n<p>&#x1f4c5; Per\u00edodo de alquiler: <strong>24 de octubre \u2013 5 de septiembre de 2023<\/strong><\/p>\n\n\n\n<p>&#x1f4b0; Precio especial: <strong>\u00a1Desde 30 euros por d\u00eda!<\/strong><\/p>\n\n\n\n<p>No pierda esta oportunidad excepcional de conducir uno de los coches m\u00e1s populares y fiables durante su estancia en Agadir. El Renault Clio 5 es perfecto para explorar las bellezas de Marruecos con total elegancia y comodidad.<\/p>\n\n\n\n<p>Reserva hoy para asegurar la disponibilidad de tu Renault Clio 5 durante tu estancia. Para aprovechar esta oferta por tiempo limitado, cont\u00e1ctanos al <strong>[+212 5 28 84 70 30]<\/strong> o env\u00edanos un correo electr\u00f3nico a <strong>[info@abidcars.com]<\/strong> para reservar tu auto.<\/p>\n\n\n\n<p>\u00a1Descubre Agadir con estilo y con total libertad con el Renault Clio 5! Reserva ahora y ahorra en el alquiler de tu coche. No pierdas esta extraordinaria oportunidad. Agadir te est\u00e1 esperando y estamos listos para hacer que tu viaje sea inolvidable.<\/p>\n","protected":false},"excerpt":{"rendered":"<p>oferta especial \u00a1Alquila un Renault Clio 5 en Agadir para una escapada [&hellip;]<\/p>\n","protected":false},"author":7,"featured_media":1189,"comment_status":"open","ping_status":"open","sticky":false,"template":"","format":"standard","meta":{"footnotes":""},"categories":[96,4,100],"tags":[],"class_list":["post-1188","post","type-post","status-publish","format-standard","has-post-thumbnail","hentry","category-agadir","category-es","category-promo"],"yoast_head":"<!-- This site is optimized with the Yoast SEO plugin v27.4 - https:\/\/yoast.com\/product\/yoast-seo-wordpress\/ -->\n<title>&#x1f697; oferta especial &#x1f697; - Abid Cars Blog<\/title>\n<meta name=\"description\" content=\"Oferta especial para el alquiler del Clio 5 de Abid Cars.\" \/>\n<meta name=\"robots\" content=\"index, follow, max-snippet:-1, max-image-preview:large, max-video-preview:-1\" \/>\n<link rel=\"canonical\" href=\"https:\/\/www.abidcars.com\/blog\/\ud83d\ude97-oferta-especial-\ud83d\ude97\/\" \/>\n<meta property=\"og:locale\" content=\"fr_FR\" \/>\n<meta property=\"og:type\" content=\"article\" \/>\n<meta property=\"og:title\" content=\"&#x1f697; oferta especial &#x1f697; - Abid Cars Blog\" \/>\n<meta property=\"og:description\" content=\"Oferta especial para el alquiler del Clio 5 de Abid Cars.\" \/>\n<meta property=\"og:url\" content=\"https:\/\/www.abidcars.com\/blog\/\ud83d\ude97-oferta-especial-\ud83d\ude97\/\" \/>\n<meta property=\"og:site_name\" content=\"Abid Cars Blog\" \/>\n<meta property=\"article:publisher\" content=\"https:\/\/www.facebook.com\/pages\/Abid-Cars-Location-de-voitures-au-Maroc-Car-rental-in-Morocco\/413704925369982\" \/>\n<meta property=\"article:published_time\" content=\"2023-11-13T11:12:29+00:00\" \/>\n<meta property=\"article:modified_time\" content=\"2023-11-13T11:12:30+00:00\" \/>\n<meta property=\"og:image\" content=\"https:\/\/www.abidcars.com\/blog\/wp-content\/uploads\/2023\/11\/Oferta-especial-AbidCars.png\" \/>\n\t<meta property=\"og:image:width\" content=\"900\" \/>\n\t<meta property=\"og:image:height\" content=\"538\" \/>\n\t<meta property=\"og:image:type\" content=\"image\/png\" \/>\n<meta name=\"author\" content=\"Abdelfattah\" \/>\n<meta name=\"twitter:card\" content=\"summary_large_image\" \/>\n<meta name=\"twitter:creator\" content=\"@ABIDCARS\" \/>\n<meta name=\"twitter:site\" content=\"@ABIDCARS\" \/>\n<meta name=\"twitter:label1\" content=\"\u00c9crit par\" \/>\n\t<meta name=\"twitter:data1\" content=\"Abdelfattah\" \/>\n\t<meta name=\"twitter:label2\" content=\"Dur\u00e9e de lecture estim\u00e9e\" \/>\n\t<meta name=\"twitter:data2\" content=\"1 minute\" \/>\n<script type=\"application\/ld+json\" class=\"yoast-schema-graph\">{\"@context\":\"https:\\\/\\\/schema.org\",\"@graph\":[{\"@type\":\"Article\",\"@id\":\"https:\\\/\\\/www.abidcars.com\\\/blog\\\/%f0%9f%9a%97-oferta-especial-%f0%9f%9a%97\\\/#article\",\"isPartOf\":{\"@id\":\"https:\\\/\\\/www.abidcars.com\\\/blog\\\/%f0%9f%9a%97-oferta-especial-%f0%9f%9a%97\\\/\"},\"author\":{\"name\":\"Abdelfattah\",\"@id\":\"https:\\\/\\\/www.abidcars.com\\\/blog\\\/#\\\/schema\\\/person\\\/d475f925a381ead288b0eb44b145f8e8\"},\"headline\":\"&#x1f697; oferta especial &#x1f697;\",\"datePublished\":\"2023-11-13T11:12:29+00:00\",\"dateModified\":\"2023-11-13T11:12:30+00:00\",\"mainEntityOfPage\":{\"@id\":\"https:\\\/\\\/www.abidcars.com\\\/blog\\\/%f0%9f%9a%97-oferta-especial-%f0%9f%9a%97\\\/\"},\"wordCount\":156,\"commentCount\":0,\"publisher\":{\"@id\":\"https:\\\/\\\/www.abidcars.com\\\/blog\\\/#organization\"},\"image\":{\"@id\":\"https:\\\/\\\/www.abidcars.com\\\/blog\\\/%f0%9f%9a%97-oferta-especial-%f0%9f%9a%97\\\/#primaryimage\"},\"thumbnailUrl\":\"https:\\\/\\\/www.abidcars.com\\\/blog\\\/wp-content\\\/uploads\\\/2023\\\/11\\\/Oferta-especial-AbidCars.png\",\"articleSection\":[\"Agadir\",\"Espa\u00f1ol\",\"promo\"],\"inLanguage\":\"fr-FR\",\"potentialAction\":[{\"@type\":\"CommentAction\",\"name\":\"Comment\",\"target\":[\"https:\\\/\\\/www.abidcars.com\\\/blog\\\/%f0%9f%9a%97-oferta-especial-%f0%9f%9a%97\\\/#respond\"]}]},{\"@type\":\"WebPage\",\"@id\":\"https:\\\/\\\/www.abidcars.com\\\/blog\\\/%f0%9f%9a%97-oferta-especial-%f0%9f%9a%97\\\/\",\"url\":\"https:\\\/\\\/www.abidcars.com\\\/blog\\\/%f0%9f%9a%97-oferta-especial-%f0%9f%9a%97\\\/\",\"name\":\"&#x1f697; oferta especial &#x1f697; - Abid Cars Blog\",\"isPartOf\":{\"@id\":\"https:\\\/\\\/www.abidcars.com\\\/blog\\\/#website\"},\"primaryImageOfPage\":{\"@id\":\"https:\\\/\\\/www.abidcars.com\\\/blog\\\/%f0%9f%9a%97-oferta-especial-%f0%9f%9a%97\\\/#primaryimage\"},\"image\":{\"@id\":\"https:\\\/\\\/www.abidcars.com\\\/blog\\\/%f0%9f%9a%97-oferta-especial-%f0%9f%9a%97\\\/#primaryimage\"},\"thumbnailUrl\":\"https:\\\/\\\/www.abidcars.com\\\/blog\\\/wp-content\\\/uploads\\\/2023\\\/11\\\/Oferta-especial-AbidCars.png\",\"datePublished\":\"2023-11-13T11:12:29+00:00\",\"dateModified\":\"2023-11-13T11:12:30+00:00\",\"description\":\"Oferta especial para el alquiler del Clio 5 de Abid Cars.\",\"breadcrumb\":{\"@id\":\"https:\\\/\\\/www.abidcars.com\\\/blog\\\/%f0%9f%9a%97-oferta-especial-%f0%9f%9a%97\\\/#breadcrumb\"},\"inLanguage\":\"fr-FR\",\"potentialAction\":[{\"@type\":\"ReadAction\",\"target\":[\"https:\\\/\\\/www.abidcars.com\\\/blog\\\/%f0%9f%9a%97-oferta-especial-%f0%9f%9a%97\\\/\"]}]},{\"@type\":\"ImageObject\",\"inLanguage\":\"fr-FR\",\"@id\":\"https:\\\/\\\/www.abidcars.com\\\/blog\\\/%f0%9f%9a%97-oferta-especial-%f0%9f%9a%97\\\/#primaryimage\",\"url\":\"https:\\\/\\\/www.abidcars.com\\\/blog\\\/wp-content\\\/uploads\\\/2023\\\/11\\\/Oferta-especial-AbidCars.png\",\"contentUrl\":\"https:\\\/\\\/www.abidcars.com\\\/blog\\\/wp-content\\\/uploads\\\/2023\\\/11\\\/Oferta-especial-AbidCars.png\",\"width\":900,\"height\":538,\"caption\":\"oferta especial\"},{\"@type\":\"BreadcrumbList\",\"@id\":\"https:\\\/\\\/www.abidcars.com\\\/blog\\\/%f0%9f%9a%97-oferta-especial-%f0%9f%9a%97\\\/#breadcrumb\",\"itemListElement\":[{\"@type\":\"ListItem\",\"position\":1,\"name\":\"Blog\",\"item\":\"https:\\\/\\\/www.abidcars.com\\\/blog\\\/\"},{\"@type\":\"ListItem\",\"position\":2,\"name\":\"&#x1f697; oferta especial &#x1f697;\"}]},{\"@type\":\"WebSite\",\"@id\":\"https:\\\/\\\/www.abidcars.com\\\/blog\\\/#website\",\"url\":\"https:\\\/\\\/www.abidcars.com\\\/blog\\\/\",\"name\":\"Abid Cars Blog\",\"description\":\"Blog th\u00e9matique sur le Maroc, les voitures et la location des voitures au Maroc\",\"publisher\":{\"@id\":\"https:\\\/\\\/www.abidcars.com\\\/blog\\\/#organization\"},\"potentialAction\":[{\"@type\":\"SearchAction\",\"target\":{\"@type\":\"EntryPoint\",\"urlTemplate\":\"https:\\\/\\\/www.abidcars.com\\\/blog\\\/?s={search_term_string}\"},\"query-input\":{\"@type\":\"PropertyValueSpecification\",\"valueRequired\":true,\"valueName\":\"search_term_string\"}}],\"inLanguage\":\"fr-FR\"},{\"@type\":\"Organization\",\"@id\":\"https:\\\/\\\/www.abidcars.com\\\/blog\\\/#organization\",\"name\":\"Abid Cars Blog\",\"url\":\"https:\\\/\\\/www.abidcars.com\\\/blog\\\/\",\"logo\":{\"@type\":\"ImageObject\",\"inLanguage\":\"fr-FR\",\"@id\":\"https:\\\/\\\/www.abidcars.com\\\/blog\\\/#\\\/schema\\\/logo\\\/image\\\/\",\"url\":\"https:\\\/\\\/www.abidcars.com\\\/blog\\\/wp-content\\\/uploads\\\/2016\\\/05\\\/annif-logo-en.png\",\"contentUrl\":\"https:\\\/\\\/www.abidcars.com\\\/blog\\\/wp-content\\\/uploads\\\/2016\\\/05\\\/annif-logo-en.png\",\"width\":446,\"height\":133,\"caption\":\"Abid Cars Blog\"},\"image\":{\"@id\":\"https:\\\/\\\/www.abidcars.com\\\/blog\\\/#\\\/schema\\\/logo\\\/image\\\/\"},\"sameAs\":[\"https:\\\/\\\/www.facebook.com\\\/pages\\\/Abid-Cars-Location-de-voitures-au-Maroc-Car-rental-in-Morocco\\\/413704925369982\",\"https:\\\/\\\/x.com\\\/ABIDCARS\"]},{\"@type\":\"Person\",\"@id\":\"https:\\\/\\\/www.abidcars.com\\\/blog\\\/#\\\/schema\\\/person\\\/d475f925a381ead288b0eb44b145f8e8\",\"name\":\"Abdelfattah\",\"image\":{\"@type\":\"ImageObject\",\"inLanguage\":\"fr-FR\",\"@id\":\"https:\\\/\\\/secure.gravatar.com\\\/avatar\\\/bd23cf0a0a3f76f543db86841c253e0696b7e64d54aefdcde941371b70335f5d?s=96&d=initials&r=g&initials=sa\",\"url\":\"https:\\\/\\\/secure.gravatar.com\\\/avatar\\\/bd23cf0a0a3f76f543db86841c253e0696b7e64d54aefdcde941371b70335f5d?s=96&d=initials&r=g&initials=sa\",\"contentUrl\":\"https:\\\/\\\/secure.gravatar.com\\\/avatar\\\/bd23cf0a0a3f76f543db86841c253e0696b7e64d54aefdcde941371b70335f5d?s=96&d=initials&r=g&initials=sa\",\"caption\":\"Abdelfattah\"},\"sameAs\":[\"https:\\\/\\\/www.t-t.ma\"],\"url\":\"https:\\\/\\\/www.abidcars.com\\\/blog\\\/author\\\/s-abdelfattah\\\/\"}]}<\/script>\n<!-- \/ Yoast SEO plugin. -->","yoast_head_json":{"title":"&#x1f697; oferta especial &#x1f697; - Abid Cars Blog","description":"Oferta especial para el alquiler del Clio 5 de Abid Cars.","robots":{"index":"index","follow":"follow","max-snippet":"max-snippet:-1","max-image-preview":"max-image-preview:large","max-video-preview":"max-video-preview:-1"},"canonical":"https:\/\/www.abidcars.com\/blog\/\ud83d\ude97-oferta-especial-\ud83d\ude97\/","og_locale":"fr_FR","og_type":"article","og_title":"&#x1f697; oferta especial &#x1f697; - Abid Cars Blog","og_description":"Oferta especial para el alquiler del Clio 5 de Abid Cars.","og_url":"https:\/\/www.abidcars.com\/blog\/\ud83d\ude97-oferta-especial-\ud83d\ude97\/","og_site_name":"Abid Cars Blog","article_publisher":"https:\/\/www.facebook.com\/pages\/Abid-Cars-Location-de-voitures-au-Maroc-Car-rental-in-Morocco\/413704925369982","article_published_time":"2023-11-13T11:12:29+00:00","article_modified_time":"2023-11-13T11:12:30+00:00","og_image":[{"width":900,"height":538,"url":"https:\/\/www.abidcars.com\/blog\/wp-content\/uploads\/2023\/11\/Oferta-especial-AbidCars.png","type":"image\/png"}],"author":"Abdelfattah","twitter_card":"summary_large_image","twitter_creator":"@ABIDCARS","twitter_site":"@ABIDCARS","twitter_misc":{"\u00c9crit par":"Abdelfattah","Dur\u00e9e de lecture estim\u00e9e":"1 minute"},"schema":{"@context":"https:\/\/schema.org","@graph":[{"@type":"Article","@id":"https:\/\/www.abidcars.com\/blog\/%f0%9f%9a%97-oferta-especial-%f0%9f%9a%97\/#article","isPartOf":{"@id":"https:\/\/www.abidcars.com\/blog\/%f0%9f%9a%97-oferta-especial-%f0%9f%9a%97\/"},"author":{"name":"Abdelfattah","@id":"https:\/\/www.abidcars.com\/blog\/#\/schema\/person\/d475f925a381ead288b0eb44b145f8e8"},"headline":"&#x1f697; oferta especial &#x1f697;","datePublished":"2023-11-13T11:12:29+00:00","dateModified":"2023-11-13T11:12:30+00:00","mainEntityOfPage":{"@id":"https:\/\/www.abidcars.com\/blog\/%f0%9f%9a%97-oferta-especial-%f0%9f%9a%97\/"},"wordCount":156,"commentCount":0,"publisher":{"@id":"https:\/\/www.abidcars.com\/blog\/#organization"},"image":{"@id":"https:\/\/www.abidcars.com\/blog\/%f0%9f%9a%97-oferta-especial-%f0%9f%9a%97\/#primaryimage"},"thumbnailUrl":"https:\/\/www.abidcars.com\/blog\/wp-content\/uploads\/2023\/11\/Oferta-especial-AbidCars.png","articleSection":["Agadir","Espa\u00f1ol","promo"],"inLanguage":"fr-FR","potentialAction":[{"@type":"CommentAction","name":"Comment","target":["https:\/\/www.abidcars.com\/blog\/%f0%9f%9a%97-oferta-especial-%f0%9f%9a%97\/#respond"]}]},{"@type":"WebPage","@id":"https:\/\/www.abidcars.com\/blog\/%f0%9f%9a%97-oferta-especial-%f0%9f%9a%97\/","url":"https:\/\/www.abidcars.com\/blog\/%f0%9f%9a%97-oferta-especial-%f0%9f%9a%97\/","name":"&#x1f697; oferta especial &#x1f697; - Abid Cars Blog","isPartOf":{"@id":"https:\/\/www.abidcars.com\/blog\/#website"},"primaryImageOfPage":{"@id":"https:\/\/www.abidcars.com\/blog\/%f0%9f%9a%97-oferta-especial-%f0%9f%9a%97\/#primaryimage"},"image":{"@id":"https:\/\/www.abidcars.com\/blog\/%f0%9f%9a%97-oferta-especial-%f0%9f%9a%97\/#primaryimage"},"thumbnailUrl":"https:\/\/www.abidcars.com\/blog\/wp-content\/uploads\/2023\/11\/Oferta-especial-AbidCars.png","datePublished":"2023-11-13T11:12:29+00:00","dateModified":"2023-11-13T11:12:30+00:00","description":"Oferta especial para el alquiler del Clio 5 de Abid Cars.","breadcrumb":{"@id":"https:\/\/www.abidcars.com\/blog\/%f0%9f%9a%97-oferta-especial-%f0%9f%9a%97\/#breadcrumb"},"inLanguage":"fr-FR","potentialAction":[{"@type":"ReadAction","target":["https:\/\/www.abidcars.com\/blog\/%f0%9f%9a%97-oferta-especial-%f0%9f%9a%97\/"]}]},{"@type":"ImageObject","inLanguage":"fr-FR","@id":"https:\/\/www.abidcars.com\/blog\/%f0%9f%9a%97-oferta-especial-%f0%9f%9a%97\/#primaryimage","url":"https:\/\/www.abidcars.com\/blog\/wp-content\/uploads\/2023\/11\/Oferta-especial-AbidCars.png","contentUrl":"https:\/\/www.abidcars.com\/blog\/wp-content\/uploads\/2023\/11\/Oferta-especial-AbidCars.png","width":900,"height":538,"caption":"oferta especial"},{"@type":"BreadcrumbList","@id":"https:\/\/www.abidcars.com\/blog\/%f0%9f%9a%97-oferta-especial-%f0%9f%9a%97\/#breadcrumb","itemListElement":[{"@type":"ListItem","position":1,"name":"Blog","item":"https:\/\/www.abidcars.com\/blog\/"},{"@type":"ListItem","position":2,"name":"&#x1f697; oferta especial &#x1f697;"}]},{"@type":"WebSite","@id":"https:\/\/www.abidcars.com\/blog\/#website","url":"https:\/\/www.abidcars.com\/blog\/","name":"Abid Cars Blog","description":"Blog th\u00e9matique sur le Maroc, les voitures et la location des voitures au Maroc","publisher":{"@id":"https:\/\/www.abidcars.com\/blog\/#organization"},"potentialAction":[{"@type":"SearchAction","target":{"@type":"EntryPoint","urlTemplate":"https:\/\/www.abidcars.com\/blog\/?s={search_term_string}"},"query-input":{"@type":"PropertyValueSpecification","valueRequired":true,"valueName":"search_term_string"}}],"inLanguage":"fr-FR"},{"@type":"Organization","@id":"https:\/\/www.abidcars.com\/blog\/#organization","name":"Abid Cars Blog","url":"https:\/\/www.abidcars.com\/blog\/","logo":{"@type":"ImageObject","inLanguage":"fr-FR","@id":"https:\/\/www.abidcars.com\/blog\/#\/schema\/logo\/image\/","url":"https:\/\/www.abidcars.com\/blog\/wp-content\/uploads\/2016\/05\/annif-logo-en.png","contentUrl":"https:\/\/www.abidcars.com\/blog\/wp-content\/uploads\/2016\/05\/annif-logo-en.png","width":446,"height":133,"caption":"Abid Cars Blog"},"image":{"@id":"https:\/\/www.abidcars.com\/blog\/#\/schema\/logo\/image\/"},"sameAs":["https:\/\/www.facebook.com\/pages\/Abid-Cars-Location-de-voitures-au-Maroc-Car-rental-in-Morocco\/413704925369982","https:\/\/x.com\/ABIDCARS"]},{"@type":"Person","@id":"https:\/\/www.abidcars.com\/blog\/#\/schema\/person\/d475f925a381ead288b0eb44b145f8e8","name":"Abdelfattah","image":{"@type":"ImageObject","inLanguage":"fr-FR","@id":"https:\/\/secure.gravatar.com\/avatar\/bd23cf0a0a3f76f543db86841c253e0696b7e64d54aefdcde941371b70335f5d?s=96&d=initials&r=g&initials=sa","url":"https:\/\/secure.gravatar.com\/avatar\/bd23cf0a0a3f76f543db86841c253e0696b7e64d54aefdcde941371b70335f5d?s=96&d=initials&r=g&initials=sa","contentUrl":"https:\/\/secure.gravatar.com\/avatar\/bd23cf0a0a3f76f543db86841c253e0696b7e64d54aefdcde941371b70335f5d?s=96&d=initials&r=g&initials=sa","caption":"Abdelfattah"},"sameAs":["https:\/\/www.t-t.ma"],"url":"https:\/\/www.abidcars.com\/blog\/author\/s-abdelfattah\/"}]}},"amp_enabled":true,"_links":{"self":[{"href":"https:\/\/www.abidcars.com\/blog\/wp-json\/wp\/v2\/posts\/1188","targetHints":{"allow":["GET"]}}],"collection":[{"href":"https:\/\/www.abidcars.com\/blog\/wp-json\/wp\/v2\/posts"}],"about":[{"href":"https:\/\/www.abidcars.com\/blog\/wp-json\/wp\/v2\/types\/post"}],"author":[{"embeddable":true,"href":"https:\/\/www.abidcars.com\/blog\/wp-json\/wp\/v2\/users\/7"}],"replies":[{"embeddable":true,"href":"https:\/\/www.abidcars.com\/blog\/wp-json\/wp\/v2\/comments?post=1188"}],"version-history":[{"count":1,"href":"https:\/\/www.abidcars.com\/blog\/wp-json\/wp\/v2\/posts\/1188\/revisions"}],"predecessor-version":[{"id":1190,"href":"https:\/\/www.abidcars.com\/blog\/wp-json\/wp\/v2\/posts\/1188\/revisions\/1190"}],"wp:featuredmedia":[{"embeddable":true,"href":"https:\/\/www.abidcars.com\/blog\/wp-json\/wp\/v2\/media\/1189"}],"wp:attachment":[{"href":"https:\/\/www.abidcars.com\/blog\/wp-json\/wp\/v2\/media?parent=1188"}],"wp:term":[{"taxonomy":"category","embeddable":true,"href":"https:\/\/www.abidcars.com\/blog\/wp-json\/wp\/v2\/categories?post=1188"},{"taxonomy":"post_tag","embeddable":true,"href":"https:\/\/www.abidcars.com\/blog\/wp-json\/wp\/v2\/tags?post=1188"}],"curies":[{"name":"wp","href":"https:\/\/api.w.org\/{rel}","templated":true}]}}