{"id":1228,"date":"2025-09-16T17:57:10","date_gmt":"2025-09-16T16:57:10","guid":{"rendered":"https:\/\/www.abidcars.com\/blog\/?p=1228"},"modified":"2025-09-19T10:44:39","modified_gmt":"2025-09-19T09:44:39","slug":"promotion-clio5","status":"publish","type":"post","link":"https:\/\/www.abidcars.com\/blog\/promotion-clio5\/","title":{"rendered":"Promotion CLIO 5 Mois SEPTEMBRE!!"},"content":{"rendered":"\n<p>Pour vos d\u00e9placements \u00e0 <strong>Agadir<\/strong>, profitez de notre <strong>promotion sp\u00e9ciale de septembre<\/strong> et conduisez la toute nouvelle <strong>Renault Clio 5<\/strong>. Moderne, \u00e9l\u00e9gante et dynamique, la <strong>Clio 5<\/strong> vous garantit un confort de conduite optimal, que ce soit pour vos trajets en ville ou vos excursions le long de la c\u00f4te atlantique. Avec son design raffin\u00e9, ses \u00e9quipements de derni\u00e8re g\u00e9n\u00e9ration et sa consommation \u00e9conomique, elle est le choix id\u00e9al pour allier plaisir et praticit\u00e9. <\/p>\n\n\n\n<p>Et la bonne nouvelle ? Cette <strong>offre exclusive<\/strong> sur la <a href=\"https:\/\/www.abidcars.com\/108-location-de-voiture-RENAULT-CLIO5\"><strong>Clio 5<\/strong><\/a> est disponible <strong>\u00e0 partir de seulement 25\u20ac\/jour<\/strong> chez <a href=\"https:\/\/www.abidcars.com\/\"><strong>AbidCars<\/strong><\/a>! Une opportunit\u00e9 parfaite pour voyager \u00e0 petit prix sans compromettre la qualit\u00e9 et le style. R\u00e9servez d\u00e8s aujourd\u2019hui et profitez d\u2019une voiture fiable et performante pour d\u00e9couvrir <strong>Agadir<\/strong> et ses alentours en toute libert\u00e9.<\/p>\n","protected":false},"excerpt":{"rendered":"<p>Pour vos d\u00e9placements \u00e0 Agadir, profitez de notre promotion sp\u00e9ciale de septembre [&hellip;]<\/p>\n","protected":false},"author":7,"featured_media":1229,"comment_status":"open","ping_status":"open","sticky":false,"template":"","format":"standard","meta":{"footnotes":""},"categories":[96,2,100],"tags":[],"class_list":["post-1228","post","type-post","status-publish","format-standard","has-post-thumbnail","hentry","category-agadir","category-fr","category-promo"],"yoast_head":"<!-- This site is optimized with the Yoast SEO plugin v27.4 - https:\/\/yoast.com\/product\/yoast-seo-wordpress\/ -->\n<title>Promotion CLIO 5 Mois SEPTEMBRE!! - Abid Cars Blog<\/title>\n<meta name=\"description\" content=\"promotion sp\u00e9ciale de septembre sur la toute nouvelle Renault Clio 5, disponible \u00e0 partir de seulement 25\u20ac\/jour chez AbidCars!\" \/>\n<meta name=\"robots\" content=\"index, follow, max-snippet:-1, max-image-preview:large, max-video-preview:-1\" \/>\n<link rel=\"canonical\" href=\"https:\/\/www.abidcars.com\/blog\/promotion-clio5\/\" \/>\n<meta property=\"og:locale\" content=\"fr_FR\" \/>\n<meta property=\"og:type\" content=\"article\" \/>\n<meta property=\"og:title\" content=\"Promotion CLIO 5 Mois SEPTEMBRE!! - Abid Cars Blog\" \/>\n<meta property=\"og:description\" content=\"promotion sp\u00e9ciale de septembre sur la toute nouvelle Renault Clio 5, disponible \u00e0 partir de seulement 25\u20ac\/jour chez AbidCars!\" \/>\n<meta property=\"og:url\" content=\"https:\/\/www.abidcars.com\/blog\/promotion-clio5\/\" \/>\n<meta property=\"og:site_name\" content=\"Abid Cars Blog\" \/>\n<meta property=\"article:publisher\" content=\"https:\/\/www.facebook.com\/pages\/Abid-Cars-Location-de-voitures-au-Maroc-Car-rental-in-Morocco\/413704925369982\" \/>\n<meta property=\"article:published_time\" content=\"2025-09-16T16:57:10+00:00\" \/>\n<meta property=\"article:modified_time\" content=\"2025-09-19T09:44:39+00:00\" \/>\n<meta property=\"og:image\" content=\"https:\/\/www.abidcars.com\/blog\/wp-content\/uploads\/2025\/09\/Promo-Septembre-Agadir.png\" \/>\n\t<meta property=\"og:image:width\" content=\"600\" \/>\n\t<meta property=\"og:image:height\" content=\"300\" \/>\n\t<meta property=\"og:image:type\" content=\"image\/png\" \/>\n<meta name=\"author\" content=\"Abdelfattah\" \/>\n<meta name=\"twitter:card\" content=\"summary_large_image\" \/>\n<meta name=\"twitter:creator\" content=\"@ABIDCARS\" \/>\n<meta name=\"twitter:site\" content=\"@ABIDCARS\" \/>\n<meta name=\"twitter:label1\" content=\"\u00c9crit par\" \/>\n\t<meta name=\"twitter:data1\" content=\"Abdelfattah\" \/>\n\t<meta name=\"twitter:label2\" content=\"Dur\u00e9e de lecture estim\u00e9e\" \/>\n\t<meta name=\"twitter:data2\" content=\"1 minute\" \/>\n<script type=\"application\/ld+json\" class=\"yoast-schema-graph\">{\"@context\":\"https:\\\/\\\/schema.org\",\"@graph\":[{\"@type\":\"Article\",\"@id\":\"https:\\\/\\\/www.abidcars.com\\\/blog\\\/promotion-clio5\\\/#article\",\"isPartOf\":{\"@id\":\"https:\\\/\\\/www.abidcars.com\\\/blog\\\/promotion-clio5\\\/\"},\"author\":{\"name\":\"Abdelfattah\",\"@id\":\"https:\\\/\\\/www.abidcars.com\\\/blog\\\/#\\\/schema\\\/person\\\/d475f925a381ead288b0eb44b145f8e8\"},\"headline\":\"Promotion CLIO 5 Mois SEPTEMBRE!!\",\"datePublished\":\"2025-09-16T16:57:10+00:00\",\"dateModified\":\"2025-09-19T09:44:39+00:00\",\"mainEntityOfPage\":{\"@id\":\"https:\\\/\\\/www.abidcars.com\\\/blog\\\/promotion-clio5\\\/\"},\"wordCount\":139,\"commentCount\":0,\"publisher\":{\"@id\":\"https:\\\/\\\/www.abidcars.com\\\/blog\\\/#organization\"},\"image\":{\"@id\":\"https:\\\/\\\/www.abidcars.com\\\/blog\\\/promotion-clio5\\\/#primaryimage\"},\"thumbnailUrl\":\"https:\\\/\\\/www.abidcars.com\\\/blog\\\/wp-content\\\/uploads\\\/2025\\\/09\\\/Promo-Septembre-Agadir.png\",\"articleSection\":[\"Agadir\",\"Fran\u00e7ais\",\"promo\"],\"inLanguage\":\"fr-FR\",\"potentialAction\":[{\"@type\":\"CommentAction\",\"name\":\"Comment\",\"target\":[\"https:\\\/\\\/www.abidcars.com\\\/blog\\\/promotion-clio5\\\/#respond\"]}]},{\"@type\":\"WebPage\",\"@id\":\"https:\\\/\\\/www.abidcars.com\\\/blog\\\/promotion-clio5\\\/\",\"url\":\"https:\\\/\\\/www.abidcars.com\\\/blog\\\/promotion-clio5\\\/\",\"name\":\"Promotion CLIO 5 Mois SEPTEMBRE!! - Abid Cars Blog\",\"isPartOf\":{\"@id\":\"https:\\\/\\\/www.abidcars.com\\\/blog\\\/#website\"},\"primaryImageOfPage\":{\"@id\":\"https:\\\/\\\/www.abidcars.com\\\/blog\\\/promotion-clio5\\\/#primaryimage\"},\"image\":{\"@id\":\"https:\\\/\\\/www.abidcars.com\\\/blog\\\/promotion-clio5\\\/#primaryimage\"},\"thumbnailUrl\":\"https:\\\/\\\/www.abidcars.com\\\/blog\\\/wp-content\\\/uploads\\\/2025\\\/09\\\/Promo-Septembre-Agadir.png\",\"datePublished\":\"2025-09-16T16:57:10+00:00\",\"dateModified\":\"2025-09-19T09:44:39+00:00\",\"description\":\"promotion sp\u00e9ciale de septembre sur la toute nouvelle Renault Clio 5, disponible \u00e0 partir de seulement 25\u20ac\\\/jour chez AbidCars!\",\"breadcrumb\":{\"@id\":\"https:\\\/\\\/www.abidcars.com\\\/blog\\\/promotion-clio5\\\/#breadcrumb\"},\"inLanguage\":\"fr-FR\",\"potentialAction\":[{\"@type\":\"ReadAction\",\"target\":[\"https:\\\/\\\/www.abidcars.com\\\/blog\\\/promotion-clio5\\\/\"]}]},{\"@type\":\"ImageObject\",\"inLanguage\":\"fr-FR\",\"@id\":\"https:\\\/\\\/www.abidcars.com\\\/blog\\\/promotion-clio5\\\/#primaryimage\",\"url\":\"https:\\\/\\\/www.abidcars.com\\\/blog\\\/wp-content\\\/uploads\\\/2025\\\/09\\\/Promo-Septembre-Agadir.png\",\"contentUrl\":\"https:\\\/\\\/www.abidcars.com\\\/blog\\\/wp-content\\\/uploads\\\/2025\\\/09\\\/Promo-Septembre-Agadir.png\",\"width\":600,\"height\":300,\"caption\":\"Promo Clio 5\"},{\"@type\":\"BreadcrumbList\",\"@id\":\"https:\\\/\\\/www.abidcars.com\\\/blog\\\/promotion-clio5\\\/#breadcrumb\",\"itemListElement\":[{\"@type\":\"ListItem\",\"position\":1,\"name\":\"Blog\",\"item\":\"https:\\\/\\\/www.abidcars.com\\\/blog\\\/\"},{\"@type\":\"ListItem\",\"position\":2,\"name\":\"Promotion CLIO 5 Mois SEPTEMBRE!!\"}]},{\"@type\":\"WebSite\",\"@id\":\"https:\\\/\\\/www.abidcars.com\\\/blog\\\/#website\",\"url\":\"https:\\\/\\\/www.abidcars.com\\\/blog\\\/\",\"name\":\"Abid Cars Blog\",\"description\":\"Blog th\u00e9matique sur le Maroc, les voitures et la location des voitures au Maroc\",\"publisher\":{\"@id\":\"https:\\\/\\\/www.abidcars.com\\\/blog\\\/#organization\"},\"potentialAction\":[{\"@type\":\"SearchAction\",\"target\":{\"@type\":\"EntryPoint\",\"urlTemplate\":\"https:\\\/\\\/www.abidcars.com\\\/blog\\\/?s={search_term_string}\"},\"query-input\":{\"@type\":\"PropertyValueSpecification\",\"valueRequired\":true,\"valueName\":\"search_term_string\"}}],\"inLanguage\":\"fr-FR\"},{\"@type\":\"Organization\",\"@id\":\"https:\\\/\\\/www.abidcars.com\\\/blog\\\/#organization\",\"name\":\"Abid Cars Blog\",\"url\":\"https:\\\/\\\/www.abidcars.com\\\/blog\\\/\",\"logo\":{\"@type\":\"ImageObject\",\"inLanguage\":\"fr-FR\",\"@id\":\"https:\\\/\\\/www.abidcars.com\\\/blog\\\/#\\\/schema\\\/logo\\\/image\\\/\",\"url\":\"https:\\\/\\\/www.abidcars.com\\\/blog\\\/wp-content\\\/uploads\\\/2016\\\/05\\\/annif-logo-en.png\",\"contentUrl\":\"https:\\\/\\\/www.abidcars.com\\\/blog\\\/wp-content\\\/uploads\\\/2016\\\/05\\\/annif-logo-en.png\",\"width\":446,\"height\":133,\"caption\":\"Abid Cars Blog\"},\"image\":{\"@id\":\"https:\\\/\\\/www.abidcars.com\\\/blog\\\/#\\\/schema\\\/logo\\\/image\\\/\"},\"sameAs\":[\"https:\\\/\\\/www.facebook.com\\\/pages\\\/Abid-Cars-Location-de-voitures-au-Maroc-Car-rental-in-Morocco\\\/413704925369982\",\"https:\\\/\\\/x.com\\\/ABIDCARS\"]},{\"@type\":\"Person\",\"@id\":\"https:\\\/\\\/www.abidcars.com\\\/blog\\\/#\\\/schema\\\/person\\\/d475f925a381ead288b0eb44b145f8e8\",\"name\":\"Abdelfattah\",\"image\":{\"@type\":\"ImageObject\",\"inLanguage\":\"fr-FR\",\"@id\":\"https:\\\/\\\/secure.gravatar.com\\\/avatar\\\/bd23cf0a0a3f76f543db86841c253e0696b7e64d54aefdcde941371b70335f5d?s=96&d=initials&r=g&initials=sa\",\"url\":\"https:\\\/\\\/secure.gravatar.com\\\/avatar\\\/bd23cf0a0a3f76f543db86841c253e0696b7e64d54aefdcde941371b70335f5d?s=96&d=initials&r=g&initials=sa\",\"contentUrl\":\"https:\\\/\\\/secure.gravatar.com\\\/avatar\\\/bd23cf0a0a3f76f543db86841c253e0696b7e64d54aefdcde941371b70335f5d?s=96&d=initials&r=g&initials=sa\",\"caption\":\"Abdelfattah\"},\"sameAs\":[\"https:\\\/\\\/www.t-t.ma\"],\"url\":\"https:\\\/\\\/www.abidcars.com\\\/blog\\\/author\\\/s-abdelfattah\\\/\"}]}<\/script>\n<!-- \/ Yoast SEO plugin. -->","yoast_head_json":{"title":"Promotion CLIO 5 Mois SEPTEMBRE!! - Abid Cars Blog","description":"promotion sp\u00e9ciale de septembre sur la toute nouvelle Renault Clio 5, disponible \u00e0 partir de seulement 25\u20ac\/jour chez AbidCars!","robots":{"index":"index","follow":"follow","max-snippet":"max-snippet:-1","max-image-preview":"max-image-preview:large","max-video-preview":"max-video-preview:-1"},"canonical":"https:\/\/www.abidcars.com\/blog\/promotion-clio5\/","og_locale":"fr_FR","og_type":"article","og_title":"Promotion CLIO 5 Mois SEPTEMBRE!! - Abid Cars Blog","og_description":"promotion sp\u00e9ciale de septembre sur la toute nouvelle Renault Clio 5, disponible \u00e0 partir de seulement 25\u20ac\/jour chez AbidCars!","og_url":"https:\/\/www.abidcars.com\/blog\/promotion-clio5\/","og_site_name":"Abid Cars Blog","article_publisher":"https:\/\/www.facebook.com\/pages\/Abid-Cars-Location-de-voitures-au-Maroc-Car-rental-in-Morocco\/413704925369982","article_published_time":"2025-09-16T16:57:10+00:00","article_modified_time":"2025-09-19T09:44:39+00:00","og_image":[{"width":600,"height":300,"url":"https:\/\/www.abidcars.com\/blog\/wp-content\/uploads\/2025\/09\/Promo-Septembre-Agadir.png","type":"image\/png"}],"author":"Abdelfattah","twitter_card":"summary_large_image","twitter_creator":"@ABIDCARS","twitter_site":"@ABIDCARS","twitter_misc":{"\u00c9crit par":"Abdelfattah","Dur\u00e9e de lecture estim\u00e9e":"1 minute"},"schema":{"@context":"https:\/\/schema.org","@graph":[{"@type":"Article","@id":"https:\/\/www.abidcars.com\/blog\/promotion-clio5\/#article","isPartOf":{"@id":"https:\/\/www.abidcars.com\/blog\/promotion-clio5\/"},"author":{"name":"Abdelfattah","@id":"https:\/\/www.abidcars.com\/blog\/#\/schema\/person\/d475f925a381ead288b0eb44b145f8e8"},"headline":"Promotion CLIO 5 Mois SEPTEMBRE!!","datePublished":"2025-09-16T16:57:10+00:00","dateModified":"2025-09-19T09:44:39+00:00","mainEntityOfPage":{"@id":"https:\/\/www.abidcars.com\/blog\/promotion-clio5\/"},"wordCount":139,"commentCount":0,"publisher":{"@id":"https:\/\/www.abidcars.com\/blog\/#organization"},"image":{"@id":"https:\/\/www.abidcars.com\/blog\/promotion-clio5\/#primaryimage"},"thumbnailUrl":"https:\/\/www.abidcars.com\/blog\/wp-content\/uploads\/2025\/09\/Promo-Septembre-Agadir.png","articleSection":["Agadir","Fran\u00e7ais","promo"],"inLanguage":"fr-FR","potentialAction":[{"@type":"CommentAction","name":"Comment","target":["https:\/\/www.abidcars.com\/blog\/promotion-clio5\/#respond"]}]},{"@type":"WebPage","@id":"https:\/\/www.abidcars.com\/blog\/promotion-clio5\/","url":"https:\/\/www.abidcars.com\/blog\/promotion-clio5\/","name":"Promotion CLIO 5 Mois SEPTEMBRE!! - Abid Cars Blog","isPartOf":{"@id":"https:\/\/www.abidcars.com\/blog\/#website"},"primaryImageOfPage":{"@id":"https:\/\/www.abidcars.com\/blog\/promotion-clio5\/#primaryimage"},"image":{"@id":"https:\/\/www.abidcars.com\/blog\/promotion-clio5\/#primaryimage"},"thumbnailUrl":"https:\/\/www.abidcars.com\/blog\/wp-content\/uploads\/2025\/09\/Promo-Septembre-Agadir.png","datePublished":"2025-09-16T16:57:10+00:00","dateModified":"2025-09-19T09:44:39+00:00","description":"promotion sp\u00e9ciale de septembre sur la toute nouvelle Renault Clio 5, disponible \u00e0 partir de seulement 25\u20ac\/jour chez AbidCars!","breadcrumb":{"@id":"https:\/\/www.abidcars.com\/blog\/promotion-clio5\/#breadcrumb"},"inLanguage":"fr-FR","potentialAction":[{"@type":"ReadAction","target":["https:\/\/www.abidcars.com\/blog\/promotion-clio5\/"]}]},{"@type":"ImageObject","inLanguage":"fr-FR","@id":"https:\/\/www.abidcars.com\/blog\/promotion-clio5\/#primaryimage","url":"https:\/\/www.abidcars.com\/blog\/wp-content\/uploads\/2025\/09\/Promo-Septembre-Agadir.png","contentUrl":"https:\/\/www.abidcars.com\/blog\/wp-content\/uploads\/2025\/09\/Promo-Septembre-Agadir.png","width":600,"height":300,"caption":"Promo Clio 5"},{"@type":"BreadcrumbList","@id":"https:\/\/www.abidcars.com\/blog\/promotion-clio5\/#breadcrumb","itemListElement":[{"@type":"ListItem","position":1,"name":"Blog","item":"https:\/\/www.abidcars.com\/blog\/"},{"@type":"ListItem","position":2,"name":"Promotion CLIO 5 Mois SEPTEMBRE!!"}]},{"@type":"WebSite","@id":"https:\/\/www.abidcars.com\/blog\/#website","url":"https:\/\/www.abidcars.com\/blog\/","name":"Abid Cars Blog","description":"Blog th\u00e9matique sur le Maroc, les voitures et la location des voitures au Maroc","publisher":{"@id":"https:\/\/www.abidcars.com\/blog\/#organization"},"potentialAction":[{"@type":"SearchAction","target":{"@type":"EntryPoint","urlTemplate":"https:\/\/www.abidcars.com\/blog\/?s={search_term_string}"},"query-input":{"@type":"PropertyValueSpecification","valueRequired":true,"valueName":"search_term_string"}}],"inLanguage":"fr-FR"},{"@type":"Organization","@id":"https:\/\/www.abidcars.com\/blog\/#organization","name":"Abid Cars Blog","url":"https:\/\/www.abidcars.com\/blog\/","logo":{"@type":"ImageObject","inLanguage":"fr-FR","@id":"https:\/\/www.abidcars.com\/blog\/#\/schema\/logo\/image\/","url":"https:\/\/www.abidcars.com\/blog\/wp-content\/uploads\/2016\/05\/annif-logo-en.png","contentUrl":"https:\/\/www.abidcars.com\/blog\/wp-content\/uploads\/2016\/05\/annif-logo-en.png","width":446,"height":133,"caption":"Abid Cars Blog"},"image":{"@id":"https:\/\/www.abidcars.com\/blog\/#\/schema\/logo\/image\/"},"sameAs":["https:\/\/www.facebook.com\/pages\/Abid-Cars-Location-de-voitures-au-Maroc-Car-rental-in-Morocco\/413704925369982","https:\/\/x.com\/ABIDCARS"]},{"@type":"Person","@id":"https:\/\/www.abidcars.com\/blog\/#\/schema\/person\/d475f925a381ead288b0eb44b145f8e8","name":"Abdelfattah","image":{"@type":"ImageObject","inLanguage":"fr-FR","@id":"https:\/\/secure.gravatar.com\/avatar\/bd23cf0a0a3f76f543db86841c253e0696b7e64d54aefdcde941371b70335f5d?s=96&d=initials&r=g&initials=sa","url":"https:\/\/secure.gravatar.com\/avatar\/bd23cf0a0a3f76f543db86841c253e0696b7e64d54aefdcde941371b70335f5d?s=96&d=initials&r=g&initials=sa","contentUrl":"https:\/\/secure.gravatar.com\/avatar\/bd23cf0a0a3f76f543db86841c253e0696b7e64d54aefdcde941371b70335f5d?s=96&d=initials&r=g&initials=sa","caption":"Abdelfattah"},"sameAs":["https:\/\/www.t-t.ma"],"url":"https:\/\/www.abidcars.com\/blog\/author\/s-abdelfattah\/"}]}},"amp_enabled":true,"_links":{"self":[{"href":"https:\/\/www.abidcars.com\/blog\/wp-json\/wp\/v2\/posts\/1228","targetHints":{"allow":["GET"]}}],"collection":[{"href":"https:\/\/www.abidcars.com\/blog\/wp-json\/wp\/v2\/posts"}],"about":[{"href":"https:\/\/www.abidcars.com\/blog\/wp-json\/wp\/v2\/types\/post"}],"author":[{"embeddable":true,"href":"https:\/\/www.abidcars.com\/blog\/wp-json\/wp\/v2\/users\/7"}],"replies":[{"embeddable":true,"href":"https:\/\/www.abidcars.com\/blog\/wp-json\/wp\/v2\/comments?post=1228"}],"version-history":[{"count":2,"href":"https:\/\/www.abidcars.com\/blog\/wp-json\/wp\/v2\/posts\/1228\/revisions"}],"predecessor-version":[{"id":1241,"href":"https:\/\/www.abidcars.com\/blog\/wp-json\/wp\/v2\/posts\/1228\/revisions\/1241"}],"wp:featuredmedia":[{"embeddable":true,"href":"https:\/\/www.abidcars.com\/blog\/wp-json\/wp\/v2\/media\/1229"}],"wp:attachment":[{"href":"https:\/\/www.abidcars.com\/blog\/wp-json\/wp\/v2\/media?parent=1228"}],"wp:term":[{"taxonomy":"category","embeddable":true,"href":"https:\/\/www.abidcars.com\/blog\/wp-json\/wp\/v2\/categories?post=1228"},{"taxonomy":"post_tag","embeddable":true,"href":"https:\/\/www.abidcars.com\/blog\/wp-json\/wp\/v2\/tags?post=1228"}],"curies":[{"name":"wp","href":"https:\/\/api.w.org\/{rel}","templated":true}]}}