{"id":1235,"date":"2025-09-17T11:41:55","date_gmt":"2025-09-17T10:41:55","guid":{"rendered":"https:\/\/www.abidcars.com\/blog\/?p=1235"},"modified":"2025-09-19T10:41:53","modified_gmt":"2025-09-19T09:41:53","slug":"promotion-dacia-logan","status":"publish","type":"post","link":"https:\/\/www.abidcars.com\/blog\/promotion-dacia-logan\/","title":{"rendered":"Promotion DACIA LOGAN!!"},"content":{"rendered":"\n<p>Profitez de notre <strong>offre exceptionnelle de septembre sur la Dacia Logan<\/strong> ! Disponible d\u00e8s maintenant \u00e0 <strong>Marrakech<\/strong>, cette berline moderne et confortable est id\u00e9ale pour vos d\u00e9placements en ville comme pour vos excursions autour de la r\u00e9gion. Avec son design \u00e9l\u00e9gant, sa faible consommation de carburant et son espace int\u00e9rieur g\u00e9n\u00e9reux, la Dacia Logan est le choix parfait pour allier \u00e9conomie et confort lors de vos s\u00e9jours.<\/p>\n\n\n\n<p>Et le meilleur dans tout \u00e7a ? Vous pouvez louer votre <a href=\"https:\/\/www.abidcars.com\/117-location-de-voiture-DACIA-LOGAN-NEW\"><strong>Dacia Logan<\/strong> <strong>\u00e0 partir de seulement 25\u20ac\/jour<\/strong><\/a>chez<a href=\"https:\/\/www.abidcars.com\/\"><strong>AbidCars<\/strong><\/a> ! Ne manquez pas cette occasion unique de b\u00e9n\u00e9ficier d\u2019un prix imbattable pour une voiture fiable et pratique. R\u00e9servez d\u00e8s aujourd\u2019hui et profitez pleinement de vos trajets \u00e0 Marrakech avec une offre pens\u00e9e pour votre budget et vos besoins.<\/p>\n","protected":false},"excerpt":{"rendered":"<p>Profitez de notre offre exceptionnelle de septembre sur la Dacia Logan ! [&hellip;]<\/p>\n","protected":false},"author":7,"featured_media":1221,"comment_status":"open","ping_status":"open","sticky":false,"template":"","format":"standard","meta":{"footnotes":""},"categories":[2,98,100],"tags":[],"class_list":["post-1235","post","type-post","status-publish","format-standard","has-post-thumbnail","hentry","category-fr","category-marrakech","category-promo"],"yoast_head":"<!-- This site is optimized with the Yoast SEO plugin v27.4 - https:\/\/yoast.com\/product\/yoast-seo-wordpress\/ -->\n<title>Promotion DACIA LOGAN!! - Abid Cars Blog<\/title>\n<meta name=\"description\" content=\"Profitez de notre offre exceptionnelle de septembre sur la Dacia Logan ! Disponible d\u00e8s maintenant \u00e0 Marrakech!\" \/>\n<meta name=\"robots\" content=\"index, follow, max-snippet:-1, max-image-preview:large, max-video-preview:-1\" \/>\n<link rel=\"canonical\" href=\"https:\/\/www.abidcars.com\/blog\/promotion-dacia-logan\/\" \/>\n<meta property=\"og:locale\" content=\"fr_FR\" \/>\n<meta property=\"og:type\" content=\"article\" \/>\n<meta property=\"og:title\" content=\"Promotion DACIA LOGAN!! - Abid Cars Blog\" \/>\n<meta property=\"og:description\" content=\"Profitez de notre offre exceptionnelle de septembre sur la Dacia Logan ! Disponible d\u00e8s maintenant \u00e0 Marrakech!\" \/>\n<meta property=\"og:url\" content=\"https:\/\/www.abidcars.com\/blog\/promotion-dacia-logan\/\" \/>\n<meta property=\"og:site_name\" content=\"Abid Cars Blog\" \/>\n<meta property=\"article:publisher\" content=\"https:\/\/www.facebook.com\/pages\/Abid-Cars-Location-de-voitures-au-Maroc-Car-rental-in-Morocco\/413704925369982\" \/>\n<meta property=\"article:published_time\" content=\"2025-09-17T10:41:55+00:00\" \/>\n<meta property=\"article:modified_time\" content=\"2025-09-19T09:41:53+00:00\" \/>\n<meta property=\"og:image\" content=\"https:\/\/www.abidcars.com\/blog\/wp-content\/uploads\/2025\/09\/Promo.png\" \/>\n\t<meta property=\"og:image:width\" content=\"1536\" \/>\n\t<meta property=\"og:image:height\" content=\"1024\" \/>\n\t<meta property=\"og:image:type\" content=\"image\/png\" \/>\n<meta name=\"author\" content=\"Abdelfattah\" \/>\n<meta name=\"twitter:card\" content=\"summary_large_image\" \/>\n<meta name=\"twitter:creator\" content=\"@ABIDCARS\" \/>\n<meta name=\"twitter:site\" content=\"@ABIDCARS\" \/>\n<meta name=\"twitter:label1\" content=\"\u00c9crit par\" \/>\n\t<meta name=\"twitter:data1\" content=\"Abdelfattah\" \/>\n\t<meta name=\"twitter:label2\" content=\"Dur\u00e9e de lecture estim\u00e9e\" \/>\n\t<meta name=\"twitter:data2\" content=\"1 minute\" \/>\n<script type=\"application\/ld+json\" class=\"yoast-schema-graph\">{\"@context\":\"https:\\\/\\\/schema.org\",\"@graph\":[{\"@type\":\"Article\",\"@id\":\"https:\\\/\\\/www.abidcars.com\\\/blog\\\/promotion-dacia-logan\\\/#article\",\"isPartOf\":{\"@id\":\"https:\\\/\\\/www.abidcars.com\\\/blog\\\/promotion-dacia-logan\\\/\"},\"author\":{\"name\":\"Abdelfattah\",\"@id\":\"https:\\\/\\\/www.abidcars.com\\\/blog\\\/#\\\/schema\\\/person\\\/d475f925a381ead288b0eb44b145f8e8\"},\"headline\":\"Promotion DACIA LOGAN!!\",\"datePublished\":\"2025-09-17T10:41:55+00:00\",\"dateModified\":\"2025-09-19T09:41:53+00:00\",\"mainEntityOfPage\":{\"@id\":\"https:\\\/\\\/www.abidcars.com\\\/blog\\\/promotion-dacia-logan\\\/\"},\"wordCount\":139,\"commentCount\":0,\"publisher\":{\"@id\":\"https:\\\/\\\/www.abidcars.com\\\/blog\\\/#organization\"},\"image\":{\"@id\":\"https:\\\/\\\/www.abidcars.com\\\/blog\\\/promotion-dacia-logan\\\/#primaryimage\"},\"thumbnailUrl\":\"https:\\\/\\\/www.abidcars.com\\\/blog\\\/wp-content\\\/uploads\\\/2025\\\/09\\\/Promo.png\",\"articleSection\":[\"Fran\u00e7ais\",\"Marrakech\",\"promo\"],\"inLanguage\":\"fr-FR\",\"potentialAction\":[{\"@type\":\"CommentAction\",\"name\":\"Comment\",\"target\":[\"https:\\\/\\\/www.abidcars.com\\\/blog\\\/promotion-dacia-logan\\\/#respond\"]}]},{\"@type\":\"WebPage\",\"@id\":\"https:\\\/\\\/www.abidcars.com\\\/blog\\\/promotion-dacia-logan\\\/\",\"url\":\"https:\\\/\\\/www.abidcars.com\\\/blog\\\/promotion-dacia-logan\\\/\",\"name\":\"Promotion DACIA LOGAN!! - Abid Cars Blog\",\"isPartOf\":{\"@id\":\"https:\\\/\\\/www.abidcars.com\\\/blog\\\/#website\"},\"primaryImageOfPage\":{\"@id\":\"https:\\\/\\\/www.abidcars.com\\\/blog\\\/promotion-dacia-logan\\\/#primaryimage\"},\"image\":{\"@id\":\"https:\\\/\\\/www.abidcars.com\\\/blog\\\/promotion-dacia-logan\\\/#primaryimage\"},\"thumbnailUrl\":\"https:\\\/\\\/www.abidcars.com\\\/blog\\\/wp-content\\\/uploads\\\/2025\\\/09\\\/Promo.png\",\"datePublished\":\"2025-09-17T10:41:55+00:00\",\"dateModified\":\"2025-09-19T09:41:53+00:00\",\"description\":\"Profitez de notre offre exceptionnelle de septembre sur la Dacia Logan ! Disponible d\u00e8s maintenant \u00e0 Marrakech!\",\"breadcrumb\":{\"@id\":\"https:\\\/\\\/www.abidcars.com\\\/blog\\\/promotion-dacia-logan\\\/#breadcrumb\"},\"inLanguage\":\"fr-FR\",\"potentialAction\":[{\"@type\":\"ReadAction\",\"target\":[\"https:\\\/\\\/www.abidcars.com\\\/blog\\\/promotion-dacia-logan\\\/\"]}]},{\"@type\":\"ImageObject\",\"inLanguage\":\"fr-FR\",\"@id\":\"https:\\\/\\\/www.abidcars.com\\\/blog\\\/promotion-dacia-logan\\\/#primaryimage\",\"url\":\"https:\\\/\\\/www.abidcars.com\\\/blog\\\/wp-content\\\/uploads\\\/2025\\\/09\\\/Promo.png\",\"contentUrl\":\"https:\\\/\\\/www.abidcars.com\\\/blog\\\/wp-content\\\/uploads\\\/2025\\\/09\\\/Promo.png\",\"width\":1536,\"height\":1024,\"caption\":\"Promo Dacia Logan\"},{\"@type\":\"BreadcrumbList\",\"@id\":\"https:\\\/\\\/www.abidcars.com\\\/blog\\\/promotion-dacia-logan\\\/#breadcrumb\",\"itemListElement\":[{\"@type\":\"ListItem\",\"position\":1,\"name\":\"Blog\",\"item\":\"https:\\\/\\\/www.abidcars.com\\\/blog\\\/\"},{\"@type\":\"ListItem\",\"position\":2,\"name\":\"Promotion DACIA LOGAN!!\"}]},{\"@type\":\"WebSite\",\"@id\":\"https:\\\/\\\/www.abidcars.com\\\/blog\\\/#website\",\"url\":\"https:\\\/\\\/www.abidcars.com\\\/blog\\\/\",\"name\":\"Abid Cars Blog\",\"description\":\"Blog th\u00e9matique sur le Maroc, les voitures et la location des voitures au Maroc\",\"publisher\":{\"@id\":\"https:\\\/\\\/www.abidcars.com\\\/blog\\\/#organization\"},\"potentialAction\":[{\"@type\":\"SearchAction\",\"target\":{\"@type\":\"EntryPoint\",\"urlTemplate\":\"https:\\\/\\\/www.abidcars.com\\\/blog\\\/?s={search_term_string}\"},\"query-input\":{\"@type\":\"PropertyValueSpecification\",\"valueRequired\":true,\"valueName\":\"search_term_string\"}}],\"inLanguage\":\"fr-FR\"},{\"@type\":\"Organization\",\"@id\":\"https:\\\/\\\/www.abidcars.com\\\/blog\\\/#organization\",\"name\":\"Abid Cars Blog\",\"url\":\"https:\\\/\\\/www.abidcars.com\\\/blog\\\/\",\"logo\":{\"@type\":\"ImageObject\",\"inLanguage\":\"fr-FR\",\"@id\":\"https:\\\/\\\/www.abidcars.com\\\/blog\\\/#\\\/schema\\\/logo\\\/image\\\/\",\"url\":\"https:\\\/\\\/www.abidcars.com\\\/blog\\\/wp-content\\\/uploads\\\/2016\\\/05\\\/annif-logo-en.png\",\"contentUrl\":\"https:\\\/\\\/www.abidcars.com\\\/blog\\\/wp-content\\\/uploads\\\/2016\\\/05\\\/annif-logo-en.png\",\"width\":446,\"height\":133,\"caption\":\"Abid Cars Blog\"},\"image\":{\"@id\":\"https:\\\/\\\/www.abidcars.com\\\/blog\\\/#\\\/schema\\\/logo\\\/image\\\/\"},\"sameAs\":[\"https:\\\/\\\/www.facebook.com\\\/pages\\\/Abid-Cars-Location-de-voitures-au-Maroc-Car-rental-in-Morocco\\\/413704925369982\",\"https:\\\/\\\/x.com\\\/ABIDCARS\"]},{\"@type\":\"Person\",\"@id\":\"https:\\\/\\\/www.abidcars.com\\\/blog\\\/#\\\/schema\\\/person\\\/d475f925a381ead288b0eb44b145f8e8\",\"name\":\"Abdelfattah\",\"image\":{\"@type\":\"ImageObject\",\"inLanguage\":\"fr-FR\",\"@id\":\"https:\\\/\\\/secure.gravatar.com\\\/avatar\\\/bd23cf0a0a3f76f543db86841c253e0696b7e64d54aefdcde941371b70335f5d?s=96&d=initials&r=g&initials=sa\",\"url\":\"https:\\\/\\\/secure.gravatar.com\\\/avatar\\\/bd23cf0a0a3f76f543db86841c253e0696b7e64d54aefdcde941371b70335f5d?s=96&d=initials&r=g&initials=sa\",\"contentUrl\":\"https:\\\/\\\/secure.gravatar.com\\\/avatar\\\/bd23cf0a0a3f76f543db86841c253e0696b7e64d54aefdcde941371b70335f5d?s=96&d=initials&r=g&initials=sa\",\"caption\":\"Abdelfattah\"},\"sameAs\":[\"https:\\\/\\\/www.t-t.ma\"],\"url\":\"https:\\\/\\\/www.abidcars.com\\\/blog\\\/author\\\/s-abdelfattah\\\/\"}]}<\/script>\n<!-- \/ Yoast SEO plugin. -->","yoast_head_json":{"title":"Promotion DACIA LOGAN!! - Abid Cars Blog","description":"Profitez de notre offre exceptionnelle de septembre sur la Dacia Logan ! Disponible d\u00e8s maintenant \u00e0 Marrakech!","robots":{"index":"index","follow":"follow","max-snippet":"max-snippet:-1","max-image-preview":"max-image-preview:large","max-video-preview":"max-video-preview:-1"},"canonical":"https:\/\/www.abidcars.com\/blog\/promotion-dacia-logan\/","og_locale":"fr_FR","og_type":"article","og_title":"Promotion DACIA LOGAN!! - Abid Cars Blog","og_description":"Profitez de notre offre exceptionnelle de septembre sur la Dacia Logan ! Disponible d\u00e8s maintenant \u00e0 Marrakech!","og_url":"https:\/\/www.abidcars.com\/blog\/promotion-dacia-logan\/","og_site_name":"Abid Cars Blog","article_publisher":"https:\/\/www.facebook.com\/pages\/Abid-Cars-Location-de-voitures-au-Maroc-Car-rental-in-Morocco\/413704925369982","article_published_time":"2025-09-17T10:41:55+00:00","article_modified_time":"2025-09-19T09:41:53+00:00","og_image":[{"width":1536,"height":1024,"url":"https:\/\/www.abidcars.com\/blog\/wp-content\/uploads\/2025\/09\/Promo.png","type":"image\/png"}],"author":"Abdelfattah","twitter_card":"summary_large_image","twitter_creator":"@ABIDCARS","twitter_site":"@ABIDCARS","twitter_misc":{"\u00c9crit par":"Abdelfattah","Dur\u00e9e de lecture estim\u00e9e":"1 minute"},"schema":{"@context":"https:\/\/schema.org","@graph":[{"@type":"Article","@id":"https:\/\/www.abidcars.com\/blog\/promotion-dacia-logan\/#article","isPartOf":{"@id":"https:\/\/www.abidcars.com\/blog\/promotion-dacia-logan\/"},"author":{"name":"Abdelfattah","@id":"https:\/\/www.abidcars.com\/blog\/#\/schema\/person\/d475f925a381ead288b0eb44b145f8e8"},"headline":"Promotion DACIA LOGAN!!","datePublished":"2025-09-17T10:41:55+00:00","dateModified":"2025-09-19T09:41:53+00:00","mainEntityOfPage":{"@id":"https:\/\/www.abidcars.com\/blog\/promotion-dacia-logan\/"},"wordCount":139,"commentCount":0,"publisher":{"@id":"https:\/\/www.abidcars.com\/blog\/#organization"},"image":{"@id":"https:\/\/www.abidcars.com\/blog\/promotion-dacia-logan\/#primaryimage"},"thumbnailUrl":"https:\/\/www.abidcars.com\/blog\/wp-content\/uploads\/2025\/09\/Promo.png","articleSection":["Fran\u00e7ais","Marrakech","promo"],"inLanguage":"fr-FR","potentialAction":[{"@type":"CommentAction","name":"Comment","target":["https:\/\/www.abidcars.com\/blog\/promotion-dacia-logan\/#respond"]}]},{"@type":"WebPage","@id":"https:\/\/www.abidcars.com\/blog\/promotion-dacia-logan\/","url":"https:\/\/www.abidcars.com\/blog\/promotion-dacia-logan\/","name":"Promotion DACIA LOGAN!! - Abid Cars Blog","isPartOf":{"@id":"https:\/\/www.abidcars.com\/blog\/#website"},"primaryImageOfPage":{"@id":"https:\/\/www.abidcars.com\/blog\/promotion-dacia-logan\/#primaryimage"},"image":{"@id":"https:\/\/www.abidcars.com\/blog\/promotion-dacia-logan\/#primaryimage"},"thumbnailUrl":"https:\/\/www.abidcars.com\/blog\/wp-content\/uploads\/2025\/09\/Promo.png","datePublished":"2025-09-17T10:41:55+00:00","dateModified":"2025-09-19T09:41:53+00:00","description":"Profitez de notre offre exceptionnelle de septembre sur la Dacia Logan ! Disponible d\u00e8s maintenant \u00e0 Marrakech!","breadcrumb":{"@id":"https:\/\/www.abidcars.com\/blog\/promotion-dacia-logan\/#breadcrumb"},"inLanguage":"fr-FR","potentialAction":[{"@type":"ReadAction","target":["https:\/\/www.abidcars.com\/blog\/promotion-dacia-logan\/"]}]},{"@type":"ImageObject","inLanguage":"fr-FR","@id":"https:\/\/www.abidcars.com\/blog\/promotion-dacia-logan\/#primaryimage","url":"https:\/\/www.abidcars.com\/blog\/wp-content\/uploads\/2025\/09\/Promo.png","contentUrl":"https:\/\/www.abidcars.com\/blog\/wp-content\/uploads\/2025\/09\/Promo.png","width":1536,"height":1024,"caption":"Promo Dacia Logan"},{"@type":"BreadcrumbList","@id":"https:\/\/www.abidcars.com\/blog\/promotion-dacia-logan\/#breadcrumb","itemListElement":[{"@type":"ListItem","position":1,"name":"Blog","item":"https:\/\/www.abidcars.com\/blog\/"},{"@type":"ListItem","position":2,"name":"Promotion DACIA LOGAN!!"}]},{"@type":"WebSite","@id":"https:\/\/www.abidcars.com\/blog\/#website","url":"https:\/\/www.abidcars.com\/blog\/","name":"Abid Cars Blog","description":"Blog th\u00e9matique sur le Maroc, les voitures et la location des voitures au Maroc","publisher":{"@id":"https:\/\/www.abidcars.com\/blog\/#organization"},"potentialAction":[{"@type":"SearchAction","target":{"@type":"EntryPoint","urlTemplate":"https:\/\/www.abidcars.com\/blog\/?s={search_term_string}"},"query-input":{"@type":"PropertyValueSpecification","valueRequired":true,"valueName":"search_term_string"}}],"inLanguage":"fr-FR"},{"@type":"Organization","@id":"https:\/\/www.abidcars.com\/blog\/#organization","name":"Abid Cars Blog","url":"https:\/\/www.abidcars.com\/blog\/","logo":{"@type":"ImageObject","inLanguage":"fr-FR","@id":"https:\/\/www.abidcars.com\/blog\/#\/schema\/logo\/image\/","url":"https:\/\/www.abidcars.com\/blog\/wp-content\/uploads\/2016\/05\/annif-logo-en.png","contentUrl":"https:\/\/www.abidcars.com\/blog\/wp-content\/uploads\/2016\/05\/annif-logo-en.png","width":446,"height":133,"caption":"Abid Cars Blog"},"image":{"@id":"https:\/\/www.abidcars.com\/blog\/#\/schema\/logo\/image\/"},"sameAs":["https:\/\/www.facebook.com\/pages\/Abid-Cars-Location-de-voitures-au-Maroc-Car-rental-in-Morocco\/413704925369982","https:\/\/x.com\/ABIDCARS"]},{"@type":"Person","@id":"https:\/\/www.abidcars.com\/blog\/#\/schema\/person\/d475f925a381ead288b0eb44b145f8e8","name":"Abdelfattah","image":{"@type":"ImageObject","inLanguage":"fr-FR","@id":"https:\/\/secure.gravatar.com\/avatar\/bd23cf0a0a3f76f543db86841c253e0696b7e64d54aefdcde941371b70335f5d?s=96&d=initials&r=g&initials=sa","url":"https:\/\/secure.gravatar.com\/avatar\/bd23cf0a0a3f76f543db86841c253e0696b7e64d54aefdcde941371b70335f5d?s=96&d=initials&r=g&initials=sa","contentUrl":"https:\/\/secure.gravatar.com\/avatar\/bd23cf0a0a3f76f543db86841c253e0696b7e64d54aefdcde941371b70335f5d?s=96&d=initials&r=g&initials=sa","caption":"Abdelfattah"},"sameAs":["https:\/\/www.t-t.ma"],"url":"https:\/\/www.abidcars.com\/blog\/author\/s-abdelfattah\/"}]}},"amp_enabled":true,"_links":{"self":[{"href":"https:\/\/www.abidcars.com\/blog\/wp-json\/wp\/v2\/posts\/1235","targetHints":{"allow":["GET"]}}],"collection":[{"href":"https:\/\/www.abidcars.com\/blog\/wp-json\/wp\/v2\/posts"}],"about":[{"href":"https:\/\/www.abidcars.com\/blog\/wp-json\/wp\/v2\/types\/post"}],"author":[{"embeddable":true,"href":"https:\/\/www.abidcars.com\/blog\/wp-json\/wp\/v2\/users\/7"}],"replies":[{"embeddable":true,"href":"https:\/\/www.abidcars.com\/blog\/wp-json\/wp\/v2\/comments?post=1235"}],"version-history":[{"count":3,"href":"https:\/\/www.abidcars.com\/blog\/wp-json\/wp\/v2\/posts\/1235\/revisions"}],"predecessor-version":[{"id":1239,"href":"https:\/\/www.abidcars.com\/blog\/wp-json\/wp\/v2\/posts\/1235\/revisions\/1239"}],"wp:featuredmedia":[{"embeddable":true,"href":"https:\/\/www.abidcars.com\/blog\/wp-json\/wp\/v2\/media\/1221"}],"wp:attachment":[{"href":"https:\/\/www.abidcars.com\/blog\/wp-json\/wp\/v2\/media?parent=1235"}],"wp:term":[{"taxonomy":"category","embeddable":true,"href":"https:\/\/www.abidcars.com\/blog\/wp-json\/wp\/v2\/categories?post=1235"},{"taxonomy":"post_tag","embeddable":true,"href":"https:\/\/www.abidcars.com\/blog\/wp-json\/wp\/v2\/tags?post=1235"}],"curies":[{"name":"wp","href":"https:\/\/api.w.org\/{rel}","templated":true}]}}