{"id":19,"date":"2014-05-05T10:43:20","date_gmt":"2014-05-05T09:43:20","guid":{"rendered":"http:\/\/www.abidcars.com\/blog\/?p=19"},"modified":"2015-10-13T15:26:45","modified_gmt":"2015-10-13T14:26:45","slug":"voitures-de-luxe","status":"publish","type":"post","link":"https:\/\/www.abidcars.com\/blog\/voitures-de-luxe\/","title":{"rendered":"Location de voitures de luxe au Maroc avec Abid Cars"},"content":{"rendered":"<p>&nbsp;<\/p>\n<h2><span style=\"color: #333333;\"><span style=\"font-family: 'Helvetica Neue', Helvetica, Arial, sans-serif;\"><span style=\"font-size: medium;\">Conduire une voiture de luxe est d\u00e9sormais possible avec Abid Cars&#8230;<\/span><\/span><\/span><\/h2>\n<p style=\"font-weight: normal;\"><span style=\"color: #646464;\"><span style=\"font-family: 'Helvetica Neue', Helvetica, Arial, sans-serif;\"><span style=\"font-size: medium;\">Vous aimez les voitures de prestige et de sport ? Ce service est fait pour vous !<\/span><\/span><\/span><\/p>\n<p><span style=\"color: #646464;\"><span style=\"font-family: 'Helvetica Neue', Helvetica, Arial, sans-serif;\"><span style=\"font-size: medium;\"><span style=\"font-weight: normal;\">Gr\u00e2ce \u00e0 son service de location de v\u00e9hicules de luxe, <\/span><\/span><\/span><\/span><span style=\"color: #1b8be0;\"><span style=\"font-family: 'Helvetica Neue', Helvetica, Arial, sans-serif;\"><span style=\"font-size: medium;\"><span style=\"font-weight: normal;\">Abid Cars <\/span><\/span><\/span><\/span><span style=\"color: #646464;\"><span style=\"font-family: 'Helvetica Neue', Helvetica, Arial, sans-serif;\"><span style=\"font-size: medium;\"><span style=\"font-weight: normal;\">vous offre la possibilit\u00e9 de louer la voiture de vos r\u00eaves.<\/span><\/span><\/span><\/span><\/p>\n<p><span style=\"color: #646464;\"><span style=\"font-family: 'Helvetica Neue', Helvetica, Arial, sans-serif;\"><span style=\"font-size: medium;\"><span style=\"font-weight: normal;\">La location de voitures de luxe au Maroc est propos\u00e9e dans les agences Abid Cars qui sont implant\u00e9es dans les villes de Rabat, Agadir, Casablanca, F\u00e8s, Marrakech et Tanger. Abid Cars est pr\u00e9sent dans les villes ainsi qu\u2019aux a\u00e9roports internationaux o\u00f9 ce type de voitures de luxe est propos\u00e9 \u00e0 la location, pour les conducteurs \u00e2g\u00e9s de 25 ans minimum.<\/span><\/span><\/span><\/span><\/p>\n<p><span style=\"color: #646464;\"><span style=\"font-family: 'Helvetica Neue', Helvetica, Arial, sans-serif;\"><span style=\"font-size: medium;\"><span style=\"font-weight: normal;\">Abid Cars vous propose un grand choix de mod\u00e8les de voitures de luxe haut de gamme de 5 \u00e0 7 places parmi les marques les plus prestigieuses.<\/span><\/span><\/span><\/span><\/p>\n<p><span style=\"color: #646464;\"><span style=\"font-family: 'Helvetica Neue', Helvetica, Arial, sans-serif;\"><span style=\"font-size: medium;\"><span style=\"font-weight: normal;\"><br \/>\n<\/span><\/span><\/span><\/span><span style=\"color: #1b8be0;\"><span style=\"font-family: 'Helvetica Neue', Helvetica, Arial, sans-serif;\"><span style=\"font-size: medium;\"><span style=\"font-weight: normal;\"><a href=\"http:\/\/www.abidcars.com\/8-location-de-voiture-Volkswagen-Touareg-TDI%20V6\" target=\"_blank\">Volkswagen Touareg TDI V6<\/a> <\/span><\/span><\/span><\/span><span style=\"color: #000000;\"><span style=\"font-family: 'Helvetica Neue', Helvetica, Arial, sans-serif;\"><span style=\"font-size: medium;\"><span style=\"font-weight: normal;\">: <\/span><\/span><\/span><\/span><span style=\"color: #646464;\"><span style=\"font-family: 'Helvetica Neue', Helvetica, Arial, sans-serif;\"><span style=\"font-size: medium;\"><span style=\"font-weight: normal;\">Sellerie cuir\/tissu, si\u00e8ges avant chauffants \u00e0 r\u00e9glages \u00e9lectriques, assistance au d\u00e9marrage en c\u00f4te, aide au stationnement avant\/arri\u00e8re&#8230; Volkswagen conjugue la transmission int\u00e9grale en deux temps. La premi\u00e8re, celle de s\u00e9rie appel\u00e9e 4XMotion, dispose d&rsquo;un diff\u00e9rentiel Torsen autobloquant. En tout terrain, elle adapte les garde-fous \u00e9lectroniques en fonction des conditions du terrain. Pour ceux qui ont une \u00e2me de baroudeur, VW propose le 4&#215;4 +. Appel\u00e9 4XMotion, ce <\/span><\/span><\/span><\/span><strong><span style=\"color: #646464;\"><span style=\"font-family: 'Helvetica Neue', Helvetica, Arial, sans-serif;\"><span style=\"font-size: medium;\"><span style=\"font-weight: normal;\">pack \u00ab\u00a0Terrain-Tech\u00a0\u00bb <\/span><\/span><\/span><\/span><\/strong><span style=\"color: #646464;\"><span style=\"font-family: 'Helvetica Neue', Helvetica, Arial, sans-serif;\"><span style=\"font-size: medium;\"><span style=\"font-weight: normal;\">disponible uniquement sur le 3.0 V6 TDI, comprend un diff\u00e9rentiel central verrouillable par commande \u00e9lectrique (5 modes), un <\/span><\/span><\/span><\/span><strong><span style=\"color: #646464;\"><span style=\"font-family: 'Helvetica Neue', Helvetica, Arial, sans-serif;\"><span style=\"font-size: medium;\"><span style=\"font-weight: normal;\">blocage de disque<\/span><\/span><\/span><\/span><\/strong><span style=\"color: #646464;\"><span style=\"font-family: 'Helvetica Neue', Helvetica, Arial, sans-serif;\"><span style=\"font-size: medium;\"><span style=\"font-weight: normal;\">, un bo\u00eetier r\u00e9ducteur et une garde au sol plus importante. Toute cette armada d&rsquo;\u00e9quipements fait du Touareg un grimpeur n\u00e9\u00a0: VW annonce des capacit\u00e9s de franchissement de 45\u00b0! Tout \u00e7a sans bouger de l&rsquo;habitacle. Car tout se r\u00e8gle par des boutons sur la console centrale.<\/span><\/span><\/span><\/span><\/p>\n<p><span style=\"color: #646464;\"><span style=\"font-family: 'Helvetica Neue', Helvetica, Arial, sans-serif;\"><span style=\"font-size: medium;\"><span style=\"font-weight: normal;\"><a href=\"http:\/\/www.abidcars.com\/10-location-de-voiture-Audi-A6\" target=\"_blank\">Audi A6<\/a> : Ultra, l\u2019appellation choisie par Audi pour ses mod\u00e8les ultra-\u00e9conomes en carburant.<\/span><\/span><\/span><\/span><\/p>\n<p><span style=\"color: #646464;\"><span style=\"font-family: 'Helvetica Neue', Helvetica, Arial, sans-serif;\"><span style=\"font-size: medium;\"><span style=\"font-weight: normal;\">L&rsquo;Audi A6 est une berline bien con\u00e7u qui offre \u00e0 peu pr\u00e8s tout ce qu&rsquo;on peut attendre d&rsquo;une voiture de cette cat\u00e9gorie.<\/span><\/span><\/span><\/span><\/p>\n<p><span style=\"color: #646464;\"> <span style=\"font-family: 'Helvetica Neue', Helvetica, Arial, sans-serif;\"><span style=\"font-size: medium;\"><span style=\"font-weight: normal;\">L&rsquo;Audi A6 poss\u00e8de la nouvelle calandre Single Frame aux bords biseaut\u00e9s. Le tableau de bord est presque identique \u00e0 celui de l&rsquo;<\/span><\/span><\/span><\/span><a href=\"http:\/\/fr.wikipedia.org\/wiki\/Audi_A7\"><span style=\"color: #646464;\"><span style=\"font-family: 'Helvetica Neue', Helvetica, Arial, sans-serif;\"><span style=\"font-size: medium;\"><span style=\"font-weight: normal;\">A7<\/span><\/span><\/span><\/span><\/a><span style=\"color: #646464;\"><span style=\"font-family: 'Helvetica Neue', Helvetica, Arial, sans-serif;\"><span style=\"font-size: medium;\"><span style=\"font-weight: normal;\">.<\/span><\/span><\/span><\/span><\/p>\n<p><span style=\"color: #646464;\"><span style=\"font-family: 'Helvetica Neue', Helvetica, Arial, sans-serif;\"><span style=\"font-size: medium;\"><span style=\"font-weight: normal;\">Aucun d\u00e9tail n\u2019a \u00e9t\u00e9 laiss\u00e9 au hasard dans la conception de la nouvelle Audi A6 : les lamelles horizontales noir brillant de la nouvelle calandre Singleframe accentuent l\u2019\u00e9l\u00e9gance qui se d\u00e9gage de face avant.<\/span><\/span><\/span><\/span><\/p>\n<p><span style=\"color: #646464;\"><span style=\"font-family: 'Helvetica Neue', Helvetica, Arial, sans-serif;\"><span style=\"font-size: medium;\"><span style=\"font-weight: normal;\">Chaque ligne de la nouvelle Audi A6 s\u2019inscrit dans un ensemble, donnant \u00e0 la berline un design captivant le regard, quel que soit l\u2019angle de vision. Les feux de jour \u00e0 LED se fondent dans la forme g\u00e9n\u00e9rale, laissant deviner un caract\u00e8re bien tremp\u00e9.<\/span><\/span><\/span><\/span><\/p>\n<p><span style=\"color: #646464;\"><span style=\"font-family: 'Helvetica Neue', Helvetica, Arial, sans-serif;\"><span style=\"font-size: medium;\"><span style=\"font-weight: normal;\"><br \/>\n<\/span><\/span><\/span><\/span><span style=\"color: #1b8be0;\"><span style=\"font-family: 'Helvetica Neue', Helvetica, Arial, sans-serif;\"><span style=\"font-size: medium;\"><span style=\"font-weight: normal;\">Mercedes Class S <\/span><\/span><\/span><\/span><span style=\"color: #646464;\"><span style=\"font-family: 'Helvetica Neue', Helvetica, Arial, sans-serif;\"><span style=\"font-size: medium;\"><span style=\"font-weight: normal;\">: La Mercedes-Benz Classe S\u00a0est la limousine de luxe et le symbole phare cr\u00e9\u00e9 et produit par\u00a0<\/span><\/span><\/span><\/span><a href=\"http:\/\/fr.wikipedia.org\/wiki\/Mercedes-Benz\"><span style=\"color: #646464;\"><span style=\"font-family: 'Helvetica Neue', Helvetica, Arial, sans-serif;\"><span style=\"font-size: medium;\"><span style=\"font-weight: normal;\">Mercedes-Benz<\/span><\/span><\/span><\/span><\/a><span style=\"color: #646464;\"><span style=\"font-family: 'Helvetica Neue', Helvetica, Arial, sans-serif;\"><span style=\"font-size: medium;\"><span style=\"font-weight: normal;\">\u00a0qui est maintenant une division de\u00a0<\/span><\/span><\/span><\/span><a href=\"http:\/\/fr.wikipedia.org\/wiki\/Daimler_(entreprise)\"><span style=\"color: #646464;\"><span style=\"font-family: 'Helvetica Neue', Helvetica, Arial, sans-serif;\"><span style=\"font-size: medium;\"><span style=\"font-weight: normal;\">Daimler<\/span><\/span><\/span><\/span><\/a><span style=\"color: #646464;\"><span style=\"font-family: 'Helvetica Neue', Helvetica, Arial, sans-serif;\"><span style=\"font-size: medium;\"><span style=\"font-weight: normal;\">. Le nom \u00ab\u00a0Classe S\u00a0\u00bb provient du mot\u00a0<\/span><\/span><\/span><\/span><span style=\"color: #646464;\"><span style=\"font-family: 'Helvetica Neue', Helvetica, Arial, sans-serif;\"><span style=\"font-size: medium;\"><span style=\"font-weight: normal;\">allemand <\/span><\/span><\/span><\/span><span style=\"color: #646464;\"><span style=\"font-family: 'Helvetica Neue', Helvetica, Arial, sans-serif;\"><span style=\"font-size: medium;\"><span style=\"font-weight: normal;\">Sonderklasse qui signifie \u00ab\u00a0classe sp\u00e9ciale\u00a0\u00bb dont elle est l&rsquo;abr\u00e9viation.<\/span><\/span><\/span><\/span><\/p>\n<p><span style=\"color: #646464;\"><span style=\"font-family: 'Helvetica Neue', Helvetica, Arial, sans-serif;\"><span style=\"font-size: medium;\"><span style=\"font-weight: normal;\">Cultivant son avance technologique, Mercedes-Benz propose un \u00e9quipement en premi\u00e8re mondiale, un\u00a0<\/span><\/span><\/span><\/span><strong><span style=\"color: #646464;\"><span style=\"font-family: 'Helvetica Neue', Helvetica, Arial, sans-serif;\"><span style=\"font-size: medium;\"><span style=\"font-weight: normal;\">balancement de caisse de 2,5 degr\u00e9s en virage<\/span><\/span><\/span><\/span><\/strong><span style=\"color: #646464;\"><span style=\"font-family: 'Helvetica Neue', Helvetica, Arial, sans-serif;\"><span style=\"font-size: medium;\"><span style=\"font-weight: normal;\">\u00a0entre 30 et 180 km\/h, anticip\u00e9 par la Classe S Coup\u00e9 gr\u00e2ce \u00e0 son syst\u00e8me \u00ab\u00a0Magic Body Control\u00a0\u00bb lisant la route.<br \/>\n<\/span><\/span><\/span><\/span><\/p>\n<p><span style=\"color: #646464;\"><span style=\"font-family: 'Helvetica Neue', Helvetica, Arial, sans-serif;\"><span style=\"font-size: medium;\"><span style=\"font-weight: normal;\"><a href=\"http:\/\/www.abidcars.com\/6-location-de-voiture-Mitsubishi-Pajero-Sport\" target=\"_blank\">Mitsubishi Pajero Sport<\/a>\u00a0<\/span><\/span><\/span><\/span><\/p>\n<p style=\"font-weight: normal;\"><span style=\"color: #646464;\"><span style=\"font-family: 'Helvetica Neue', Helvetica, Arial, sans-serif;\"><span style=\"font-size: medium;\">Et bien d&rsquo;autres, retrouvez tous les mod\u00e8les de voitures de location de luxe et de prestige\u00a0dans les rubriques : location de voiture sportive, location de voiture 4&#215;4.<\/span><\/span><\/span><\/p>\n<p><span style=\"color: #646464;\"><span style=\"font-family: 'Helvetica Neue', Helvetica, Arial, sans-serif;\"><span style=\"font-size: medium;\"><span style=\"font-weight: normal;\">Visitez notre site web\u00a0<\/span><\/span><\/span><\/span><span style=\"color: #1b8be0;\"><span style=\"font-family: 'Helvetica Neue', Helvetica, Arial, sans-serif;\"><span style=\"font-size: medium;\"><span style=\"font-weight: normal;\">Abid Cars<\/span><\/span><\/span><\/span><span style=\"color: #646464;\"><span style=\"font-family: 'Helvetica Neue', Helvetica, Arial, sans-serif;\"><span style=\"font-size: medium;\"><span style=\"font-weight: normal;\">\u00a0pour r\u00e9server en ligne la voiture de votre choix.<\/span><\/span><\/span><\/span><\/p>\n<p>&nbsp;<\/p>\n<p>&nbsp;<\/p>\n<p>&nbsp;<\/p>\n","protected":false},"excerpt":{"rendered":"<p>&nbsp; Conduire une voiture de luxe est d\u00e9sormais possible avec Abid Cars&#8230; [&hellip;]<\/p>\n","protected":false},"author":2,"featured_media":20,"comment_status":"open","ping_status":"open","sticky":false,"template":"","format":"standard","meta":{"footnotes":""},"categories":[96,97,26,2,98,22,99],"tags":[9,5,8,10],"class_list":["post-19","post","type-post","status-publish","format-standard","has-post-thumbnail","hentry","category-agadir","category-casablanca","category-fes","category-fr","category-marrakech","category-rabat","category-tanger","tag-location-audi","tag-location-de-voiture","tag-location-de-voiture-de-luxe","tag-location-volkswagen"],"yoast_head":"<!-- This site is optimized with the Yoast SEO plugin v27.4 - https:\/\/yoast.com\/product\/yoast-seo-wordpress\/ -->\n<title>Location de voitures de luxe au Maroc avec Abid Cars<\/title>\n<meta name=\"description\" content=\"la location d&#039;une voiture de luxe au Maroc\" \/>\n<meta name=\"robots\" content=\"index, follow, max-snippet:-1, max-image-preview:large, max-video-preview:-1\" \/>\n<link rel=\"canonical\" href=\"https:\/\/www.abidcars.com\/blog\/voitures-de-luxe\/\" \/>\n<meta property=\"og:locale\" content=\"fr_FR\" \/>\n<meta property=\"og:type\" content=\"article\" \/>\n<meta property=\"og:title\" content=\"Location de voitures de luxe au Maroc avec Abid Cars\" \/>\n<meta property=\"og:description\" content=\"la location d&#039;une voiture de luxe au Maroc\" \/>\n<meta property=\"og:url\" content=\"https:\/\/www.abidcars.com\/blog\/voitures-de-luxe\/\" \/>\n<meta property=\"og:site_name\" content=\"Abid Cars Blog\" \/>\n<meta property=\"article:publisher\" content=\"https:\/\/www.facebook.com\/pages\/Abid-Cars-Location-de-voitures-au-Maroc-Car-rental-in-Morocco\/413704925369982\" \/>\n<meta property=\"article:published_time\" content=\"2014-05-05T09:43:20+00:00\" \/>\n<meta property=\"article:modified_time\" content=\"2015-10-13T14:26:45+00:00\" \/>\n<meta property=\"og:image\" content=\"https:\/\/www.abidcars.com\/blog\/wp-content\/uploads\/abidcars-location-voiture-maroc-agadir.jpg\" \/>\n\t<meta property=\"og:image:width\" content=\"1200\" \/>\n\t<meta property=\"og:image:height\" content=\"288\" \/>\n\t<meta property=\"og:image:type\" content=\"image\/jpeg\" \/>\n<meta name=\"author\" content=\"Nadia\" \/>\n<meta name=\"twitter:card\" content=\"summary_large_image\" \/>\n<meta name=\"twitter:creator\" content=\"@ABIDCARS\" \/>\n<meta name=\"twitter:site\" content=\"@ABIDCARS\" \/>\n<meta name=\"twitter:label1\" content=\"\u00c9crit par\" \/>\n\t<meta name=\"twitter:data1\" content=\"Nadia\" \/>\n\t<meta name=\"twitter:label2\" content=\"Dur\u00e9e de lecture estim\u00e9e\" \/>\n\t<meta name=\"twitter:data2\" content=\"3 minutes\" \/>\n<script type=\"application\/ld+json\" class=\"yoast-schema-graph\">{\"@context\":\"https:\\\/\\\/schema.org\",\"@graph\":[{\"@type\":\"Article\",\"@id\":\"https:\\\/\\\/www.abidcars.com\\\/blog\\\/voitures-de-luxe\\\/#article\",\"isPartOf\":{\"@id\":\"https:\\\/\\\/www.abidcars.com\\\/blog\\\/voitures-de-luxe\\\/\"},\"author\":{\"name\":\"Nadia\",\"@id\":\"https:\\\/\\\/www.abidcars.com\\\/blog\\\/#\\\/schema\\\/person\\\/909cf4f255d0bc68c11724d4d1bf188c\"},\"headline\":\"Location de voitures de luxe au Maroc avec Abid Cars\",\"datePublished\":\"2014-05-05T09:43:20+00:00\",\"dateModified\":\"2015-10-13T14:26:45+00:00\",\"mainEntityOfPage\":{\"@id\":\"https:\\\/\\\/www.abidcars.com\\\/blog\\\/voitures-de-luxe\\\/\"},\"wordCount\":601,\"commentCount\":1,\"publisher\":{\"@id\":\"https:\\\/\\\/www.abidcars.com\\\/blog\\\/#organization\"},\"image\":{\"@id\":\"https:\\\/\\\/www.abidcars.com\\\/blog\\\/voitures-de-luxe\\\/#primaryimage\"},\"thumbnailUrl\":\"https:\\\/\\\/www.abidcars.com\\\/blog\\\/wp-content\\\/uploads\\\/abidcars-location-voiture-maroc-agadir.jpg\",\"keywords\":[\"location Audi\",\"location de voiture\",\"location de voiture de luxe\",\"location Volkswagen\"],\"articleSection\":[\"Agadir\",\"Casablanca\",\"F\u00e8s\",\"Fran\u00e7ais\",\"Marrakech\",\"Rabat\",\"Tanger\"],\"inLanguage\":\"fr-FR\",\"potentialAction\":[{\"@type\":\"CommentAction\",\"name\":\"Comment\",\"target\":[\"https:\\\/\\\/www.abidcars.com\\\/blog\\\/voitures-de-luxe\\\/#respond\"]}]},{\"@type\":\"WebPage\",\"@id\":\"https:\\\/\\\/www.abidcars.com\\\/blog\\\/voitures-de-luxe\\\/\",\"url\":\"https:\\\/\\\/www.abidcars.com\\\/blog\\\/voitures-de-luxe\\\/\",\"name\":\"Location de voitures de luxe au Maroc avec Abid Cars\",\"isPartOf\":{\"@id\":\"https:\\\/\\\/www.abidcars.com\\\/blog\\\/#website\"},\"primaryImageOfPage\":{\"@id\":\"https:\\\/\\\/www.abidcars.com\\\/blog\\\/voitures-de-luxe\\\/#primaryimage\"},\"image\":{\"@id\":\"https:\\\/\\\/www.abidcars.com\\\/blog\\\/voitures-de-luxe\\\/#primaryimage\"},\"thumbnailUrl\":\"https:\\\/\\\/www.abidcars.com\\\/blog\\\/wp-content\\\/uploads\\\/abidcars-location-voiture-maroc-agadir.jpg\",\"datePublished\":\"2014-05-05T09:43:20+00:00\",\"dateModified\":\"2015-10-13T14:26:45+00:00\",\"description\":\"la location d'une voiture de luxe au Maroc\",\"breadcrumb\":{\"@id\":\"https:\\\/\\\/www.abidcars.com\\\/blog\\\/voitures-de-luxe\\\/#breadcrumb\"},\"inLanguage\":\"fr-FR\",\"potentialAction\":[{\"@type\":\"ReadAction\",\"target\":[\"https:\\\/\\\/www.abidcars.com\\\/blog\\\/voitures-de-luxe\\\/\"]}]},{\"@type\":\"ImageObject\",\"inLanguage\":\"fr-FR\",\"@id\":\"https:\\\/\\\/www.abidcars.com\\\/blog\\\/voitures-de-luxe\\\/#primaryimage\",\"url\":\"https:\\\/\\\/www.abidcars.com\\\/blog\\\/wp-content\\\/uploads\\\/abidcars-location-voiture-maroc-agadir.jpg\",\"contentUrl\":\"https:\\\/\\\/www.abidcars.com\\\/blog\\\/wp-content\\\/uploads\\\/abidcars-location-voiture-maroc-agadir.jpg\",\"width\":1200,\"height\":288},{\"@type\":\"BreadcrumbList\",\"@id\":\"https:\\\/\\\/www.abidcars.com\\\/blog\\\/voitures-de-luxe\\\/#breadcrumb\",\"itemListElement\":[{\"@type\":\"ListItem\",\"position\":1,\"name\":\"Blog\",\"item\":\"https:\\\/\\\/www.abidcars.com\\\/blog\\\/\"},{\"@type\":\"ListItem\",\"position\":2,\"name\":\"Location de voitures de luxe au Maroc avec Abid Cars\"}]},{\"@type\":\"WebSite\",\"@id\":\"https:\\\/\\\/www.abidcars.com\\\/blog\\\/#website\",\"url\":\"https:\\\/\\\/www.abidcars.com\\\/blog\\\/\",\"name\":\"Abid Cars Blog\",\"description\":\"Blog th\u00e9matique sur le Maroc, les voitures et la location des voitures au Maroc\",\"publisher\":{\"@id\":\"https:\\\/\\\/www.abidcars.com\\\/blog\\\/#organization\"},\"potentialAction\":[{\"@type\":\"SearchAction\",\"target\":{\"@type\":\"EntryPoint\",\"urlTemplate\":\"https:\\\/\\\/www.abidcars.com\\\/blog\\\/?s={search_term_string}\"},\"query-input\":{\"@type\":\"PropertyValueSpecification\",\"valueRequired\":true,\"valueName\":\"search_term_string\"}}],\"inLanguage\":\"fr-FR\"},{\"@type\":\"Organization\",\"@id\":\"https:\\\/\\\/www.abidcars.com\\\/blog\\\/#organization\",\"name\":\"Abid Cars Blog\",\"url\":\"https:\\\/\\\/www.abidcars.com\\\/blog\\\/\",\"logo\":{\"@type\":\"ImageObject\",\"inLanguage\":\"fr-FR\",\"@id\":\"https:\\\/\\\/www.abidcars.com\\\/blog\\\/#\\\/schema\\\/logo\\\/image\\\/\",\"url\":\"https:\\\/\\\/www.abidcars.com\\\/blog\\\/wp-content\\\/uploads\\\/2016\\\/05\\\/annif-logo-en.png\",\"contentUrl\":\"https:\\\/\\\/www.abidcars.com\\\/blog\\\/wp-content\\\/uploads\\\/2016\\\/05\\\/annif-logo-en.png\",\"width\":446,\"height\":133,\"caption\":\"Abid Cars Blog\"},\"image\":{\"@id\":\"https:\\\/\\\/www.abidcars.com\\\/blog\\\/#\\\/schema\\\/logo\\\/image\\\/\"},\"sameAs\":[\"https:\\\/\\\/www.facebook.com\\\/pages\\\/Abid-Cars-Location-de-voitures-au-Maroc-Car-rental-in-Morocco\\\/413704925369982\",\"https:\\\/\\\/x.com\\\/ABIDCARS\"]},{\"@type\":\"Person\",\"@id\":\"https:\\\/\\\/www.abidcars.com\\\/blog\\\/#\\\/schema\\\/person\\\/909cf4f255d0bc68c11724d4d1bf188c\",\"name\":\"Nadia\",\"image\":{\"@type\":\"ImageObject\",\"inLanguage\":\"fr-FR\",\"@id\":\"https:\\\/\\\/secure.gravatar.com\\\/avatar\\\/7404726da711f343bf00c6c3bcea4e7812fe9ace5f67b3f1bf9cb2b59dc0d501?s=96&d=initials&r=g&initials=en\",\"url\":\"https:\\\/\\\/secure.gravatar.com\\\/avatar\\\/7404726da711f343bf00c6c3bcea4e7812fe9ace5f67b3f1bf9cb2b59dc0d501?s=96&d=initials&r=g&initials=en\",\"contentUrl\":\"https:\\\/\\\/secure.gravatar.com\\\/avatar\\\/7404726da711f343bf00c6c3bcea4e7812fe9ace5f67b3f1bf9cb2b59dc0d501?s=96&d=initials&r=g&initials=en\",\"caption\":\"Nadia\"},\"description\":\"R\u00e9dactrice blogueuse et webmaster chez TECHNOLOGY &amp; TELECOM\",\"sameAs\":[\"http:\\\/\\\/www.abidcars.com\"],\"url\":\"https:\\\/\\\/www.abidcars.com\\\/blog\\\/author\\\/ei-nadia\\\/\"}]}<\/script>\n<!-- \/ Yoast SEO plugin. -->","yoast_head_json":{"title":"Location de voitures de luxe au Maroc avec Abid Cars","description":"la location d'une voiture de luxe au Maroc","robots":{"index":"index","follow":"follow","max-snippet":"max-snippet:-1","max-image-preview":"max-image-preview:large","max-video-preview":"max-video-preview:-1"},"canonical":"https:\/\/www.abidcars.com\/blog\/voitures-de-luxe\/","og_locale":"fr_FR","og_type":"article","og_title":"Location de voitures de luxe au Maroc avec Abid Cars","og_description":"la location d'une voiture de luxe au Maroc","og_url":"https:\/\/www.abidcars.com\/blog\/voitures-de-luxe\/","og_site_name":"Abid Cars Blog","article_publisher":"https:\/\/www.facebook.com\/pages\/Abid-Cars-Location-de-voitures-au-Maroc-Car-rental-in-Morocco\/413704925369982","article_published_time":"2014-05-05T09:43:20+00:00","article_modified_time":"2015-10-13T14:26:45+00:00","og_image":[{"width":1200,"height":288,"url":"https:\/\/www.abidcars.com\/blog\/wp-content\/uploads\/abidcars-location-voiture-maroc-agadir.jpg","type":"image\/jpeg"}],"author":"Nadia","twitter_card":"summary_large_image","twitter_creator":"@ABIDCARS","twitter_site":"@ABIDCARS","twitter_misc":{"\u00c9crit par":"Nadia","Dur\u00e9e de lecture estim\u00e9e":"3 minutes"},"schema":{"@context":"https:\/\/schema.org","@graph":[{"@type":"Article","@id":"https:\/\/www.abidcars.com\/blog\/voitures-de-luxe\/#article","isPartOf":{"@id":"https:\/\/www.abidcars.com\/blog\/voitures-de-luxe\/"},"author":{"name":"Nadia","@id":"https:\/\/www.abidcars.com\/blog\/#\/schema\/person\/909cf4f255d0bc68c11724d4d1bf188c"},"headline":"Location de voitures de luxe au Maroc avec Abid Cars","datePublished":"2014-05-05T09:43:20+00:00","dateModified":"2015-10-13T14:26:45+00:00","mainEntityOfPage":{"@id":"https:\/\/www.abidcars.com\/blog\/voitures-de-luxe\/"},"wordCount":601,"commentCount":1,"publisher":{"@id":"https:\/\/www.abidcars.com\/blog\/#organization"},"image":{"@id":"https:\/\/www.abidcars.com\/blog\/voitures-de-luxe\/#primaryimage"},"thumbnailUrl":"https:\/\/www.abidcars.com\/blog\/wp-content\/uploads\/abidcars-location-voiture-maroc-agadir.jpg","keywords":["location Audi","location de voiture","location de voiture de luxe","location Volkswagen"],"articleSection":["Agadir","Casablanca","F\u00e8s","Fran\u00e7ais","Marrakech","Rabat","Tanger"],"inLanguage":"fr-FR","potentialAction":[{"@type":"CommentAction","name":"Comment","target":["https:\/\/www.abidcars.com\/blog\/voitures-de-luxe\/#respond"]}]},{"@type":"WebPage","@id":"https:\/\/www.abidcars.com\/blog\/voitures-de-luxe\/","url":"https:\/\/www.abidcars.com\/blog\/voitures-de-luxe\/","name":"Location de voitures de luxe au Maroc avec Abid Cars","isPartOf":{"@id":"https:\/\/www.abidcars.com\/blog\/#website"},"primaryImageOfPage":{"@id":"https:\/\/www.abidcars.com\/blog\/voitures-de-luxe\/#primaryimage"},"image":{"@id":"https:\/\/www.abidcars.com\/blog\/voitures-de-luxe\/#primaryimage"},"thumbnailUrl":"https:\/\/www.abidcars.com\/blog\/wp-content\/uploads\/abidcars-location-voiture-maroc-agadir.jpg","datePublished":"2014-05-05T09:43:20+00:00","dateModified":"2015-10-13T14:26:45+00:00","description":"la location d'une voiture de luxe au Maroc","breadcrumb":{"@id":"https:\/\/www.abidcars.com\/blog\/voitures-de-luxe\/#breadcrumb"},"inLanguage":"fr-FR","potentialAction":[{"@type":"ReadAction","target":["https:\/\/www.abidcars.com\/blog\/voitures-de-luxe\/"]}]},{"@type":"ImageObject","inLanguage":"fr-FR","@id":"https:\/\/www.abidcars.com\/blog\/voitures-de-luxe\/#primaryimage","url":"https:\/\/www.abidcars.com\/blog\/wp-content\/uploads\/abidcars-location-voiture-maroc-agadir.jpg","contentUrl":"https:\/\/www.abidcars.com\/blog\/wp-content\/uploads\/abidcars-location-voiture-maroc-agadir.jpg","width":1200,"height":288},{"@type":"BreadcrumbList","@id":"https:\/\/www.abidcars.com\/blog\/voitures-de-luxe\/#breadcrumb","itemListElement":[{"@type":"ListItem","position":1,"name":"Blog","item":"https:\/\/www.abidcars.com\/blog\/"},{"@type":"ListItem","position":2,"name":"Location de voitures de luxe au Maroc avec Abid Cars"}]},{"@type":"WebSite","@id":"https:\/\/www.abidcars.com\/blog\/#website","url":"https:\/\/www.abidcars.com\/blog\/","name":"Abid Cars Blog","description":"Blog th\u00e9matique sur le Maroc, les voitures et la location des voitures au Maroc","publisher":{"@id":"https:\/\/www.abidcars.com\/blog\/#organization"},"potentialAction":[{"@type":"SearchAction","target":{"@type":"EntryPoint","urlTemplate":"https:\/\/www.abidcars.com\/blog\/?s={search_term_string}"},"query-input":{"@type":"PropertyValueSpecification","valueRequired":true,"valueName":"search_term_string"}}],"inLanguage":"fr-FR"},{"@type":"Organization","@id":"https:\/\/www.abidcars.com\/blog\/#organization","name":"Abid Cars Blog","url":"https:\/\/www.abidcars.com\/blog\/","logo":{"@type":"ImageObject","inLanguage":"fr-FR","@id":"https:\/\/www.abidcars.com\/blog\/#\/schema\/logo\/image\/","url":"https:\/\/www.abidcars.com\/blog\/wp-content\/uploads\/2016\/05\/annif-logo-en.png","contentUrl":"https:\/\/www.abidcars.com\/blog\/wp-content\/uploads\/2016\/05\/annif-logo-en.png","width":446,"height":133,"caption":"Abid Cars Blog"},"image":{"@id":"https:\/\/www.abidcars.com\/blog\/#\/schema\/logo\/image\/"},"sameAs":["https:\/\/www.facebook.com\/pages\/Abid-Cars-Location-de-voitures-au-Maroc-Car-rental-in-Morocco\/413704925369982","https:\/\/x.com\/ABIDCARS"]},{"@type":"Person","@id":"https:\/\/www.abidcars.com\/blog\/#\/schema\/person\/909cf4f255d0bc68c11724d4d1bf188c","name":"Nadia","image":{"@type":"ImageObject","inLanguage":"fr-FR","@id":"https:\/\/secure.gravatar.com\/avatar\/7404726da711f343bf00c6c3bcea4e7812fe9ace5f67b3f1bf9cb2b59dc0d501?s=96&d=initials&r=g&initials=en","url":"https:\/\/secure.gravatar.com\/avatar\/7404726da711f343bf00c6c3bcea4e7812fe9ace5f67b3f1bf9cb2b59dc0d501?s=96&d=initials&r=g&initials=en","contentUrl":"https:\/\/secure.gravatar.com\/avatar\/7404726da711f343bf00c6c3bcea4e7812fe9ace5f67b3f1bf9cb2b59dc0d501?s=96&d=initials&r=g&initials=en","caption":"Nadia"},"description":"R\u00e9dactrice blogueuse et webmaster chez TECHNOLOGY &amp; TELECOM","sameAs":["http:\/\/www.abidcars.com"],"url":"https:\/\/www.abidcars.com\/blog\/author\/ei-nadia\/"}]}},"amp_enabled":true,"_links":{"self":[{"href":"https:\/\/www.abidcars.com\/blog\/wp-json\/wp\/v2\/posts\/19","targetHints":{"allow":["GET"]}}],"collection":[{"href":"https:\/\/www.abidcars.com\/blog\/wp-json\/wp\/v2\/posts"}],"about":[{"href":"https:\/\/www.abidcars.com\/blog\/wp-json\/wp\/v2\/types\/post"}],"author":[{"embeddable":true,"href":"https:\/\/www.abidcars.com\/blog\/wp-json\/wp\/v2\/users\/2"}],"replies":[{"embeddable":true,"href":"https:\/\/www.abidcars.com\/blog\/wp-json\/wp\/v2\/comments?post=19"}],"version-history":[{"count":10,"href":"https:\/\/www.abidcars.com\/blog\/wp-json\/wp\/v2\/posts\/19\/revisions"}],"predecessor-version":[{"id":782,"href":"https:\/\/www.abidcars.com\/blog\/wp-json\/wp\/v2\/posts\/19\/revisions\/782"}],"wp:featuredmedia":[{"embeddable":true,"href":"https:\/\/www.abidcars.com\/blog\/wp-json\/wp\/v2\/media\/20"}],"wp:attachment":[{"href":"https:\/\/www.abidcars.com\/blog\/wp-json\/wp\/v2\/media?parent=19"}],"wp:term":[{"taxonomy":"category","embeddable":true,"href":"https:\/\/www.abidcars.com\/blog\/wp-json\/wp\/v2\/categories?post=19"},{"taxonomy":"post_tag","embeddable":true,"href":"https:\/\/www.abidcars.com\/blog\/wp-json\/wp\/v2\/tags?post=19"}],"curies":[{"name":"wp","href":"https:\/\/api.w.org\/{rel}","templated":true}]}}