{"id":215,"date":"2014-07-16T11:00:37","date_gmt":"2014-07-16T10:00:37","guid":{"rendered":"http:\/\/www.abidcars.com\/blog\/?p=215"},"modified":"2015-10-13T15:55:38","modified_gmt":"2015-10-13T14:55:38","slug":"aeroport-rabat-sale","status":"publish","type":"post","link":"https:\/\/www.abidcars.com\/blog\/aeroport-rabat-sale\/","title":{"rendered":"A\u00e9roports marocains : A\u00e9roport international de Rabat-Sal\u00e9"},"content":{"rendered":"<p>L&rsquo;a\u00e9roport international de Rabat (code IATA: RBA), aussi connu sous le nom de l&rsquo;a\u00e9roport international de Sal\u00e9, est le point d&rsquo;entr\u00e9e pour tous les passagers se rendant directement dans la capitale traditionnelle du Maroc Rabat ou ailleurs dans la r\u00e9gion de Rabat Sal\u00e9 Zemmour Zaer. L&rsquo;a\u00e9roport international de Rabat Sal\u00e9 est constitu\u00e9 de deux terminaux, l&rsquo;un d&rsquo;eux est r\u00e9serv\u00e9 au Hajj, d&rsquo;une taille de 16 000 m\u00b2 contre 4000 m\u00b2 dans l&rsquo;ann\u00e9e 2008, pour une capacit\u00e9 d&rsquo;accueil de 1,5 million de voyageurs par an.<\/p>\n<p><a href=\"https:\/\/www.abidcars.com\/blog\/wp-content\/uploads\/2014\/07\/Rabat-Sale-Airport-map.gif\"><img loading=\"lazy\" decoding=\"async\" class=\"aligncenter size-full wp-image-227\" src=\"https:\/\/www.abidcars.com\/blog\/wp-content\/uploads\/2014\/07\/Rabat-Sale-Airport-map.gif\" alt=\"Rabat-Sale-Airport-map\" width=\"600\" height=\"371\" \/><\/a><\/p>\n<p>L&rsquo;a\u00e9roport international de Rabat est situ\u00e9 \u00e0 environ 8 km du Nord-Est de la capitale administrative Rabat, sur la route de Mekn\u00e8s, et \u00e0 90 km de la capitale \u00e9conomique marocaine Casablanca, l&rsquo;a\u00e9rogare est constitu\u00e9 d&rsquo;une partie civile et d&rsquo;une partie militaire.<\/p>\n<p>L&rsquo;a\u00e9roport international de Rabat Sal\u00e9 est desservis par 9 compagnies a\u00e9riennes , il est le principal centre d&rsquo;activit\u00e9 de la compagnie nationale Royal Air Maroc, et accueille \u00e9galement plusieurs vols de la compagnie Air France ainsi que d&rsquo;autres vols des compagnies a\u00e9riennes low cost.<\/p>\n<p>Les autres compagnies pr\u00e9sentes \u00e0 l&rsquo;a\u00e9roport de Rabat Sal\u00e9 sont Ryanair, Aigle Azur, JetairFly, Saudia, Iberia, Air Nostrum et Buraq Air.<\/p>\n<p><a href=\"https:\/\/www.abidcars.com\/blog\/wp-content\/uploads\/2014\/07\/ryanair-aeroport-rabat.jpg\"><img loading=\"lazy\" decoding=\"async\" class=\"aligncenter size-full wp-image-220\" src=\"https:\/\/www.abidcars.com\/blog\/wp-content\/uploads\/2014\/07\/ryanair-aeroport-rabat.jpg\" alt=\"ryanair-aeroport-rabat\" width=\"680\" height=\"294\" srcset=\"https:\/\/www.abidcars.com\/blog\/wp-content\/uploads\/2014\/07\/ryanair-aeroport-rabat.jpg 680w, https:\/\/www.abidcars.com\/blog\/wp-content\/uploads\/2014\/07\/ryanair-aeroport-rabat-300x129.jpg 300w\" sizes=\"auto, (max-width: 680px) 100vw, 680px\" \/><\/a><br \/>\nLa fr\u00e9quentation progressive de l&rsquo;a\u00e9roport Rabat-Sal\u00e9 a conduit en janvier 2012 \u00e0 l&rsquo;inauguration d&rsquo;un terminal d&#8217;embarquement neuf et \u00e0 la fermeture de l&rsquo;ancien local. Le nouveau terminal a \u00e9t\u00e9 \u00e9quip\u00e9 de hautes technologies pour r\u00e9pondre aux besoins internationales en mati\u00e8re de s\u00e9curit\u00e9, de qualit\u00e9 de service et de s\u00fbret\u00e9, et d\u2019une architecture affin\u00e9e des espaces pour une facilit\u00e9 de gestion des passagers.<br \/>\nLes nouveaux b\u00e2timents, plus fonctionnels et spacieux, se veulent \u00e0 l&rsquo;image du Maroc qui avance \u00e0 grands pas dans la modernit\u00e9 et qui ouvre ses bras aux touristes internationaux.<\/p>\n<p>La partie public du terminal contient plusieurs bureaux de change, une poste, des banques et des distributeurs automatiques de billets. La zone de d\u00e9part est largement achaland\u00e9e : un caf\u00e9-bar respectant le style local avoisine plusieurs magasins duty free proposant des articles hors taxe, dont des souvenirs du Maroc, des v\u00eatements, des articles de sport et divers produits gastronomiques traditionnels. Un espace est d\u00e9di\u00e9 aux personnes fumeurs se trouve dans la zone d&rsquo;attente des vols en partance.<\/p>\n<p><a href=\"https:\/\/www.abidcars.com\/blog\/wp-content\/uploads\/2014\/07\/a\u00e9roport-Rabat-Sal\u00e9.jpg\"><img loading=\"lazy\" decoding=\"async\" class=\"aligncenter size-full wp-image-219\" src=\"https:\/\/www.abidcars.com\/blog\/wp-content\/uploads\/2014\/07\/a\u00e9roport-Rabat-Sal\u00e9.jpg\" alt=\"a\u00e9roport Rabat-Sal\u00e9\" width=\"680\" height=\"294\" srcset=\"https:\/\/www.abidcars.com\/blog\/wp-content\/uploads\/2014\/07\/a\u00e9roport-Rabat-Sal\u00e9.jpg 680w, https:\/\/www.abidcars.com\/blog\/wp-content\/uploads\/2014\/07\/a\u00e9roport-Rabat-Sal\u00e9-300x129.jpg 300w\" sizes=\"auto, (max-width: 680px) 100vw, 680px\" \/><\/a><\/p>\n<h2>Acc\u00e8s \u00e0 l&rsquo;a\u00e9roport<\/h2>\n<p>Diff\u00e9rentes navettes existent du centre ville de rabat vers l&rsquo;a\u00e9roport international de Rabat Sal\u00e9\u00a0:<\/p>\n<p><strong>Taxi<\/strong><br \/>\nLes grands taxis (taxis blancs) sont disponibles 24 heures sur 24 et 7 jours sur 7, ils sont plus pratique et le prix est compris entre 100 dirhams et 150 dirhams par personne (13 euros environ). Le trajet dure 25 min.<\/p>\n<p><strong>Bus<\/strong><br \/>\nL&rsquo;a\u00e9roport international de Rabat s\u2019est r\u00e9cemment dot\u00e9 d\u2019un nouveau service Navette de l\u2019a\u00e9roport au centre ville Rabat, d\u00e9sormais il existe un bus de la gare du train au centre ville de rabat vers l&rsquo;a\u00e9roport, et ceux pour seulement 20 dirhams par personne (environ 2 euros).<\/p>\n<p><a href=\"https:\/\/www.abidcars.com\/blog\/wp-content\/uploads\/2014\/07\/navette-aeroport-centre-rabat.jpg\"><img loading=\"lazy\" decoding=\"async\" class=\"aligncenter  wp-image-225\" src=\"https:\/\/www.abidcars.com\/blog\/wp-content\/uploads\/2014\/07\/navette-aeroport-centre-rabat.jpg\" alt=\"Bus Navette aeroport et centre ville de Rabat\" width=\"549\" height=\"386\" srcset=\"https:\/\/www.abidcars.com\/blog\/wp-content\/uploads\/2014\/07\/navette-aeroport-centre-rabat.jpg 1024w, https:\/\/www.abidcars.com\/blog\/wp-content\/uploads\/2014\/07\/navette-aeroport-centre-rabat-300x210.jpg 300w\" sizes=\"auto, (max-width: 549px) 100vw, 549px\" \/><\/a><br \/>\nLe bus est disponible directement \u00e0 la sortie du terminal, elle n\u2019a qu\u2019un seul arr\u00eat : La gare de Rabat ville et le trajet dure environ 30 minutes.<br \/>\nLa navette est programm\u00e9s selon les vols, le d\u00e9part de l&rsquo;a\u00e9roport se fait 1 heure apr\u00e8s l&rsquo;arriv\u00e9e du vol sur l&rsquo;a\u00e9roport et le d\u00e9part de la gare du centre ville de Rabat se fait 2 heures avant le d\u00e9part du vol de l&rsquo;a\u00e9roport.<br \/>\nA noter\u00a0: le bus ne fonctionne pas les dimanches.<\/p>\n<p><strong>Autre moyen<\/strong><br \/>\nVous pouvez aussi combiner deux moyens de transport : Le tramway (6dh) et le petit taxi (20dh).<\/p>\n<h2>La location de voiture \u00e0 l&rsquo;a\u00e9roport international de Rabat Sal\u00e9 avec Abid Cars<\/h2>\n<p>Pr\u00e9parez votre s\u00e9jour au Maroc en r\u00e9servant votre voiture de location en ligne d\u00e8s aujourd&rsquo;hui et r\u00e9cup\u00e9rez rapidement les cl\u00e9s de votre v\u00e9hicule de location, sur place \u00e0 votre arriv\u00e9e \u00e0 l&rsquo;a\u00e9roport international de Rabat Sal\u00e9. Notez qu&rsquo;avec Abid Cars la livraison et la restitution de la voiture de location \u00e0 l&rsquo;a\u00e9roport ou \u00e0 l&rsquo;h\u00f4tel est enti\u00e8rement GRATUITE entre 8h00 et 20h00.<\/p>\n","protected":false},"excerpt":{"rendered":"<p>L&rsquo;a\u00e9roport international de Rabat (code IATA: RBA), aussi connu sous le nom [&hellip;]<\/p>\n","protected":false},"author":2,"featured_media":219,"comment_status":"open","ping_status":"open","sticky":false,"template":"","format":"standard","meta":{"footnotes":""},"categories":[95,2,22],"tags":[33,37,38,16,36],"class_list":["post-215","post","type-post","status-publish","format-standard","has-post-thumbnail","hentry","category-aeroport","category-fr","category-rabat","tag-aeroport","tag-location","tag-location-voiture-aeroport-de-rabat","tag-rabat","tag-sale"],"yoast_head":"<!-- This site is optimized with the Yoast SEO plugin v27.4 - https:\/\/yoast.com\/product\/yoast-seo-wordpress\/ -->\n<title>A\u00e9roport international de Rabat-Sal\u00e9<\/title>\n<meta name=\"description\" content=\"L&#039;a\u00e9roport international de rabat Sal\u00e9 : services, informations relatives\" \/>\n<meta name=\"robots\" content=\"index, follow, max-snippet:-1, max-image-preview:large, max-video-preview:-1\" \/>\n<link rel=\"canonical\" href=\"https:\/\/www.abidcars.com\/blog\/aeroport-rabat-sale\/\" \/>\n<meta property=\"og:locale\" content=\"fr_FR\" \/>\n<meta property=\"og:type\" content=\"article\" \/>\n<meta property=\"og:title\" content=\"A\u00e9roport international de Rabat-Sal\u00e9\" \/>\n<meta property=\"og:description\" content=\"L&#039;a\u00e9roport international de rabat Sal\u00e9 : services, informations relatives\" \/>\n<meta property=\"og:url\" content=\"https:\/\/www.abidcars.com\/blog\/aeroport-rabat-sale\/\" \/>\n<meta property=\"og:site_name\" content=\"Abid Cars Blog\" \/>\n<meta property=\"article:publisher\" content=\"https:\/\/www.facebook.com\/pages\/Abid-Cars-Location-de-voitures-au-Maroc-Car-rental-in-Morocco\/413704925369982\" \/>\n<meta property=\"article:published_time\" content=\"2014-07-16T10:00:37+00:00\" \/>\n<meta property=\"article:modified_time\" content=\"2015-10-13T14:55:38+00:00\" \/>\n<meta property=\"og:image\" content=\"https:\/\/www.abidcars.com\/blog\/wp-content\/uploads\/2014\/07\/a\u00e9roport-Rabat-Sal\u00e9.jpg\" \/>\n\t<meta property=\"og:image:width\" content=\"680\" \/>\n\t<meta property=\"og:image:height\" content=\"294\" \/>\n\t<meta property=\"og:image:type\" content=\"image\/jpeg\" \/>\n<meta name=\"author\" content=\"Nadia\" \/>\n<meta name=\"twitter:card\" content=\"summary_large_image\" \/>\n<meta name=\"twitter:creator\" content=\"@ABIDCARS\" \/>\n<meta name=\"twitter:site\" content=\"@ABIDCARS\" \/>\n<meta name=\"twitter:label1\" content=\"\u00c9crit par\" \/>\n\t<meta name=\"twitter:data1\" content=\"Nadia\" \/>\n\t<meta name=\"twitter:label2\" content=\"Dur\u00e9e de lecture estim\u00e9e\" \/>\n\t<meta name=\"twitter:data2\" content=\"3 minutes\" \/>\n<script type=\"application\/ld+json\" class=\"yoast-schema-graph\">{\"@context\":\"https:\\\/\\\/schema.org\",\"@graph\":[{\"@type\":\"Article\",\"@id\":\"https:\\\/\\\/www.abidcars.com\\\/blog\\\/aeroport-rabat-sale\\\/#article\",\"isPartOf\":{\"@id\":\"https:\\\/\\\/www.abidcars.com\\\/blog\\\/aeroport-rabat-sale\\\/\"},\"author\":{\"name\":\"Nadia\",\"@id\":\"https:\\\/\\\/www.abidcars.com\\\/blog\\\/#\\\/schema\\\/person\\\/909cf4f255d0bc68c11724d4d1bf188c\"},\"headline\":\"A\u00e9roports marocains : A\u00e9roport international de Rabat-Sal\u00e9\",\"datePublished\":\"2014-07-16T10:00:37+00:00\",\"dateModified\":\"2015-10-13T14:55:38+00:00\",\"mainEntityOfPage\":{\"@id\":\"https:\\\/\\\/www.abidcars.com\\\/blog\\\/aeroport-rabat-sale\\\/\"},\"wordCount\":711,\"commentCount\":2,\"publisher\":{\"@id\":\"https:\\\/\\\/www.abidcars.com\\\/blog\\\/#organization\"},\"image\":{\"@id\":\"https:\\\/\\\/www.abidcars.com\\\/blog\\\/aeroport-rabat-sale\\\/#primaryimage\"},\"thumbnailUrl\":\"https:\\\/\\\/www.abidcars.com\\\/blog\\\/wp-content\\\/uploads\\\/2014\\\/07\\\/a\u00e9roport-Rabat-Sal\u00e9.jpg\",\"keywords\":[\"a\u00e9roport\",\"location\",\"location voiture a\u00e9roport de rabat\",\"Rabat\",\"sal\u00e9\"],\"articleSection\":[\"A\u00e9roports\",\"Fran\u00e7ais\",\"Rabat\"],\"inLanguage\":\"fr-FR\",\"potentialAction\":[{\"@type\":\"CommentAction\",\"name\":\"Comment\",\"target\":[\"https:\\\/\\\/www.abidcars.com\\\/blog\\\/aeroport-rabat-sale\\\/#respond\"]}]},{\"@type\":\"WebPage\",\"@id\":\"https:\\\/\\\/www.abidcars.com\\\/blog\\\/aeroport-rabat-sale\\\/\",\"url\":\"https:\\\/\\\/www.abidcars.com\\\/blog\\\/aeroport-rabat-sale\\\/\",\"name\":\"A\u00e9roport international de Rabat-Sal\u00e9\",\"isPartOf\":{\"@id\":\"https:\\\/\\\/www.abidcars.com\\\/blog\\\/#website\"},\"primaryImageOfPage\":{\"@id\":\"https:\\\/\\\/www.abidcars.com\\\/blog\\\/aeroport-rabat-sale\\\/#primaryimage\"},\"image\":{\"@id\":\"https:\\\/\\\/www.abidcars.com\\\/blog\\\/aeroport-rabat-sale\\\/#primaryimage\"},\"thumbnailUrl\":\"https:\\\/\\\/www.abidcars.com\\\/blog\\\/wp-content\\\/uploads\\\/2014\\\/07\\\/a\u00e9roport-Rabat-Sal\u00e9.jpg\",\"datePublished\":\"2014-07-16T10:00:37+00:00\",\"dateModified\":\"2015-10-13T14:55:38+00:00\",\"description\":\"L'a\u00e9roport international de rabat Sal\u00e9 : services, informations relatives\",\"breadcrumb\":{\"@id\":\"https:\\\/\\\/www.abidcars.com\\\/blog\\\/aeroport-rabat-sale\\\/#breadcrumb\"},\"inLanguage\":\"fr-FR\",\"potentialAction\":[{\"@type\":\"ReadAction\",\"target\":[\"https:\\\/\\\/www.abidcars.com\\\/blog\\\/aeroport-rabat-sale\\\/\"]}]},{\"@type\":\"ImageObject\",\"inLanguage\":\"fr-FR\",\"@id\":\"https:\\\/\\\/www.abidcars.com\\\/blog\\\/aeroport-rabat-sale\\\/#primaryimage\",\"url\":\"https:\\\/\\\/www.abidcars.com\\\/blog\\\/wp-content\\\/uploads\\\/2014\\\/07\\\/a\u00e9roport-Rabat-Sal\u00e9.jpg\",\"contentUrl\":\"https:\\\/\\\/www.abidcars.com\\\/blog\\\/wp-content\\\/uploads\\\/2014\\\/07\\\/a\u00e9roport-Rabat-Sal\u00e9.jpg\",\"width\":680,\"height\":294},{\"@type\":\"BreadcrumbList\",\"@id\":\"https:\\\/\\\/www.abidcars.com\\\/blog\\\/aeroport-rabat-sale\\\/#breadcrumb\",\"itemListElement\":[{\"@type\":\"ListItem\",\"position\":1,\"name\":\"Blog\",\"item\":\"https:\\\/\\\/www.abidcars.com\\\/blog\\\/\"},{\"@type\":\"ListItem\",\"position\":2,\"name\":\"A\u00e9roports marocains : A\u00e9roport international de Rabat-Sal\u00e9\"}]},{\"@type\":\"WebSite\",\"@id\":\"https:\\\/\\\/www.abidcars.com\\\/blog\\\/#website\",\"url\":\"https:\\\/\\\/www.abidcars.com\\\/blog\\\/\",\"name\":\"Abid Cars Blog\",\"description\":\"Blog th\u00e9matique sur le Maroc, les voitures et la location des voitures au Maroc\",\"publisher\":{\"@id\":\"https:\\\/\\\/www.abidcars.com\\\/blog\\\/#organization\"},\"potentialAction\":[{\"@type\":\"SearchAction\",\"target\":{\"@type\":\"EntryPoint\",\"urlTemplate\":\"https:\\\/\\\/www.abidcars.com\\\/blog\\\/?s={search_term_string}\"},\"query-input\":{\"@type\":\"PropertyValueSpecification\",\"valueRequired\":true,\"valueName\":\"search_term_string\"}}],\"inLanguage\":\"fr-FR\"},{\"@type\":\"Organization\",\"@id\":\"https:\\\/\\\/www.abidcars.com\\\/blog\\\/#organization\",\"name\":\"Abid Cars Blog\",\"url\":\"https:\\\/\\\/www.abidcars.com\\\/blog\\\/\",\"logo\":{\"@type\":\"ImageObject\",\"inLanguage\":\"fr-FR\",\"@id\":\"https:\\\/\\\/www.abidcars.com\\\/blog\\\/#\\\/schema\\\/logo\\\/image\\\/\",\"url\":\"https:\\\/\\\/www.abidcars.com\\\/blog\\\/wp-content\\\/uploads\\\/2016\\\/05\\\/annif-logo-en.png\",\"contentUrl\":\"https:\\\/\\\/www.abidcars.com\\\/blog\\\/wp-content\\\/uploads\\\/2016\\\/05\\\/annif-logo-en.png\",\"width\":446,\"height\":133,\"caption\":\"Abid Cars Blog\"},\"image\":{\"@id\":\"https:\\\/\\\/www.abidcars.com\\\/blog\\\/#\\\/schema\\\/logo\\\/image\\\/\"},\"sameAs\":[\"https:\\\/\\\/www.facebook.com\\\/pages\\\/Abid-Cars-Location-de-voitures-au-Maroc-Car-rental-in-Morocco\\\/413704925369982\",\"https:\\\/\\\/x.com\\\/ABIDCARS\"]},{\"@type\":\"Person\",\"@id\":\"https:\\\/\\\/www.abidcars.com\\\/blog\\\/#\\\/schema\\\/person\\\/909cf4f255d0bc68c11724d4d1bf188c\",\"name\":\"Nadia\",\"image\":{\"@type\":\"ImageObject\",\"inLanguage\":\"fr-FR\",\"@id\":\"https:\\\/\\\/secure.gravatar.com\\\/avatar\\\/7404726da711f343bf00c6c3bcea4e7812fe9ace5f67b3f1bf9cb2b59dc0d501?s=96&d=initials&r=g&initials=en\",\"url\":\"https:\\\/\\\/secure.gravatar.com\\\/avatar\\\/7404726da711f343bf00c6c3bcea4e7812fe9ace5f67b3f1bf9cb2b59dc0d501?s=96&d=initials&r=g&initials=en\",\"contentUrl\":\"https:\\\/\\\/secure.gravatar.com\\\/avatar\\\/7404726da711f343bf00c6c3bcea4e7812fe9ace5f67b3f1bf9cb2b59dc0d501?s=96&d=initials&r=g&initials=en\",\"caption\":\"Nadia\"},\"description\":\"R\u00e9dactrice blogueuse et webmaster chez TECHNOLOGY &amp; TELECOM\",\"sameAs\":[\"http:\\\/\\\/www.abidcars.com\"],\"url\":\"https:\\\/\\\/www.abidcars.com\\\/blog\\\/author\\\/ei-nadia\\\/\"}]}<\/script>\n<!-- \/ Yoast SEO plugin. -->","yoast_head_json":{"title":"A\u00e9roport international de Rabat-Sal\u00e9","description":"L'a\u00e9roport international de rabat Sal\u00e9 : services, informations relatives","robots":{"index":"index","follow":"follow","max-snippet":"max-snippet:-1","max-image-preview":"max-image-preview:large","max-video-preview":"max-video-preview:-1"},"canonical":"https:\/\/www.abidcars.com\/blog\/aeroport-rabat-sale\/","og_locale":"fr_FR","og_type":"article","og_title":"A\u00e9roport international de Rabat-Sal\u00e9","og_description":"L'a\u00e9roport international de rabat Sal\u00e9 : services, informations relatives","og_url":"https:\/\/www.abidcars.com\/blog\/aeroport-rabat-sale\/","og_site_name":"Abid Cars Blog","article_publisher":"https:\/\/www.facebook.com\/pages\/Abid-Cars-Location-de-voitures-au-Maroc-Car-rental-in-Morocco\/413704925369982","article_published_time":"2014-07-16T10:00:37+00:00","article_modified_time":"2015-10-13T14:55:38+00:00","og_image":[{"width":680,"height":294,"url":"https:\/\/www.abidcars.com\/blog\/wp-content\/uploads\/2014\/07\/a\u00e9roport-Rabat-Sal\u00e9.jpg","type":"image\/jpeg"}],"author":"Nadia","twitter_card":"summary_large_image","twitter_creator":"@ABIDCARS","twitter_site":"@ABIDCARS","twitter_misc":{"\u00c9crit par":"Nadia","Dur\u00e9e de lecture estim\u00e9e":"3 minutes"},"schema":{"@context":"https:\/\/schema.org","@graph":[{"@type":"Article","@id":"https:\/\/www.abidcars.com\/blog\/aeroport-rabat-sale\/#article","isPartOf":{"@id":"https:\/\/www.abidcars.com\/blog\/aeroport-rabat-sale\/"},"author":{"name":"Nadia","@id":"https:\/\/www.abidcars.com\/blog\/#\/schema\/person\/909cf4f255d0bc68c11724d4d1bf188c"},"headline":"A\u00e9roports marocains : A\u00e9roport international de Rabat-Sal\u00e9","datePublished":"2014-07-16T10:00:37+00:00","dateModified":"2015-10-13T14:55:38+00:00","mainEntityOfPage":{"@id":"https:\/\/www.abidcars.com\/blog\/aeroport-rabat-sale\/"},"wordCount":711,"commentCount":2,"publisher":{"@id":"https:\/\/www.abidcars.com\/blog\/#organization"},"image":{"@id":"https:\/\/www.abidcars.com\/blog\/aeroport-rabat-sale\/#primaryimage"},"thumbnailUrl":"https:\/\/www.abidcars.com\/blog\/wp-content\/uploads\/2014\/07\/a\u00e9roport-Rabat-Sal\u00e9.jpg","keywords":["a\u00e9roport","location","location voiture a\u00e9roport de rabat","Rabat","sal\u00e9"],"articleSection":["A\u00e9roports","Fran\u00e7ais","Rabat"],"inLanguage":"fr-FR","potentialAction":[{"@type":"CommentAction","name":"Comment","target":["https:\/\/www.abidcars.com\/blog\/aeroport-rabat-sale\/#respond"]}]},{"@type":"WebPage","@id":"https:\/\/www.abidcars.com\/blog\/aeroport-rabat-sale\/","url":"https:\/\/www.abidcars.com\/blog\/aeroport-rabat-sale\/","name":"A\u00e9roport international de Rabat-Sal\u00e9","isPartOf":{"@id":"https:\/\/www.abidcars.com\/blog\/#website"},"primaryImageOfPage":{"@id":"https:\/\/www.abidcars.com\/blog\/aeroport-rabat-sale\/#primaryimage"},"image":{"@id":"https:\/\/www.abidcars.com\/blog\/aeroport-rabat-sale\/#primaryimage"},"thumbnailUrl":"https:\/\/www.abidcars.com\/blog\/wp-content\/uploads\/2014\/07\/a\u00e9roport-Rabat-Sal\u00e9.jpg","datePublished":"2014-07-16T10:00:37+00:00","dateModified":"2015-10-13T14:55:38+00:00","description":"L'a\u00e9roport international de rabat Sal\u00e9 : services, informations relatives","breadcrumb":{"@id":"https:\/\/www.abidcars.com\/blog\/aeroport-rabat-sale\/#breadcrumb"},"inLanguage":"fr-FR","potentialAction":[{"@type":"ReadAction","target":["https:\/\/www.abidcars.com\/blog\/aeroport-rabat-sale\/"]}]},{"@type":"ImageObject","inLanguage":"fr-FR","@id":"https:\/\/www.abidcars.com\/blog\/aeroport-rabat-sale\/#primaryimage","url":"https:\/\/www.abidcars.com\/blog\/wp-content\/uploads\/2014\/07\/a\u00e9roport-Rabat-Sal\u00e9.jpg","contentUrl":"https:\/\/www.abidcars.com\/blog\/wp-content\/uploads\/2014\/07\/a\u00e9roport-Rabat-Sal\u00e9.jpg","width":680,"height":294},{"@type":"BreadcrumbList","@id":"https:\/\/www.abidcars.com\/blog\/aeroport-rabat-sale\/#breadcrumb","itemListElement":[{"@type":"ListItem","position":1,"name":"Blog","item":"https:\/\/www.abidcars.com\/blog\/"},{"@type":"ListItem","position":2,"name":"A\u00e9roports marocains : A\u00e9roport international de Rabat-Sal\u00e9"}]},{"@type":"WebSite","@id":"https:\/\/www.abidcars.com\/blog\/#website","url":"https:\/\/www.abidcars.com\/blog\/","name":"Abid Cars Blog","description":"Blog th\u00e9matique sur le Maroc, les voitures et la location des voitures au Maroc","publisher":{"@id":"https:\/\/www.abidcars.com\/blog\/#organization"},"potentialAction":[{"@type":"SearchAction","target":{"@type":"EntryPoint","urlTemplate":"https:\/\/www.abidcars.com\/blog\/?s={search_term_string}"},"query-input":{"@type":"PropertyValueSpecification","valueRequired":true,"valueName":"search_term_string"}}],"inLanguage":"fr-FR"},{"@type":"Organization","@id":"https:\/\/www.abidcars.com\/blog\/#organization","name":"Abid Cars Blog","url":"https:\/\/www.abidcars.com\/blog\/","logo":{"@type":"ImageObject","inLanguage":"fr-FR","@id":"https:\/\/www.abidcars.com\/blog\/#\/schema\/logo\/image\/","url":"https:\/\/www.abidcars.com\/blog\/wp-content\/uploads\/2016\/05\/annif-logo-en.png","contentUrl":"https:\/\/www.abidcars.com\/blog\/wp-content\/uploads\/2016\/05\/annif-logo-en.png","width":446,"height":133,"caption":"Abid Cars Blog"},"image":{"@id":"https:\/\/www.abidcars.com\/blog\/#\/schema\/logo\/image\/"},"sameAs":["https:\/\/www.facebook.com\/pages\/Abid-Cars-Location-de-voitures-au-Maroc-Car-rental-in-Morocco\/413704925369982","https:\/\/x.com\/ABIDCARS"]},{"@type":"Person","@id":"https:\/\/www.abidcars.com\/blog\/#\/schema\/person\/909cf4f255d0bc68c11724d4d1bf188c","name":"Nadia","image":{"@type":"ImageObject","inLanguage":"fr-FR","@id":"https:\/\/secure.gravatar.com\/avatar\/7404726da711f343bf00c6c3bcea4e7812fe9ace5f67b3f1bf9cb2b59dc0d501?s=96&d=initials&r=g&initials=en","url":"https:\/\/secure.gravatar.com\/avatar\/7404726da711f343bf00c6c3bcea4e7812fe9ace5f67b3f1bf9cb2b59dc0d501?s=96&d=initials&r=g&initials=en","contentUrl":"https:\/\/secure.gravatar.com\/avatar\/7404726da711f343bf00c6c3bcea4e7812fe9ace5f67b3f1bf9cb2b59dc0d501?s=96&d=initials&r=g&initials=en","caption":"Nadia"},"description":"R\u00e9dactrice blogueuse et webmaster chez TECHNOLOGY &amp; TELECOM","sameAs":["http:\/\/www.abidcars.com"],"url":"https:\/\/www.abidcars.com\/blog\/author\/ei-nadia\/"}]}},"amp_enabled":true,"_links":{"self":[{"href":"https:\/\/www.abidcars.com\/blog\/wp-json\/wp\/v2\/posts\/215","targetHints":{"allow":["GET"]}}],"collection":[{"href":"https:\/\/www.abidcars.com\/blog\/wp-json\/wp\/v2\/posts"}],"about":[{"href":"https:\/\/www.abidcars.com\/blog\/wp-json\/wp\/v2\/types\/post"}],"author":[{"embeddable":true,"href":"https:\/\/www.abidcars.com\/blog\/wp-json\/wp\/v2\/users\/2"}],"replies":[{"embeddable":true,"href":"https:\/\/www.abidcars.com\/blog\/wp-json\/wp\/v2\/comments?post=215"}],"version-history":[{"count":11,"href":"https:\/\/www.abidcars.com\/blog\/wp-json\/wp\/v2\/posts\/215\/revisions"}],"predecessor-version":[{"id":805,"href":"https:\/\/www.abidcars.com\/blog\/wp-json\/wp\/v2\/posts\/215\/revisions\/805"}],"wp:featuredmedia":[{"embeddable":true,"href":"https:\/\/www.abidcars.com\/blog\/wp-json\/wp\/v2\/media\/219"}],"wp:attachment":[{"href":"https:\/\/www.abidcars.com\/blog\/wp-json\/wp\/v2\/media?parent=215"}],"wp:term":[{"taxonomy":"category","embeddable":true,"href":"https:\/\/www.abidcars.com\/blog\/wp-json\/wp\/v2\/categories?post=215"},{"taxonomy":"post_tag","embeddable":true,"href":"https:\/\/www.abidcars.com\/blog\/wp-json\/wp\/v2\/tags?post=215"}],"curies":[{"name":"wp","href":"https:\/\/api.w.org\/{rel}","templated":true}]}}