{"id":252,"date":"2014-08-14T10:55:32","date_gmt":"2014-08-14T09:55:32","guid":{"rendered":"http:\/\/www.abidcars.com\/blog\/?p=252"},"modified":"2015-10-13T16:04:28","modified_gmt":"2015-10-13T15:04:28","slug":"disparition-voitures-mercedes-240d-au-maroc","status":"publish","type":"post","link":"https:\/\/www.abidcars.com\/blog\/disparition-voitures-mercedes-240d-au-maroc\/","title":{"rendered":"Bient\u00f4t la disparition des voitures Mercedes 240D au Maroc?"},"content":{"rendered":"<p style=\"text-align: justify;\">Casablanca, capitale \u00e9conomique du Maroc, est la ville la plus peupl\u00e9e du pays, comptant environ 3 millions d\u2019habitants. Ceci explique le nombre important de voitures. En effet, selon l\u2019\u00c9conomiste et d\u2019autres sources, il y existe 1.5 millions de voitures, dont environ 6500 grands taxis.<!--more--><\/p>\n<p style=\"text-align: justify;\">Quelles sont les conditions de travail de ces conducteurs de taxi ?\u00a0Qu\u2019en pensent les usagers ? Quelle est la valeur actuelle de ce parc automobile ? Quel type de conducteur est le casablancais et quelles sont les positions du Gouvernement dans ce dossier ? Autant de questions auxquelles nous allons tenter d\u2019apporter des \u00e9l\u00e9ments de r\u00e9ponse.<\/p>\n<p style=\"text-align: justify;\">Pour les conducteurs des taxis casablancais, le travail n&rsquo;est pas synonyme de plaisir, les routes \u00e9tant quasiment impraticables. D\u00e9fonc\u00e9es, trop \u00e9troites, salissantes, les voies urbaines m\u00e9ritent un plan de r\u00e9novation. Pour les usagers aussi, prendre un taxi \u00e0 Casablanca n\u2019est vraiment pas tr\u00e8s agr\u00e9able. Ils endurent chaque jour la pollution, le vieillissement du parc automobile, le mauvais \u00e9tat des routes, le danger\u2026 Ces probl\u00e8mes deviennent d\u2019ailleurs aussi le lot quotidien des autres modes de transport urbain et donc de la majorit\u00e9 des habitants de l\u2019agglom\u00e9ration.<\/p>\n<p><a href=\"https:\/\/www.abidcars.com\/blog\/wp-content\/uploads\/2014\/08\/taxiblancx.jpg\"><img loading=\"lazy\" decoding=\"async\" class=\"aligncenter wp-image-255\" style=\"border: 10px solid #f4f4f4;\" src=\"http:\/\/www.abidcars.com\/blog\/wp-content\/uploads\/2014\/08\/taxiblancx-300x203.jpg\" alt=\"Grand taxi au Maroc\" width=\"399\" height=\"270\" srcset=\"https:\/\/www.abidcars.com\/blog\/wp-content\/uploads\/2014\/08\/taxiblancx-300x203.jpg 300w, https:\/\/www.abidcars.com\/blog\/wp-content\/uploads\/2014\/08\/taxiblancx.jpg 630w\" sizes=\"auto, (max-width: 399px) 100vw, 399px\" \/><\/a><\/p>\n<p style=\"text-align: justify;\">A y regarder de plus pr\u00e8s, ces fameux taxis Mercedes Benz 240D datant des ann\u00e9es 80, de couleur blanche et v\u00e9ritables figures d\u2019antiquit\u00e9 sont g\u00e9n\u00e9ralement en tr\u00e8s mauvais \u00e9tat. La valeur de cette vieille flotte automobile est insignifiante. La v\u00e9tust\u00e9 et le manque d\u2019entretien des v\u00e9hicules repr\u00e9sentent un v\u00e9ritable danger mortel.<\/p>\n<p style=\"text-align: justify;\">Il faut aussi sensibiliser les conducteurs marocains au respect du code de la route. En effet, pour le conducteur marocain en g\u00e9n\u00e9ral et le casablancais en particulier, la route lui appartient. Br\u00fbler un feu, mettre en danger pi\u00e9tons et cyclistes, ne pas respecter les limitations de vitesse et les distances de s\u00e9curit\u00e9 sont des infractions quotidiennes contre lesquelles il faut imp\u00e9rativement lutter. Les chiffres montrent que les routes au Maroc sont particuli\u00e8rement sanglantes. Plus de 4 000 Marocains y meurent chaque ann\u00e9e et plus de 15 000 restent handicap\u00e9s \u00e0 vie.<\/p>\n<p style=\"text-align: justify;\">Il est donc primordial pour la ville de Casablanca de revoir sa politique de mobilit\u00e9 urbaine en r\u00e9novant et restructurant le r\u00e9seau routier et en actualisant ses taxis.<\/p>\n<p style=\"text-align: justify;\">Les minist\u00e8res de l\u2019Int\u00e9rieur et des Finances ont mis au point un programme de renouvellement du parc automobile des grands taxis, avec le soutien de l&rsquo;Etat. Ce plan propose une prime de 50.000 Dirhams aux propri\u00e9taires de vieux taxis pour les mettre \u00e0 la casse. Et aussi en collaboration avec Renault Maroc qui subventionnerai \u00e0 hauteur de 10.000 Dirhams. Conditions : les v\u00e9hicules doivent \u00eatre \u00e2g\u00e9s de plus de 10 ans et avoir servi de taxi durant les 3 derni\u00e8res ann\u00e9es pr\u00e9c\u00e9dant la date du d\u00e9p\u00f4t du dossier. Le taxi-man aura le choix entre les mod\u00e8les Dacia Logdy et Renault Trafic.<\/p>\n<p style=\"text-align: justify;\">Des avantages sont aussi offerts par les constructeurs, dont des remises substantielles sur les pi\u00e8ces de rechange, la main d\u2019\u0153uvre ainsi que la priorit\u00e9 lors des entretiens (sans rendez-vous). Pour le financement, un partenariat avec Wafa-Salaf permettra un pr\u00eat \u00e0 concurrence de 60% pour l\u2019achat du v\u00e9hicule.<\/p>\n<p style=\"text-align: justify;\">Au niveau environnemental, le renouvellement du parc automobile des grands taxis pourrait participer activement \u00e0 l&rsquo;am\u00e9lioration de la qualit\u00e9 de l&rsquo;air qui est fortement d\u00e9grad\u00e9 par les \u00e9missions toxiques de ces vieux pots d&rsquo;\u00e9chappement.<\/p>\n<p style=\"text-align: justify;\">La s\u00e9curit\u00e9 de tous les usagers serait quant \u00e0 elle grandement renforc\u00e9e et le confort serait amplement meilleur.<\/p>\n<p style=\"text-align: justify;\">Ce programme semble encourageant et pourtant les professionnels le boudent. La coordination qui regroupe une trentaine d&rsquo;associations et de syndicats des professionnels du transport refuse cat\u00e9goriquement les dispositions du projet. Selon son coordinateur Abderrahmane CHAFAI, qui conteste le montant de la prime \u00e0 la casse, certains de ces v\u00e9hicules utilis\u00e9s peuvent co\u00fbter jusqu\u2019\u00e0 100.000 Dirhams. Comme le souligne Mr.CHAFAI, un pr\u00e9accord avait \u00e9t\u00e9 fix\u00e9 par les deux parties, proposant l&rsquo;octroi d&rsquo;une prime pouvant atteindre les 130.000 Dirhams. D\u2019autre part, les taxi-men trouvent aussi que la subvention est faible, en regard des charges qui ne cessent d&rsquo;augmenter, du loyer \u00e0 verser mensuellement au propri\u00e9taire de l\u2019agr\u00e9ment et du prix du carburant de plus en plus \u00e9lev\u00e9.<\/p>\n<p style=\"text-align: justify;\">Affaire \u00e0 suivre donc\u2026<\/p>\n<p style=\"text-align: justify;\">Rappel: ce projet concerne 45.000 taxis dans tous le Maroc, dont la moyenne d&rsquo;\u00e2ge d\u00e9passe les 30 ans selon le minist\u00e8re de l\u2019int\u00e9rieur.<\/p>\n<p style=\"text-align: justify;\">Je vous invite \u00e0 nous donner votre avis \u00e0 ce sujet :<\/p>\n<p><span style=\"color: #000000;\">[poll id=\u00a0\u00bb2&Prime;]<\/span><\/p>\n<p>&nbsp;<\/p>\n<p>&nbsp;<\/p>\n","protected":false},"excerpt":{"rendered":"<p>Casablanca, capitale \u00e9conomique du Maroc, est la ville la plus peupl\u00e9e du [&hellip;]<\/p>\n","protected":false},"author":3,"featured_media":255,"comment_status":"open","ping_status":"open","sticky":false,"template":"","format":"standard","meta":{"footnotes":""},"categories":[96,97,26,2,98,22,99],"tags":[27,35,41,42,40],"class_list":["post-252","post","type-post","status-publish","format-standard","has-post-thumbnail","hentry","category-agadir","category-casablanca","category-fes","category-fr","category-marrakech","category-rabat","category-tanger","tag-casablanca","tag-maroc","tag-taxi-blanc","tag-vehicule","tag-voitures"],"yoast_head":"<!-- This site is optimized with the Yoast SEO plugin v27.4 - https:\/\/yoast.com\/product\/yoast-seo-wordpress\/ -->\n<title>Bient\u00f4t la disparition des voitures Mercedes 240D au Maroc? - Abid Cars Blog<\/title>\n<meta name=\"description\" content=\"Les voitures des grands taxis au Maroc, entre le quotidien et les esp\u00e9rances , au coeur du d\u00e9bat entre l&#039;\u00e9tat et les professionnels.\" \/>\n<meta name=\"robots\" content=\"index, follow, max-snippet:-1, max-image-preview:large, max-video-preview:-1\" \/>\n<link rel=\"canonical\" href=\"https:\/\/www.abidcars.com\/blog\/disparition-voitures-mercedes-240d-au-maroc\/\" \/>\n<meta property=\"og:locale\" content=\"fr_FR\" \/>\n<meta property=\"og:type\" content=\"article\" \/>\n<meta property=\"og:title\" content=\"Bient\u00f4t la disparition des voitures Mercedes 240D au Maroc? - Abid Cars Blog\" \/>\n<meta property=\"og:description\" content=\"Les voitures des grands taxis au Maroc, entre le quotidien et les esp\u00e9rances , au coeur du d\u00e9bat entre l&#039;\u00e9tat et les professionnels.\" \/>\n<meta property=\"og:url\" content=\"https:\/\/www.abidcars.com\/blog\/disparition-voitures-mercedes-240d-au-maroc\/\" \/>\n<meta property=\"og:site_name\" content=\"Abid Cars Blog\" \/>\n<meta property=\"article:publisher\" content=\"https:\/\/www.facebook.com\/pages\/Abid-Cars-Location-de-voitures-au-Maroc-Car-rental-in-Morocco\/413704925369982\" \/>\n<meta property=\"article:published_time\" content=\"2014-08-14T09:55:32+00:00\" \/>\n<meta property=\"article:modified_time\" content=\"2015-10-13T15:04:28+00:00\" \/>\n<meta property=\"og:image\" content=\"https:\/\/www.abidcars.com\/blog\/wp-content\/uploads\/2014\/08\/taxiblancx.jpg\" \/>\n\t<meta property=\"og:image:width\" content=\"630\" \/>\n\t<meta property=\"og:image:height\" content=\"427\" \/>\n\t<meta property=\"og:image:type\" content=\"image\/jpeg\" \/>\n<meta name=\"author\" content=\"Marie-Alix\" \/>\n<meta name=\"twitter:card\" content=\"summary_large_image\" \/>\n<meta name=\"twitter:creator\" content=\"@ABIDCARS\" \/>\n<meta name=\"twitter:site\" content=\"@ABIDCARS\" \/>\n<meta name=\"twitter:label1\" content=\"\u00c9crit par\" \/>\n\t<meta name=\"twitter:data1\" content=\"Marie-Alix\" \/>\n\t<meta name=\"twitter:label2\" content=\"Dur\u00e9e de lecture estim\u00e9e\" \/>\n\t<meta name=\"twitter:data2\" content=\"4 minutes\" \/>\n<script type=\"application\/ld+json\" class=\"yoast-schema-graph\">{\"@context\":\"https:\\\/\\\/schema.org\",\"@graph\":[{\"@type\":\"Article\",\"@id\":\"https:\\\/\\\/www.abidcars.com\\\/blog\\\/disparition-voitures-mercedes-240d-au-maroc\\\/#article\",\"isPartOf\":{\"@id\":\"https:\\\/\\\/www.abidcars.com\\\/blog\\\/disparition-voitures-mercedes-240d-au-maroc\\\/\"},\"author\":{\"name\":\"Marie-Alix\",\"@id\":\"https:\\\/\\\/www.abidcars.com\\\/blog\\\/#\\\/schema\\\/person\\\/2b59c9ae82f9ff1f0a5936cdfc36aeaf\"},\"headline\":\"Bient\u00f4t la disparition des voitures Mercedes 240D au Maroc?\",\"datePublished\":\"2014-08-14T09:55:32+00:00\",\"dateModified\":\"2015-10-13T15:04:28+00:00\",\"mainEntityOfPage\":{\"@id\":\"https:\\\/\\\/www.abidcars.com\\\/blog\\\/disparition-voitures-mercedes-240d-au-maroc\\\/\"},\"wordCount\":777,\"commentCount\":0,\"publisher\":{\"@id\":\"https:\\\/\\\/www.abidcars.com\\\/blog\\\/#organization\"},\"image\":{\"@id\":\"https:\\\/\\\/www.abidcars.com\\\/blog\\\/disparition-voitures-mercedes-240d-au-maroc\\\/#primaryimage\"},\"thumbnailUrl\":\"https:\\\/\\\/www.abidcars.com\\\/blog\\\/wp-content\\\/uploads\\\/2014\\\/08\\\/taxiblancx.jpg\",\"keywords\":[\"casablanca\",\"maroc\",\"taxi blanc\",\"v\u00e9hicule\",\"voitures\"],\"articleSection\":[\"Agadir\",\"Casablanca\",\"F\u00e8s\",\"Fran\u00e7ais\",\"Marrakech\",\"Rabat\",\"Tanger\"],\"inLanguage\":\"fr-FR\",\"potentialAction\":[{\"@type\":\"CommentAction\",\"name\":\"Comment\",\"target\":[\"https:\\\/\\\/www.abidcars.com\\\/blog\\\/disparition-voitures-mercedes-240d-au-maroc\\\/#respond\"]}]},{\"@type\":\"WebPage\",\"@id\":\"https:\\\/\\\/www.abidcars.com\\\/blog\\\/disparition-voitures-mercedes-240d-au-maroc\\\/\",\"url\":\"https:\\\/\\\/www.abidcars.com\\\/blog\\\/disparition-voitures-mercedes-240d-au-maroc\\\/\",\"name\":\"Bient\u00f4t la disparition des voitures Mercedes 240D au Maroc? - Abid Cars Blog\",\"isPartOf\":{\"@id\":\"https:\\\/\\\/www.abidcars.com\\\/blog\\\/#website\"},\"primaryImageOfPage\":{\"@id\":\"https:\\\/\\\/www.abidcars.com\\\/blog\\\/disparition-voitures-mercedes-240d-au-maroc\\\/#primaryimage\"},\"image\":{\"@id\":\"https:\\\/\\\/www.abidcars.com\\\/blog\\\/disparition-voitures-mercedes-240d-au-maroc\\\/#primaryimage\"},\"thumbnailUrl\":\"https:\\\/\\\/www.abidcars.com\\\/blog\\\/wp-content\\\/uploads\\\/2014\\\/08\\\/taxiblancx.jpg\",\"datePublished\":\"2014-08-14T09:55:32+00:00\",\"dateModified\":\"2015-10-13T15:04:28+00:00\",\"description\":\"Les voitures des grands taxis au Maroc, entre le quotidien et les esp\u00e9rances , au coeur du d\u00e9bat entre l'\u00e9tat et les professionnels.\",\"breadcrumb\":{\"@id\":\"https:\\\/\\\/www.abidcars.com\\\/blog\\\/disparition-voitures-mercedes-240d-au-maroc\\\/#breadcrumb\"},\"inLanguage\":\"fr-FR\",\"potentialAction\":[{\"@type\":\"ReadAction\",\"target\":[\"https:\\\/\\\/www.abidcars.com\\\/blog\\\/disparition-voitures-mercedes-240d-au-maroc\\\/\"]}]},{\"@type\":\"ImageObject\",\"inLanguage\":\"fr-FR\",\"@id\":\"https:\\\/\\\/www.abidcars.com\\\/blog\\\/disparition-voitures-mercedes-240d-au-maroc\\\/#primaryimage\",\"url\":\"https:\\\/\\\/www.abidcars.com\\\/blog\\\/wp-content\\\/uploads\\\/2014\\\/08\\\/taxiblancx.jpg\",\"contentUrl\":\"https:\\\/\\\/www.abidcars.com\\\/blog\\\/wp-content\\\/uploads\\\/2014\\\/08\\\/taxiblancx.jpg\",\"width\":630,\"height\":427},{\"@type\":\"BreadcrumbList\",\"@id\":\"https:\\\/\\\/www.abidcars.com\\\/blog\\\/disparition-voitures-mercedes-240d-au-maroc\\\/#breadcrumb\",\"itemListElement\":[{\"@type\":\"ListItem\",\"position\":1,\"name\":\"Blog\",\"item\":\"https:\\\/\\\/www.abidcars.com\\\/blog\\\/\"},{\"@type\":\"ListItem\",\"position\":2,\"name\":\"Bient\u00f4t la disparition des voitures Mercedes 240D au Maroc?\"}]},{\"@type\":\"WebSite\",\"@id\":\"https:\\\/\\\/www.abidcars.com\\\/blog\\\/#website\",\"url\":\"https:\\\/\\\/www.abidcars.com\\\/blog\\\/\",\"name\":\"Abid Cars Blog\",\"description\":\"Blog th\u00e9matique sur le Maroc, les voitures et la location des voitures au Maroc\",\"publisher\":{\"@id\":\"https:\\\/\\\/www.abidcars.com\\\/blog\\\/#organization\"},\"potentialAction\":[{\"@type\":\"SearchAction\",\"target\":{\"@type\":\"EntryPoint\",\"urlTemplate\":\"https:\\\/\\\/www.abidcars.com\\\/blog\\\/?s={search_term_string}\"},\"query-input\":{\"@type\":\"PropertyValueSpecification\",\"valueRequired\":true,\"valueName\":\"search_term_string\"}}],\"inLanguage\":\"fr-FR\"},{\"@type\":\"Organization\",\"@id\":\"https:\\\/\\\/www.abidcars.com\\\/blog\\\/#organization\",\"name\":\"Abid Cars Blog\",\"url\":\"https:\\\/\\\/www.abidcars.com\\\/blog\\\/\",\"logo\":{\"@type\":\"ImageObject\",\"inLanguage\":\"fr-FR\",\"@id\":\"https:\\\/\\\/www.abidcars.com\\\/blog\\\/#\\\/schema\\\/logo\\\/image\\\/\",\"url\":\"https:\\\/\\\/www.abidcars.com\\\/blog\\\/wp-content\\\/uploads\\\/2016\\\/05\\\/annif-logo-en.png\",\"contentUrl\":\"https:\\\/\\\/www.abidcars.com\\\/blog\\\/wp-content\\\/uploads\\\/2016\\\/05\\\/annif-logo-en.png\",\"width\":446,\"height\":133,\"caption\":\"Abid Cars Blog\"},\"image\":{\"@id\":\"https:\\\/\\\/www.abidcars.com\\\/blog\\\/#\\\/schema\\\/logo\\\/image\\\/\"},\"sameAs\":[\"https:\\\/\\\/www.facebook.com\\\/pages\\\/Abid-Cars-Location-de-voitures-au-Maroc-Car-rental-in-Morocco\\\/413704925369982\",\"https:\\\/\\\/x.com\\\/ABIDCARS\"]},{\"@type\":\"Person\",\"@id\":\"https:\\\/\\\/www.abidcars.com\\\/blog\\\/#\\\/schema\\\/person\\\/2b59c9ae82f9ff1f0a5936cdfc36aeaf\",\"name\":\"Marie-Alix\",\"image\":{\"@type\":\"ImageObject\",\"inLanguage\":\"fr-FR\",\"@id\":\"https:\\\/\\\/secure.gravatar.com\\\/avatar\\\/8b66fa6d9e720f548e72191a78d23d9d3c371f7ce6c01e929e706d923e670be2?s=96&d=initials&r=g&initials=am\",\"url\":\"https:\\\/\\\/secure.gravatar.com\\\/avatar\\\/8b66fa6d9e720f548e72191a78d23d9d3c371f7ce6c01e929e706d923e670be2?s=96&d=initials&r=g&initials=am\",\"contentUrl\":\"https:\\\/\\\/secure.gravatar.com\\\/avatar\\\/8b66fa6d9e720f548e72191a78d23d9d3c371f7ce6c01e929e706d923e670be2?s=96&d=initials&r=g&initials=am\",\"caption\":\"Marie-Alix\"},\"description\":\"R\u00e9dactrice &amp; blogueuse chez TECHNOLOGY &amp; TELECOM\",\"sameAs\":[\"http:\\\/\\\/www.t-t.ma\"],\"url\":\"https:\\\/\\\/www.abidcars.com\\\/blog\\\/author\\\/m-alix\\\/\"}]}<\/script>\n<!-- \/ Yoast SEO plugin. -->","yoast_head_json":{"title":"Bient\u00f4t la disparition des voitures Mercedes 240D au Maroc? - Abid Cars Blog","description":"Les voitures des grands taxis au Maroc, entre le quotidien et les esp\u00e9rances , au coeur du d\u00e9bat entre l'\u00e9tat et les professionnels.","robots":{"index":"index","follow":"follow","max-snippet":"max-snippet:-1","max-image-preview":"max-image-preview:large","max-video-preview":"max-video-preview:-1"},"canonical":"https:\/\/www.abidcars.com\/blog\/disparition-voitures-mercedes-240d-au-maroc\/","og_locale":"fr_FR","og_type":"article","og_title":"Bient\u00f4t la disparition des voitures Mercedes 240D au Maroc? - Abid Cars Blog","og_description":"Les voitures des grands taxis au Maroc, entre le quotidien et les esp\u00e9rances , au coeur du d\u00e9bat entre l'\u00e9tat et les professionnels.","og_url":"https:\/\/www.abidcars.com\/blog\/disparition-voitures-mercedes-240d-au-maroc\/","og_site_name":"Abid Cars Blog","article_publisher":"https:\/\/www.facebook.com\/pages\/Abid-Cars-Location-de-voitures-au-Maroc-Car-rental-in-Morocco\/413704925369982","article_published_time":"2014-08-14T09:55:32+00:00","article_modified_time":"2015-10-13T15:04:28+00:00","og_image":[{"width":630,"height":427,"url":"https:\/\/www.abidcars.com\/blog\/wp-content\/uploads\/2014\/08\/taxiblancx.jpg","type":"image\/jpeg"}],"author":"Marie-Alix","twitter_card":"summary_large_image","twitter_creator":"@ABIDCARS","twitter_site":"@ABIDCARS","twitter_misc":{"\u00c9crit par":"Marie-Alix","Dur\u00e9e de lecture estim\u00e9e":"4 minutes"},"schema":{"@context":"https:\/\/schema.org","@graph":[{"@type":"Article","@id":"https:\/\/www.abidcars.com\/blog\/disparition-voitures-mercedes-240d-au-maroc\/#article","isPartOf":{"@id":"https:\/\/www.abidcars.com\/blog\/disparition-voitures-mercedes-240d-au-maroc\/"},"author":{"name":"Marie-Alix","@id":"https:\/\/www.abidcars.com\/blog\/#\/schema\/person\/2b59c9ae82f9ff1f0a5936cdfc36aeaf"},"headline":"Bient\u00f4t la disparition des voitures Mercedes 240D au Maroc?","datePublished":"2014-08-14T09:55:32+00:00","dateModified":"2015-10-13T15:04:28+00:00","mainEntityOfPage":{"@id":"https:\/\/www.abidcars.com\/blog\/disparition-voitures-mercedes-240d-au-maroc\/"},"wordCount":777,"commentCount":0,"publisher":{"@id":"https:\/\/www.abidcars.com\/blog\/#organization"},"image":{"@id":"https:\/\/www.abidcars.com\/blog\/disparition-voitures-mercedes-240d-au-maroc\/#primaryimage"},"thumbnailUrl":"https:\/\/www.abidcars.com\/blog\/wp-content\/uploads\/2014\/08\/taxiblancx.jpg","keywords":["casablanca","maroc","taxi blanc","v\u00e9hicule","voitures"],"articleSection":["Agadir","Casablanca","F\u00e8s","Fran\u00e7ais","Marrakech","Rabat","Tanger"],"inLanguage":"fr-FR","potentialAction":[{"@type":"CommentAction","name":"Comment","target":["https:\/\/www.abidcars.com\/blog\/disparition-voitures-mercedes-240d-au-maroc\/#respond"]}]},{"@type":"WebPage","@id":"https:\/\/www.abidcars.com\/blog\/disparition-voitures-mercedes-240d-au-maroc\/","url":"https:\/\/www.abidcars.com\/blog\/disparition-voitures-mercedes-240d-au-maroc\/","name":"Bient\u00f4t la disparition des voitures Mercedes 240D au Maroc? - Abid Cars Blog","isPartOf":{"@id":"https:\/\/www.abidcars.com\/blog\/#website"},"primaryImageOfPage":{"@id":"https:\/\/www.abidcars.com\/blog\/disparition-voitures-mercedes-240d-au-maroc\/#primaryimage"},"image":{"@id":"https:\/\/www.abidcars.com\/blog\/disparition-voitures-mercedes-240d-au-maroc\/#primaryimage"},"thumbnailUrl":"https:\/\/www.abidcars.com\/blog\/wp-content\/uploads\/2014\/08\/taxiblancx.jpg","datePublished":"2014-08-14T09:55:32+00:00","dateModified":"2015-10-13T15:04:28+00:00","description":"Les voitures des grands taxis au Maroc, entre le quotidien et les esp\u00e9rances , au coeur du d\u00e9bat entre l'\u00e9tat et les professionnels.","breadcrumb":{"@id":"https:\/\/www.abidcars.com\/blog\/disparition-voitures-mercedes-240d-au-maroc\/#breadcrumb"},"inLanguage":"fr-FR","potentialAction":[{"@type":"ReadAction","target":["https:\/\/www.abidcars.com\/blog\/disparition-voitures-mercedes-240d-au-maroc\/"]}]},{"@type":"ImageObject","inLanguage":"fr-FR","@id":"https:\/\/www.abidcars.com\/blog\/disparition-voitures-mercedes-240d-au-maroc\/#primaryimage","url":"https:\/\/www.abidcars.com\/blog\/wp-content\/uploads\/2014\/08\/taxiblancx.jpg","contentUrl":"https:\/\/www.abidcars.com\/blog\/wp-content\/uploads\/2014\/08\/taxiblancx.jpg","width":630,"height":427},{"@type":"BreadcrumbList","@id":"https:\/\/www.abidcars.com\/blog\/disparition-voitures-mercedes-240d-au-maroc\/#breadcrumb","itemListElement":[{"@type":"ListItem","position":1,"name":"Blog","item":"https:\/\/www.abidcars.com\/blog\/"},{"@type":"ListItem","position":2,"name":"Bient\u00f4t la disparition des voitures Mercedes 240D au Maroc?"}]},{"@type":"WebSite","@id":"https:\/\/www.abidcars.com\/blog\/#website","url":"https:\/\/www.abidcars.com\/blog\/","name":"Abid Cars Blog","description":"Blog th\u00e9matique sur le Maroc, les voitures et la location des voitures au Maroc","publisher":{"@id":"https:\/\/www.abidcars.com\/blog\/#organization"},"potentialAction":[{"@type":"SearchAction","target":{"@type":"EntryPoint","urlTemplate":"https:\/\/www.abidcars.com\/blog\/?s={search_term_string}"},"query-input":{"@type":"PropertyValueSpecification","valueRequired":true,"valueName":"search_term_string"}}],"inLanguage":"fr-FR"},{"@type":"Organization","@id":"https:\/\/www.abidcars.com\/blog\/#organization","name":"Abid Cars Blog","url":"https:\/\/www.abidcars.com\/blog\/","logo":{"@type":"ImageObject","inLanguage":"fr-FR","@id":"https:\/\/www.abidcars.com\/blog\/#\/schema\/logo\/image\/","url":"https:\/\/www.abidcars.com\/blog\/wp-content\/uploads\/2016\/05\/annif-logo-en.png","contentUrl":"https:\/\/www.abidcars.com\/blog\/wp-content\/uploads\/2016\/05\/annif-logo-en.png","width":446,"height":133,"caption":"Abid Cars Blog"},"image":{"@id":"https:\/\/www.abidcars.com\/blog\/#\/schema\/logo\/image\/"},"sameAs":["https:\/\/www.facebook.com\/pages\/Abid-Cars-Location-de-voitures-au-Maroc-Car-rental-in-Morocco\/413704925369982","https:\/\/x.com\/ABIDCARS"]},{"@type":"Person","@id":"https:\/\/www.abidcars.com\/blog\/#\/schema\/person\/2b59c9ae82f9ff1f0a5936cdfc36aeaf","name":"Marie-Alix","image":{"@type":"ImageObject","inLanguage":"fr-FR","@id":"https:\/\/secure.gravatar.com\/avatar\/8b66fa6d9e720f548e72191a78d23d9d3c371f7ce6c01e929e706d923e670be2?s=96&d=initials&r=g&initials=am","url":"https:\/\/secure.gravatar.com\/avatar\/8b66fa6d9e720f548e72191a78d23d9d3c371f7ce6c01e929e706d923e670be2?s=96&d=initials&r=g&initials=am","contentUrl":"https:\/\/secure.gravatar.com\/avatar\/8b66fa6d9e720f548e72191a78d23d9d3c371f7ce6c01e929e706d923e670be2?s=96&d=initials&r=g&initials=am","caption":"Marie-Alix"},"description":"R\u00e9dactrice &amp; blogueuse chez TECHNOLOGY &amp; TELECOM","sameAs":["http:\/\/www.t-t.ma"],"url":"https:\/\/www.abidcars.com\/blog\/author\/m-alix\/"}]}},"amp_enabled":true,"_links":{"self":[{"href":"https:\/\/www.abidcars.com\/blog\/wp-json\/wp\/v2\/posts\/252","targetHints":{"allow":["GET"]}}],"collection":[{"href":"https:\/\/www.abidcars.com\/blog\/wp-json\/wp\/v2\/posts"}],"about":[{"href":"https:\/\/www.abidcars.com\/blog\/wp-json\/wp\/v2\/types\/post"}],"author":[{"embeddable":true,"href":"https:\/\/www.abidcars.com\/blog\/wp-json\/wp\/v2\/users\/3"}],"replies":[{"embeddable":true,"href":"https:\/\/www.abidcars.com\/blog\/wp-json\/wp\/v2\/comments?post=252"}],"version-history":[{"count":28,"href":"https:\/\/www.abidcars.com\/blog\/wp-json\/wp\/v2\/posts\/252\/revisions"}],"predecessor-version":[{"id":809,"href":"https:\/\/www.abidcars.com\/blog\/wp-json\/wp\/v2\/posts\/252\/revisions\/809"}],"wp:featuredmedia":[{"embeddable":true,"href":"https:\/\/www.abidcars.com\/blog\/wp-json\/wp\/v2\/media\/255"}],"wp:attachment":[{"href":"https:\/\/www.abidcars.com\/blog\/wp-json\/wp\/v2\/media?parent=252"}],"wp:term":[{"taxonomy":"category","embeddable":true,"href":"https:\/\/www.abidcars.com\/blog\/wp-json\/wp\/v2\/categories?post=252"},{"taxonomy":"post_tag","embeddable":true,"href":"https:\/\/www.abidcars.com\/blog\/wp-json\/wp\/v2\/tags?post=252"}],"curies":[{"name":"wp","href":"https:\/\/api.w.org\/{rel}","templated":true}]}}