{"id":420,"date":"2015-01-16T17:01:51","date_gmt":"2015-01-16T16:01:51","guid":{"rendered":"https:\/\/www.abidcars.com\/blog\/?p=420"},"modified":"2015-07-13T11:11:02","modified_gmt":"2015-07-13T10:11:02","slug":"le-marche-de-la-construction-automobile-au-maroc","status":"publish","type":"post","link":"https:\/\/www.abidcars.com\/blog\/le-marche-de-la-construction-automobile-au-maroc\/","title":{"rendered":"Le march\u00e9 de la construction automobile au Maroc"},"content":{"rendered":"<p style=\"text-align: justify;\">Bien que le constructeur automobile fran\u00e7ais PSA \/ Peugeot-Citroen nie n\u00e9gocier pour une usine d&rsquo;assemblage low-cost au Maroc, des sources du march\u00e9 confirment que \u00ab\u00a0des discussions s\u00e9rieuses sont en cours entre les responsables marocains et plusieurs constructeurs dont PSA.\u00a0\u00bb<\/p>\n<p style=\"text-align: justify;\">Il est logique pour PSA de produire des voitures au Maroc. Son rival fran\u00e7ais Renault poss\u00e8de d\u00e9j\u00e0 une usine sur Tanger. On parle aussi d&rsquo;un centre de recherche et de d\u00e9veloppement au Maroc pour aider l&rsquo;entreprise \u00e0 servir les march\u00e9s du Moyen-Orient et d\u2019Afrique du Nord plus efficacement et ajouter de la saveur plus locale \u00e0 leurs voitures.<\/p>\n<p style=\"text-align: justify;\">Le chef de la direction financi\u00e8re du PSA Jean-Baptiste de Chatillon a dit quelque chose r\u00e9v\u00e9lante au d\u00e9but de cette ann\u00e9e. Il a confirm\u00e9 que l&rsquo;entreprise \u00ab\u00a0ne peut pas continuer de vendre des voitures en Turquie ou en Afrique du Nord qui ont \u00e9t\u00e9 faites en France ou dans la zone euro\u00a0\u00bb. Le PDG Carlos Tavaris s\u2019est engag\u00e9 \u00e0 r\u00e9duire les co\u00fbts et de retourner le constructeur automobile \u00e0 but lucratif. Il pr\u00e9voit de le faire par l&rsquo;externalisation et montage de voitures dans des endroits low-cost comme le Maroc. On sait que cette approche peut \u00eatre le seul moyen de sortir pour PSA qui a \u00e9t\u00e9 d\u00e9pendante de l&rsquo;Europe et d\u2019un segment mid-market qui a souffert pendant l\u2019actuelle r\u00e9cession concernant la demande et les prix.<\/p>\n<p style=\"text-align: justify;\">Alors que Renault a trouv\u00e9 son salut dans la ligne de production <a href=\"https:\/\/www.abidcars.com\/5-location-de-voiture-Dacia-Logan\" target=\"_blank\">low-cost Dacia<\/a>, la Peugeot 301 et Citro\u00ebn C-Elys\u00e9e sont les mod\u00e8les les plus proches que la soci\u00e9t\u00e9 a actuellement \u00e0 offrir. Les deux voitures sont construites en Espagne sur les architectures r\u00e9duites des mod\u00e8les plus co\u00fbteux.<\/p>\n<p style=\"text-align: justify;\">Le d\u00e9fi devient de plus en plus difficile pour Peugeot avec l\u2019annoncement de Renault-Tanger de son plan de produire des \u201cUltra low-cost\u00a0\u00bb v\u00e9hicules pour les march\u00e9s europ\u00e9ens et africains. La d\u00e9cision finale devrait \u00eatre prise en ce mois par le PDG de Renault Carlos Ghosn. Apr\u00e8s le succ\u00e8s de sa marque Dacia et ses mod\u00e8les \u00e0 bas prix, le groupe fran\u00e7ais Renault envisage maintenant de produire des \u00ab\u00a0ultra low-cost\u00a0\u00bb avec le lancement de quatre mod\u00e8les plus petits, avec un prix qui ne d\u00e9passe pas 400000 DH (35000 \u20ac).<\/p>\n<p style=\"text-align: justify;\">La question de d\u00e9placer la production hors de l&rsquo;UE, et la France en particulier, reste tr\u00e8s sensible pour les syndicats et le gouvernement fran\u00e7ais, en particulier avec le taux de ch\u00f4mage qui a atteint les 10 %. Les plantes de la compagnie \u00e0 Rennes et \u00e0 Poissy restent vuln\u00e9rables \u00e0 des nouvelles coupes dans l&rsquo;avenir. Cela explique l\u2019h\u00e9sitation de commenter sur ce plans au Maroc publiquement.<\/p>\n<p style=\"text-align: justify;\">Il peut \u00eatre int\u00e9ressant pour le GCC de commencer \u00e0 formuler des plans pour offrir un programme de mesures incitatives pour les constructeurs automobiles \u00e0 les inciter \u00e0 mettre en place des plantes dans la r\u00e9gion. La r\u00e9gion de Tanger est l&rsquo;h\u00f4te de quelques-unes des plus grandes installations du monde en aluminium, les produits p\u00e9trochimiques et d&rsquo;autres produits industriels et de l&rsquo;\u00e9nergie. Le Maroc dispose \u00e9galement d&rsquo;une demande dynamique pour environ un million de voitures chaque ann\u00e9e. Il semble naturel que la prochaine \u00e9tape devrait \u00eatre la mise en place d&rsquo;une usine d&rsquo;assemblage pour servir les march\u00e9s r\u00e9gionaux.<\/p>\n<p style=\"text-align: justify;\"><strong><span style=\"text-decoration: underline;\">Mise \u00e0 jour<\/span> :<br \/>\nPSA \/ Peugeot-Citro\u00ebn a d\u00e9voil\u00e9 ses plans pour construire une usine marocaine de 557 millions d&rsquo;euros \u00e0 K\u00e9nitra, comme le constructeur cherche \u00e0 r\u00e9duire les co\u00fbts de production et sa d\u00e9pendance \u00e0 l&rsquo;Europe.<br \/>\nL&rsquo;usine\u00a0commencera l&rsquo;assemblage des\u00a0berlines compactes et des\u00a0citadines pour l&rsquo;Afrique et le Moyen-Orient en 2019. On pr\u00e9voit une capacit\u00e9 de production annuelle initiale de 90.000 v\u00e9hicules qui pourra aller jusqu&rsquo;\u00e0 200.000 v\u00e9hicules\u00a0d&rsquo;ici \u00e0 2023, a d\u00e9clar\u00e9 le PDG Carlos Tavares apr\u00e8s la signature de l&rsquo;accord d&rsquo;investissement au palais royal \u00e0 Rabat le vendredi <span style=\"color: #808080;\">19 juin 2015<\/span>.<br \/>\nLes mod\u00e8les construits au Maroc sont susceptibles de remplacer la Peugeot 301 et la Citro\u00ebn C-Elys\u00e9e produites \u00e0 Vigo, en Espagne.\u00a0Ils seront construits sur une nouvelle architecture de v\u00e9hicule low-cost, CMP (anciennement appel\u00e9e EMP1), d\u00e9velopp\u00e9e avec son partenaire chinois Dongfeng.<\/strong><\/p>\n","protected":false},"excerpt":{"rendered":"<p>Bien que le constructeur automobile fran\u00e7ais PSA \/ Peugeot-Citroen nie n\u00e9gocier pour [&hellip;]<\/p>\n","protected":false},"author":4,"featured_media":424,"comment_status":"open","ping_status":"open","sticky":false,"template":"","format":"standard","meta":{"footnotes":""},"categories":[44,2,45,99],"tags":[71,72,73,70],"class_list":["post-420","post","type-post","status-publish","format-standard","has-post-thumbnail","hentry","category-divers","category-fr","category-maroc","category-tanger","tag-construction-automobile-au-maroc","tag-peugeot","tag-renault","tag-voitures-low-cost"],"yoast_head":"<!-- This site is optimized with the Yoast SEO plugin v27.4 - https:\/\/yoast.com\/product\/yoast-seo-wordpress\/ -->\n<title>Le march\u00e9 de la construction automobile au Maroc - Abid Cars Blog<\/title>\n<meta name=\"description\" content=\"Bien que le constructeur automobile fran\u00e7ais PSA \/ Peugeot-Citroen nie n\u00e9gocier pour une usine d&#039;assemblage low-cost au Maroc, la construction automobile...\" \/>\n<meta name=\"robots\" content=\"index, follow, max-snippet:-1, max-image-preview:large, max-video-preview:-1\" \/>\n<link rel=\"canonical\" href=\"https:\/\/www.abidcars.com\/blog\/le-marche-de-la-construction-automobile-au-maroc\/\" \/>\n<meta property=\"og:locale\" content=\"fr_FR\" \/>\n<meta property=\"og:type\" content=\"article\" \/>\n<meta property=\"og:title\" content=\"Le march\u00e9 de la construction automobile au Maroc - Abid Cars Blog\" \/>\n<meta property=\"og:description\" content=\"Bien que le constructeur automobile fran\u00e7ais PSA \/ Peugeot-Citroen nie n\u00e9gocier pour une usine d&#039;assemblage low-cost au Maroc, la construction automobile...\" \/>\n<meta property=\"og:url\" content=\"https:\/\/www.abidcars.com\/blog\/le-marche-de-la-construction-automobile-au-maroc\/\" \/>\n<meta property=\"og:site_name\" content=\"Abid Cars Blog\" \/>\n<meta property=\"article:publisher\" content=\"https:\/\/www.facebook.com\/pages\/Abid-Cars-Location-de-voitures-au-Maroc-Car-rental-in-Morocco\/413704925369982\" \/>\n<meta property=\"article:published_time\" content=\"2015-01-16T16:01:51+00:00\" \/>\n<meta property=\"article:modified_time\" content=\"2015-07-13T10:11:02+00:00\" \/>\n<meta property=\"og:image\" content=\"https:\/\/www.abidcars.com\/blog\/wp-content\/uploads\/2015\/01\/logan.jpg\" \/>\n\t<meta property=\"og:image:width\" content=\"900\" \/>\n\t<meta property=\"og:image:height\" content=\"589\" \/>\n\t<meta property=\"og:image:type\" content=\"image\/jpeg\" \/>\n<meta name=\"author\" content=\"Mariam\" \/>\n<meta name=\"twitter:card\" content=\"summary_large_image\" \/>\n<meta name=\"twitter:creator\" content=\"@ABIDCARS\" \/>\n<meta name=\"twitter:site\" content=\"@ABIDCARS\" \/>\n<meta name=\"twitter:label1\" content=\"\u00c9crit par\" \/>\n\t<meta name=\"twitter:data1\" content=\"Mariam\" \/>\n\t<meta name=\"twitter:label2\" content=\"Dur\u00e9e de lecture estim\u00e9e\" \/>\n\t<meta name=\"twitter:data2\" content=\"3 minutes\" \/>\n<script type=\"application\/ld+json\" class=\"yoast-schema-graph\">{\"@context\":\"https:\\\/\\\/schema.org\",\"@graph\":[{\"@type\":\"Article\",\"@id\":\"https:\\\/\\\/www.abidcars.com\\\/blog\\\/le-marche-de-la-construction-automobile-au-maroc\\\/#article\",\"isPartOf\":{\"@id\":\"https:\\\/\\\/www.abidcars.com\\\/blog\\\/le-marche-de-la-construction-automobile-au-maroc\\\/\"},\"author\":{\"name\":\"Mariam\",\"@id\":\"https:\\\/\\\/www.abidcars.com\\\/blog\\\/#\\\/schema\\\/person\\\/fcbbcbcc98a6e3007072f0bec6e75937\"},\"headline\":\"Le march\u00e9 de la construction automobile au Maroc\",\"datePublished\":\"2015-01-16T16:01:51+00:00\",\"dateModified\":\"2015-07-13T10:11:02+00:00\",\"mainEntityOfPage\":{\"@id\":\"https:\\\/\\\/www.abidcars.com\\\/blog\\\/le-marche-de-la-construction-automobile-au-maroc\\\/\"},\"wordCount\":726,\"commentCount\":1,\"publisher\":{\"@id\":\"https:\\\/\\\/www.abidcars.com\\\/blog\\\/#organization\"},\"image\":{\"@id\":\"https:\\\/\\\/www.abidcars.com\\\/blog\\\/le-marche-de-la-construction-automobile-au-maroc\\\/#primaryimage\"},\"thumbnailUrl\":\"https:\\\/\\\/www.abidcars.com\\\/blog\\\/wp-content\\\/uploads\\\/2015\\\/01\\\/logan.jpg\",\"keywords\":[\"construction automobile au maroc\",\"Peugeot\",\"Renault\",\"voitures low-cost\"],\"articleSection\":[\"Divers\",\"Fran\u00e7ais\",\"Maroc\",\"Tanger\"],\"inLanguage\":\"fr-FR\",\"potentialAction\":[{\"@type\":\"CommentAction\",\"name\":\"Comment\",\"target\":[\"https:\\\/\\\/www.abidcars.com\\\/blog\\\/le-marche-de-la-construction-automobile-au-maroc\\\/#respond\"]}]},{\"@type\":\"WebPage\",\"@id\":\"https:\\\/\\\/www.abidcars.com\\\/blog\\\/le-marche-de-la-construction-automobile-au-maroc\\\/\",\"url\":\"https:\\\/\\\/www.abidcars.com\\\/blog\\\/le-marche-de-la-construction-automobile-au-maroc\\\/\",\"name\":\"Le march\u00e9 de la construction automobile au Maroc - Abid Cars Blog\",\"isPartOf\":{\"@id\":\"https:\\\/\\\/www.abidcars.com\\\/blog\\\/#website\"},\"primaryImageOfPage\":{\"@id\":\"https:\\\/\\\/www.abidcars.com\\\/blog\\\/le-marche-de-la-construction-automobile-au-maroc\\\/#primaryimage\"},\"image\":{\"@id\":\"https:\\\/\\\/www.abidcars.com\\\/blog\\\/le-marche-de-la-construction-automobile-au-maroc\\\/#primaryimage\"},\"thumbnailUrl\":\"https:\\\/\\\/www.abidcars.com\\\/blog\\\/wp-content\\\/uploads\\\/2015\\\/01\\\/logan.jpg\",\"datePublished\":\"2015-01-16T16:01:51+00:00\",\"dateModified\":\"2015-07-13T10:11:02+00:00\",\"description\":\"Bien que le constructeur automobile fran\u00e7ais PSA \\\/ Peugeot-Citroen nie n\u00e9gocier pour une usine d'assemblage low-cost au Maroc, la construction automobile...\",\"breadcrumb\":{\"@id\":\"https:\\\/\\\/www.abidcars.com\\\/blog\\\/le-marche-de-la-construction-automobile-au-maroc\\\/#breadcrumb\"},\"inLanguage\":\"fr-FR\",\"potentialAction\":[{\"@type\":\"ReadAction\",\"target\":[\"https:\\\/\\\/www.abidcars.com\\\/blog\\\/le-marche-de-la-construction-automobile-au-maroc\\\/\"]}]},{\"@type\":\"ImageObject\",\"inLanguage\":\"fr-FR\",\"@id\":\"https:\\\/\\\/www.abidcars.com\\\/blog\\\/le-marche-de-la-construction-automobile-au-maroc\\\/#primaryimage\",\"url\":\"https:\\\/\\\/www.abidcars.com\\\/blog\\\/wp-content\\\/uploads\\\/2015\\\/01\\\/logan.jpg\",\"contentUrl\":\"https:\\\/\\\/www.abidcars.com\\\/blog\\\/wp-content\\\/uploads\\\/2015\\\/01\\\/logan.jpg\",\"width\":900,\"height\":589},{\"@type\":\"BreadcrumbList\",\"@id\":\"https:\\\/\\\/www.abidcars.com\\\/blog\\\/le-marche-de-la-construction-automobile-au-maroc\\\/#breadcrumb\",\"itemListElement\":[{\"@type\":\"ListItem\",\"position\":1,\"name\":\"Blog\",\"item\":\"https:\\\/\\\/www.abidcars.com\\\/blog\\\/\"},{\"@type\":\"ListItem\",\"position\":2,\"name\":\"Le march\u00e9 de la construction automobile au Maroc\"}]},{\"@type\":\"WebSite\",\"@id\":\"https:\\\/\\\/www.abidcars.com\\\/blog\\\/#website\",\"url\":\"https:\\\/\\\/www.abidcars.com\\\/blog\\\/\",\"name\":\"Abid Cars Blog\",\"description\":\"Blog th\u00e9matique sur le Maroc, les voitures et la location des voitures au Maroc\",\"publisher\":{\"@id\":\"https:\\\/\\\/www.abidcars.com\\\/blog\\\/#organization\"},\"potentialAction\":[{\"@type\":\"SearchAction\",\"target\":{\"@type\":\"EntryPoint\",\"urlTemplate\":\"https:\\\/\\\/www.abidcars.com\\\/blog\\\/?s={search_term_string}\"},\"query-input\":{\"@type\":\"PropertyValueSpecification\",\"valueRequired\":true,\"valueName\":\"search_term_string\"}}],\"inLanguage\":\"fr-FR\"},{\"@type\":\"Organization\",\"@id\":\"https:\\\/\\\/www.abidcars.com\\\/blog\\\/#organization\",\"name\":\"Abid Cars Blog\",\"url\":\"https:\\\/\\\/www.abidcars.com\\\/blog\\\/\",\"logo\":{\"@type\":\"ImageObject\",\"inLanguage\":\"fr-FR\",\"@id\":\"https:\\\/\\\/www.abidcars.com\\\/blog\\\/#\\\/schema\\\/logo\\\/image\\\/\",\"url\":\"https:\\\/\\\/www.abidcars.com\\\/blog\\\/wp-content\\\/uploads\\\/2016\\\/05\\\/annif-logo-en.png\",\"contentUrl\":\"https:\\\/\\\/www.abidcars.com\\\/blog\\\/wp-content\\\/uploads\\\/2016\\\/05\\\/annif-logo-en.png\",\"width\":446,\"height\":133,\"caption\":\"Abid Cars Blog\"},\"image\":{\"@id\":\"https:\\\/\\\/www.abidcars.com\\\/blog\\\/#\\\/schema\\\/logo\\\/image\\\/\"},\"sameAs\":[\"https:\\\/\\\/www.facebook.com\\\/pages\\\/Abid-Cars-Location-de-voitures-au-Maroc-Car-rental-in-Morocco\\\/413704925369982\",\"https:\\\/\\\/x.com\\\/ABIDCARS\"]},{\"@type\":\"Person\",\"@id\":\"https:\\\/\\\/www.abidcars.com\\\/blog\\\/#\\\/schema\\\/person\\\/fcbbcbcc98a6e3007072f0bec6e75937\",\"name\":\"Mariam\",\"image\":{\"@type\":\"ImageObject\",\"inLanguage\":\"fr-FR\",\"@id\":\"https:\\\/\\\/secure.gravatar.com\\\/avatar\\\/6672d7c09d7ea789b57671810e6b3885117a7589638e50bde15fe09967b9f4b5?s=96&d=initials&r=g&initials=it\",\"url\":\"https:\\\/\\\/secure.gravatar.com\\\/avatar\\\/6672d7c09d7ea789b57671810e6b3885117a7589638e50bde15fe09967b9f4b5?s=96&d=initials&r=g&initials=it\",\"contentUrl\":\"https:\\\/\\\/secure.gravatar.com\\\/avatar\\\/6672d7c09d7ea789b57671810e6b3885117a7589638e50bde15fe09967b9f4b5?s=96&d=initials&r=g&initials=it\",\"caption\":\"Mariam\"},\"sameAs\":[\"http:\\\/\\\/www.t-t.ma\"],\"url\":\"https:\\\/\\\/www.abidcars.com\\\/blog\\\/author\\\/mzk-mariam\\\/\"}]}<\/script>\n<!-- \/ Yoast SEO plugin. -->","yoast_head_json":{"title":"Le march\u00e9 de la construction automobile au Maroc - Abid Cars Blog","description":"Bien que le constructeur automobile fran\u00e7ais PSA \/ Peugeot-Citroen nie n\u00e9gocier pour une usine d'assemblage low-cost au Maroc, la construction automobile...","robots":{"index":"index","follow":"follow","max-snippet":"max-snippet:-1","max-image-preview":"max-image-preview:large","max-video-preview":"max-video-preview:-1"},"canonical":"https:\/\/www.abidcars.com\/blog\/le-marche-de-la-construction-automobile-au-maroc\/","og_locale":"fr_FR","og_type":"article","og_title":"Le march\u00e9 de la construction automobile au Maroc - Abid Cars Blog","og_description":"Bien que le constructeur automobile fran\u00e7ais PSA \/ Peugeot-Citroen nie n\u00e9gocier pour une usine d'assemblage low-cost au Maroc, la construction automobile...","og_url":"https:\/\/www.abidcars.com\/blog\/le-marche-de-la-construction-automobile-au-maroc\/","og_site_name":"Abid Cars Blog","article_publisher":"https:\/\/www.facebook.com\/pages\/Abid-Cars-Location-de-voitures-au-Maroc-Car-rental-in-Morocco\/413704925369982","article_published_time":"2015-01-16T16:01:51+00:00","article_modified_time":"2015-07-13T10:11:02+00:00","og_image":[{"width":900,"height":589,"url":"https:\/\/www.abidcars.com\/blog\/wp-content\/uploads\/2015\/01\/logan.jpg","type":"image\/jpeg"}],"author":"Mariam","twitter_card":"summary_large_image","twitter_creator":"@ABIDCARS","twitter_site":"@ABIDCARS","twitter_misc":{"\u00c9crit par":"Mariam","Dur\u00e9e de lecture estim\u00e9e":"3 minutes"},"schema":{"@context":"https:\/\/schema.org","@graph":[{"@type":"Article","@id":"https:\/\/www.abidcars.com\/blog\/le-marche-de-la-construction-automobile-au-maroc\/#article","isPartOf":{"@id":"https:\/\/www.abidcars.com\/blog\/le-marche-de-la-construction-automobile-au-maroc\/"},"author":{"name":"Mariam","@id":"https:\/\/www.abidcars.com\/blog\/#\/schema\/person\/fcbbcbcc98a6e3007072f0bec6e75937"},"headline":"Le march\u00e9 de la construction automobile au Maroc","datePublished":"2015-01-16T16:01:51+00:00","dateModified":"2015-07-13T10:11:02+00:00","mainEntityOfPage":{"@id":"https:\/\/www.abidcars.com\/blog\/le-marche-de-la-construction-automobile-au-maroc\/"},"wordCount":726,"commentCount":1,"publisher":{"@id":"https:\/\/www.abidcars.com\/blog\/#organization"},"image":{"@id":"https:\/\/www.abidcars.com\/blog\/le-marche-de-la-construction-automobile-au-maroc\/#primaryimage"},"thumbnailUrl":"https:\/\/www.abidcars.com\/blog\/wp-content\/uploads\/2015\/01\/logan.jpg","keywords":["construction automobile au maroc","Peugeot","Renault","voitures low-cost"],"articleSection":["Divers","Fran\u00e7ais","Maroc","Tanger"],"inLanguage":"fr-FR","potentialAction":[{"@type":"CommentAction","name":"Comment","target":["https:\/\/www.abidcars.com\/blog\/le-marche-de-la-construction-automobile-au-maroc\/#respond"]}]},{"@type":"WebPage","@id":"https:\/\/www.abidcars.com\/blog\/le-marche-de-la-construction-automobile-au-maroc\/","url":"https:\/\/www.abidcars.com\/blog\/le-marche-de-la-construction-automobile-au-maroc\/","name":"Le march\u00e9 de la construction automobile au Maroc - Abid Cars Blog","isPartOf":{"@id":"https:\/\/www.abidcars.com\/blog\/#website"},"primaryImageOfPage":{"@id":"https:\/\/www.abidcars.com\/blog\/le-marche-de-la-construction-automobile-au-maroc\/#primaryimage"},"image":{"@id":"https:\/\/www.abidcars.com\/blog\/le-marche-de-la-construction-automobile-au-maroc\/#primaryimage"},"thumbnailUrl":"https:\/\/www.abidcars.com\/blog\/wp-content\/uploads\/2015\/01\/logan.jpg","datePublished":"2015-01-16T16:01:51+00:00","dateModified":"2015-07-13T10:11:02+00:00","description":"Bien que le constructeur automobile fran\u00e7ais PSA \/ Peugeot-Citroen nie n\u00e9gocier pour une usine d'assemblage low-cost au Maroc, la construction automobile...","breadcrumb":{"@id":"https:\/\/www.abidcars.com\/blog\/le-marche-de-la-construction-automobile-au-maroc\/#breadcrumb"},"inLanguage":"fr-FR","potentialAction":[{"@type":"ReadAction","target":["https:\/\/www.abidcars.com\/blog\/le-marche-de-la-construction-automobile-au-maroc\/"]}]},{"@type":"ImageObject","inLanguage":"fr-FR","@id":"https:\/\/www.abidcars.com\/blog\/le-marche-de-la-construction-automobile-au-maroc\/#primaryimage","url":"https:\/\/www.abidcars.com\/blog\/wp-content\/uploads\/2015\/01\/logan.jpg","contentUrl":"https:\/\/www.abidcars.com\/blog\/wp-content\/uploads\/2015\/01\/logan.jpg","width":900,"height":589},{"@type":"BreadcrumbList","@id":"https:\/\/www.abidcars.com\/blog\/le-marche-de-la-construction-automobile-au-maroc\/#breadcrumb","itemListElement":[{"@type":"ListItem","position":1,"name":"Blog","item":"https:\/\/www.abidcars.com\/blog\/"},{"@type":"ListItem","position":2,"name":"Le march\u00e9 de la construction automobile au Maroc"}]},{"@type":"WebSite","@id":"https:\/\/www.abidcars.com\/blog\/#website","url":"https:\/\/www.abidcars.com\/blog\/","name":"Abid Cars Blog","description":"Blog th\u00e9matique sur le Maroc, les voitures et la location des voitures au Maroc","publisher":{"@id":"https:\/\/www.abidcars.com\/blog\/#organization"},"potentialAction":[{"@type":"SearchAction","target":{"@type":"EntryPoint","urlTemplate":"https:\/\/www.abidcars.com\/blog\/?s={search_term_string}"},"query-input":{"@type":"PropertyValueSpecification","valueRequired":true,"valueName":"search_term_string"}}],"inLanguage":"fr-FR"},{"@type":"Organization","@id":"https:\/\/www.abidcars.com\/blog\/#organization","name":"Abid Cars Blog","url":"https:\/\/www.abidcars.com\/blog\/","logo":{"@type":"ImageObject","inLanguage":"fr-FR","@id":"https:\/\/www.abidcars.com\/blog\/#\/schema\/logo\/image\/","url":"https:\/\/www.abidcars.com\/blog\/wp-content\/uploads\/2016\/05\/annif-logo-en.png","contentUrl":"https:\/\/www.abidcars.com\/blog\/wp-content\/uploads\/2016\/05\/annif-logo-en.png","width":446,"height":133,"caption":"Abid Cars Blog"},"image":{"@id":"https:\/\/www.abidcars.com\/blog\/#\/schema\/logo\/image\/"},"sameAs":["https:\/\/www.facebook.com\/pages\/Abid-Cars-Location-de-voitures-au-Maroc-Car-rental-in-Morocco\/413704925369982","https:\/\/x.com\/ABIDCARS"]},{"@type":"Person","@id":"https:\/\/www.abidcars.com\/blog\/#\/schema\/person\/fcbbcbcc98a6e3007072f0bec6e75937","name":"Mariam","image":{"@type":"ImageObject","inLanguage":"fr-FR","@id":"https:\/\/secure.gravatar.com\/avatar\/6672d7c09d7ea789b57671810e6b3885117a7589638e50bde15fe09967b9f4b5?s=96&d=initials&r=g&initials=it","url":"https:\/\/secure.gravatar.com\/avatar\/6672d7c09d7ea789b57671810e6b3885117a7589638e50bde15fe09967b9f4b5?s=96&d=initials&r=g&initials=it","contentUrl":"https:\/\/secure.gravatar.com\/avatar\/6672d7c09d7ea789b57671810e6b3885117a7589638e50bde15fe09967b9f4b5?s=96&d=initials&r=g&initials=it","caption":"Mariam"},"sameAs":["http:\/\/www.t-t.ma"],"url":"https:\/\/www.abidcars.com\/blog\/author\/mzk-mariam\/"}]}},"amp_enabled":true,"_links":{"self":[{"href":"https:\/\/www.abidcars.com\/blog\/wp-json\/wp\/v2\/posts\/420","targetHints":{"allow":["GET"]}}],"collection":[{"href":"https:\/\/www.abidcars.com\/blog\/wp-json\/wp\/v2\/posts"}],"about":[{"href":"https:\/\/www.abidcars.com\/blog\/wp-json\/wp\/v2\/types\/post"}],"author":[{"embeddable":true,"href":"https:\/\/www.abidcars.com\/blog\/wp-json\/wp\/v2\/users\/4"}],"replies":[{"embeddable":true,"href":"https:\/\/www.abidcars.com\/blog\/wp-json\/wp\/v2\/comments?post=420"}],"version-history":[{"count":7,"href":"https:\/\/www.abidcars.com\/blog\/wp-json\/wp\/v2\/posts\/420\/revisions"}],"predecessor-version":[{"id":664,"href":"https:\/\/www.abidcars.com\/blog\/wp-json\/wp\/v2\/posts\/420\/revisions\/664"}],"wp:featuredmedia":[{"embeddable":true,"href":"https:\/\/www.abidcars.com\/blog\/wp-json\/wp\/v2\/media\/424"}],"wp:attachment":[{"href":"https:\/\/www.abidcars.com\/blog\/wp-json\/wp\/v2\/media?parent=420"}],"wp:term":[{"taxonomy":"category","embeddable":true,"href":"https:\/\/www.abidcars.com\/blog\/wp-json\/wp\/v2\/categories?post=420"},{"taxonomy":"post_tag","embeddable":true,"href":"https:\/\/www.abidcars.com\/blog\/wp-json\/wp\/v2\/tags?post=420"}],"curies":[{"name":"wp","href":"https:\/\/api.w.org\/{rel}","templated":true}]}}