{"id":471,"date":"2015-03-16T12:44:03","date_gmt":"2015-03-16T11:44:03","guid":{"rendered":"https:\/\/www.abidcars.com\/blog\/?p=471"},"modified":"2016-02-25T18:03:18","modified_gmt":"2016-02-25T17:03:18","slug":"navettes-aeroport-rabat-sale","status":"publish","type":"post","link":"https:\/\/www.abidcars.com\/blog\/navettes-aeroport-rabat-sale\/","title":{"rendered":"Les navettes a\u00e9roport Rabat-Sal\u00e9 vers Rabat"},"content":{"rendered":"<h2 style=\"text-align: justify;\"><b>L\u2019a\u00e9roport Rabat-Sal\u00e9<\/b><\/h2>\n<p style=\"text-align: justify;\">L\u2019a\u00e9roport de Rabat-Sal\u00e9 (RBA), \u00e9galement connu sous le nom <a href=\"https:\/\/www.abidcars.com\/blog\/aeroport-rabat-sale\/\" target=\"_blank\">l&rsquo;a\u00e9roport international de Rabat<\/a> est un a\u00e9roport situ\u00e9 \u00e0 environ 8 kilom\u00e8tres au nord-est de Rabat, la capitale du Maroc et de la r\u00e9gion de Rabat-Sal\u00e9-Zemmour-Zaer. Il sert ainsi sa ville-soeur Sal\u00e9.<\/p>\n<p style=\"text-align: justify;\">L&rsquo;a\u00e9roport de Rabat-Sal\u00e9 a des caf\u00e9s, des restaurants, des boutiques (y compris les boutiques hors taxe), des bureaux de change de devises, des guichets automatiques, des services t\u00e9l\u00e9phone \/ fax et un espace de stationnement.<\/p>\n<p style=\"text-align: justify;\">L\u2019a\u00e9roport Rabat-Sal\u00e9 est l&rsquo;un des six a\u00e9roports au Maroc o\u00f9 Office National Des A\u00e9roports (ONDA) propose son sp\u00e9cial service VIP : Salon convives de Marque.<\/p>\n<h2 style=\"text-align: justify;\"><b>Les navettes a\u00e9roport Rabat-Sal\u00e9 :<\/b><\/h2>\n<p style=\"text-align: justify;\">Vous avez le choix de diff\u00e9rentes navettes de l\u2019a\u00e9roport Rabat-Sal\u00e9 vers le centre-ville de Rabat :<\/p>\n<h3 style=\"text-align: justify;\"><b>En taxi :<\/b><\/h3>\n<p style=\"text-align: justify;\">Vous pouvez trouver des taxis qui font des navettes a\u00e9roport Rabat-Sal\u00e9 vers Rabat. Il n\u2019y a que les grands taxis qui font ce trajet. Ce sont des voitures Mercedes blanches. Les petits taxis ne peuvent pas voyager hors de la zone urbaine.<\/p>\n<p style=\"text-align: justify;\"><a href=\"https:\/\/www.abidcars.com\/blog\/wp-content\/uploads\/2015\/03\/grand-taxi-600x400.jpg\"><img loading=\"lazy\" decoding=\"async\" class=\"aligncenter size-medium wp-image-473\" src=\"https:\/\/www.abidcars.com\/blog\/wp-content\/uploads\/2015\/03\/grand-taxi-600x400-300x200.jpg\" alt=\"navette a\u00e9roport Rabat-Sal\u00e9\" width=\"300\" height=\"200\" srcset=\"https:\/\/www.abidcars.com\/blog\/wp-content\/uploads\/2015\/03\/grand-taxi-600x400-300x200.jpg 300w, https:\/\/www.abidcars.com\/blog\/wp-content\/uploads\/2015\/03\/grand-taxi-600x400.jpg 600w\" sizes=\"auto, (max-width: 300px) 100vw, 300px\" \/><\/a><\/p>\n<p style=\"text-align: justify;\">Vous pouvez aussi utiliser deux moyens de transport pour faire la navette a\u00e9roport Rabat-Sal\u00e9 vers Rabat. Marchez environ 500 m vers la grande route, vous allez trouver des petits taxis de couleur jaune, prenez un vers la station de tram Bab Lemrisa \u00e0 Sal\u00e9, et de l\u00e0 prendre soit la ligne 1 ou la ligne 2 selon votre destination. Cette m\u00e9thode est consid\u00e9rablement moins ch\u00e8re, mais un peu inconvenante si vous avez des bagages.<\/p>\n<h3 style=\"text-align: justify;\"><b>En bus :<\/b><strong><strong><br \/>\n<\/strong><\/strong><\/h3>\n<p style=\"text-align: justify;\"><a href=\"https:\/\/www.abidcars.com\/blog\/wp-content\/uploads\/2015\/03\/ligne2.jpg\"><img loading=\"lazy\" decoding=\"async\" class=\"aligncenter size-medium wp-image-474\" src=\"https:\/\/www.abidcars.com\/blog\/wp-content\/uploads\/2015\/03\/ligne2-300x211.jpg\" alt=\"navette a\u00e9roport Rabat-Sal\u00e9\" width=\"300\" height=\"211\" srcset=\"https:\/\/www.abidcars.com\/blog\/wp-content\/uploads\/2015\/03\/ligne2-300x211.jpg 300w, https:\/\/www.abidcars.com\/blog\/wp-content\/uploads\/2015\/03\/ligne2.jpg 1024w\" sizes=\"auto, (max-width: 300px) 100vw, 300px\" \/><\/a><\/p>\n<p style=\"text-align: justify;\">Vous pouvez aussi faire la navette a\u00e9roport Rbat-Sal\u00e9 vers Rabat en prenant la ligne 2 op\u00e9r\u00e9e par Stareo RABAT. Vous devez sortir de l\u2019a\u00e9roport et marchez 5 minutes \u00e0 pied jusqu\u2019\u00e0 la station de bus \u00e0 c\u00f4t\u00e9 de supermarch\u00e9 METRO.<\/p>\n<p style=\"text-align: justify;\">Une autre possibilit\u00e9 est de prendre le bus op\u00e9r\u00e9 par CTM qui fait aussi la navette a\u00e9roport Rabat-Sal\u00e9. Il fait son d\u00e9part du Terminal 1 et s\u2019arr\u00eate \u00e0 la gare de Rabat-Ville (centre-ville de Rabat). Le trajet dure environ 30 minutes.<\/p>\n<p style=\"text-align: justify;\"><a href=\"https:\/\/www.abidcars.com\/blog\/wp-content\/uploads\/2015\/03\/CTM.jpg\"><img loading=\"lazy\" decoding=\"async\" class=\"aligncenter size-medium wp-image-475\" src=\"https:\/\/www.abidcars.com\/blog\/wp-content\/uploads\/2015\/03\/CTM-300x200.jpg\" alt=\"navette a\u00e9roport Rabat-Sal\u00e9\" width=\"300\" height=\"200\" srcset=\"https:\/\/www.abidcars.com\/blog\/wp-content\/uploads\/2015\/03\/CTM-300x200.jpg 300w, https:\/\/www.abidcars.com\/blog\/wp-content\/uploads\/2015\/03\/CTM.jpg 1024w\" sizes=\"auto, (max-width: 300px) 100vw, 300px\" \/><\/a><\/p>\n<p style=\"text-align: justify;\">Notez que cette navette a des d\u00e9parts programm\u00e9s correspondants avec les arriv\u00e9es et les d\u00e9parts des vols. De l&rsquo;a\u00e9roport: 1 heure apr\u00e8s l&rsquo;arriv\u00e9e du vol. De la gare de Rabat-ville : 2 heures avant le d\u00e9part du vol.<\/p>\n<h3 style=\"text-align: justify;\"><b>La location de voiture :<\/b><\/h3>\n<p style=\"text-align: justify;\"><a href=\"https:\/\/www.abidcars.com\/location-de-voiture-a-rabat\" target=\"_blank\">La location de voiture \u00e0 Rabat<\/a> est une bonne solution pour se rendre \u00e0 la ville tr\u00e8s confortablement et sans penser aux horaires. Tout ce que vous devez faire est de r\u00e9server votre voiture choisie \u00e0 l&rsquo;avance et d\u2019informer votre compagnie de location de voiture Abid Cars de l&rsquo;heure exacte de l\u2019arriv\u00e9e de votre vol. Vous trouverez un agent qui vous attend \u00e0 l&rsquo;a\u00e9roport avec la voiture que vous avez choisie. Il vous accompagnera directement \u00e0 votre h\u00f4tel pour r\u00e9cup\u00e9rer \u00a0la voiture.<\/p>\n<p style=\"text-align: justify;\">\n","protected":false},"excerpt":{"rendered":"<p>L\u2019a\u00e9roport Rabat-Sal\u00e9 L\u2019a\u00e9roport de Rabat-Sal\u00e9 (RBA), \u00e9galement connu sous le nom l&rsquo;a\u00e9roport [&hellip;]<\/p>\n","protected":false},"author":4,"featured_media":472,"comment_status":"open","ping_status":"open","sticky":false,"template":"","format":"standard","meta":{"footnotes":""},"categories":[95,2,45,22],"tags":[85,86],"class_list":["post-471","post","type-post","status-publish","format-standard","has-post-thumbnail","hentry","category-aeroport","category-fr","category-maroc","category-rabat","tag-aeroport-rabat-sale","tag-navette"],"yoast_head":"<!-- This site is optimized with the Yoast SEO plugin v27.4 - https:\/\/yoast.com\/product\/yoast-seo-wordpress\/ -->\n<title>Les navettes a\u00e9roport Rabat-Sal\u00e9 vers Rabat - Abid Cars Blog<\/title>\n<meta name=\"description\" content=\"Vous avez le choix de diff\u00e9rentes navettes a\u00e9roport Rabat-Sal\u00e9 vers Rabat ...\" \/>\n<meta name=\"robots\" content=\"index, follow, max-snippet:-1, max-image-preview:large, max-video-preview:-1\" \/>\n<link rel=\"canonical\" href=\"https:\/\/www.abidcars.com\/blog\/navettes-aeroport-rabat-sale\/\" \/>\n<meta property=\"og:locale\" content=\"fr_FR\" \/>\n<meta property=\"og:type\" content=\"article\" \/>\n<meta property=\"og:title\" content=\"Les navettes a\u00e9roport Rabat-Sal\u00e9 vers Rabat - Abid Cars Blog\" \/>\n<meta property=\"og:description\" content=\"Vous avez le choix de diff\u00e9rentes navettes a\u00e9roport Rabat-Sal\u00e9 vers Rabat ...\" \/>\n<meta property=\"og:url\" content=\"https:\/\/www.abidcars.com\/blog\/navettes-aeroport-rabat-sale\/\" \/>\n<meta property=\"og:site_name\" content=\"Abid Cars Blog\" \/>\n<meta property=\"article:publisher\" content=\"https:\/\/www.facebook.com\/pages\/Abid-Cars-Location-de-voitures-au-Maroc-Car-rental-in-Morocco\/413704925369982\" \/>\n<meta property=\"article:published_time\" content=\"2015-03-16T11:44:03+00:00\" \/>\n<meta property=\"article:modified_time\" content=\"2016-02-25T17:03:18+00:00\" \/>\n<meta property=\"og:image\" content=\"https:\/\/www.abidcars.com\/blog\/wp-content\/uploads\/2015\/03\/A\u00e9roport-Rabat-Sal\u00e9_visuel_ambiance.jpg\" \/>\n\t<meta property=\"og:image:width\" content=\"764\" \/>\n\t<meta property=\"og:image:height\" content=\"179\" \/>\n\t<meta property=\"og:image:type\" content=\"image\/jpeg\" \/>\n<meta name=\"author\" content=\"Mariam\" \/>\n<meta name=\"twitter:card\" content=\"summary_large_image\" \/>\n<meta name=\"twitter:creator\" content=\"@ABIDCARS\" \/>\n<meta name=\"twitter:site\" content=\"@ABIDCARS\" \/>\n<meta name=\"twitter:label1\" content=\"\u00c9crit par\" \/>\n\t<meta name=\"twitter:data1\" content=\"Mariam\" \/>\n\t<meta name=\"twitter:label2\" content=\"Dur\u00e9e de lecture estim\u00e9e\" \/>\n\t<meta name=\"twitter:data2\" content=\"2 minutes\" \/>\n<script type=\"application\/ld+json\" class=\"yoast-schema-graph\">{\"@context\":\"https:\\\/\\\/schema.org\",\"@graph\":[{\"@type\":\"Article\",\"@id\":\"https:\\\/\\\/www.abidcars.com\\\/blog\\\/navettes-aeroport-rabat-sale\\\/#article\",\"isPartOf\":{\"@id\":\"https:\\\/\\\/www.abidcars.com\\\/blog\\\/navettes-aeroport-rabat-sale\\\/\"},\"author\":{\"name\":\"Mariam\",\"@id\":\"https:\\\/\\\/www.abidcars.com\\\/blog\\\/#\\\/schema\\\/person\\\/fcbbcbcc98a6e3007072f0bec6e75937\"},\"headline\":\"Les navettes a\u00e9roport Rabat-Sal\u00e9 vers Rabat\",\"datePublished\":\"2015-03-16T11:44:03+00:00\",\"dateModified\":\"2016-02-25T17:03:18+00:00\",\"mainEntityOfPage\":{\"@id\":\"https:\\\/\\\/www.abidcars.com\\\/blog\\\/navettes-aeroport-rabat-sale\\\/\"},\"wordCount\":495,\"commentCount\":3,\"publisher\":{\"@id\":\"https:\\\/\\\/www.abidcars.com\\\/blog\\\/#organization\"},\"image\":{\"@id\":\"https:\\\/\\\/www.abidcars.com\\\/blog\\\/navettes-aeroport-rabat-sale\\\/#primaryimage\"},\"thumbnailUrl\":\"https:\\\/\\\/www.abidcars.com\\\/blog\\\/wp-content\\\/uploads\\\/2015\\\/03\\\/A\u00e9roport-Rabat-Sal\u00e9_visuel_ambiance.jpg\",\"keywords\":[\"a\u00e9roport Rabat-Sal\u00e9\",\"Navette\"],\"articleSection\":[\"A\u00e9roports\",\"Fran\u00e7ais\",\"Maroc\",\"Rabat\"],\"inLanguage\":\"fr-FR\",\"potentialAction\":[{\"@type\":\"CommentAction\",\"name\":\"Comment\",\"target\":[\"https:\\\/\\\/www.abidcars.com\\\/blog\\\/navettes-aeroport-rabat-sale\\\/#respond\"]}]},{\"@type\":\"WebPage\",\"@id\":\"https:\\\/\\\/www.abidcars.com\\\/blog\\\/navettes-aeroport-rabat-sale\\\/\",\"url\":\"https:\\\/\\\/www.abidcars.com\\\/blog\\\/navettes-aeroport-rabat-sale\\\/\",\"name\":\"Les navettes a\u00e9roport Rabat-Sal\u00e9 vers Rabat - Abid Cars Blog\",\"isPartOf\":{\"@id\":\"https:\\\/\\\/www.abidcars.com\\\/blog\\\/#website\"},\"primaryImageOfPage\":{\"@id\":\"https:\\\/\\\/www.abidcars.com\\\/blog\\\/navettes-aeroport-rabat-sale\\\/#primaryimage\"},\"image\":{\"@id\":\"https:\\\/\\\/www.abidcars.com\\\/blog\\\/navettes-aeroport-rabat-sale\\\/#primaryimage\"},\"thumbnailUrl\":\"https:\\\/\\\/www.abidcars.com\\\/blog\\\/wp-content\\\/uploads\\\/2015\\\/03\\\/A\u00e9roport-Rabat-Sal\u00e9_visuel_ambiance.jpg\",\"datePublished\":\"2015-03-16T11:44:03+00:00\",\"dateModified\":\"2016-02-25T17:03:18+00:00\",\"description\":\"Vous avez le choix de diff\u00e9rentes navettes a\u00e9roport Rabat-Sal\u00e9 vers Rabat ...\",\"breadcrumb\":{\"@id\":\"https:\\\/\\\/www.abidcars.com\\\/blog\\\/navettes-aeroport-rabat-sale\\\/#breadcrumb\"},\"inLanguage\":\"fr-FR\",\"potentialAction\":[{\"@type\":\"ReadAction\",\"target\":[\"https:\\\/\\\/www.abidcars.com\\\/blog\\\/navettes-aeroport-rabat-sale\\\/\"]}]},{\"@type\":\"ImageObject\",\"inLanguage\":\"fr-FR\",\"@id\":\"https:\\\/\\\/www.abidcars.com\\\/blog\\\/navettes-aeroport-rabat-sale\\\/#primaryimage\",\"url\":\"https:\\\/\\\/www.abidcars.com\\\/blog\\\/wp-content\\\/uploads\\\/2015\\\/03\\\/A\u00e9roport-Rabat-Sal\u00e9_visuel_ambiance.jpg\",\"contentUrl\":\"https:\\\/\\\/www.abidcars.com\\\/blog\\\/wp-content\\\/uploads\\\/2015\\\/03\\\/A\u00e9roport-Rabat-Sal\u00e9_visuel_ambiance.jpg\",\"width\":764,\"height\":179,\"caption\":\"navette a\u00e9roport Rabat-Sal\u00e9\"},{\"@type\":\"BreadcrumbList\",\"@id\":\"https:\\\/\\\/www.abidcars.com\\\/blog\\\/navettes-aeroport-rabat-sale\\\/#breadcrumb\",\"itemListElement\":[{\"@type\":\"ListItem\",\"position\":1,\"name\":\"Blog\",\"item\":\"https:\\\/\\\/www.abidcars.com\\\/blog\\\/\"},{\"@type\":\"ListItem\",\"position\":2,\"name\":\"Les navettes a\u00e9roport Rabat-Sal\u00e9 vers Rabat\"}]},{\"@type\":\"WebSite\",\"@id\":\"https:\\\/\\\/www.abidcars.com\\\/blog\\\/#website\",\"url\":\"https:\\\/\\\/www.abidcars.com\\\/blog\\\/\",\"name\":\"Abid Cars Blog\",\"description\":\"Blog th\u00e9matique sur le Maroc, les voitures et la location des voitures au Maroc\",\"publisher\":{\"@id\":\"https:\\\/\\\/www.abidcars.com\\\/blog\\\/#organization\"},\"potentialAction\":[{\"@type\":\"SearchAction\",\"target\":{\"@type\":\"EntryPoint\",\"urlTemplate\":\"https:\\\/\\\/www.abidcars.com\\\/blog\\\/?s={search_term_string}\"},\"query-input\":{\"@type\":\"PropertyValueSpecification\",\"valueRequired\":true,\"valueName\":\"search_term_string\"}}],\"inLanguage\":\"fr-FR\"},{\"@type\":\"Organization\",\"@id\":\"https:\\\/\\\/www.abidcars.com\\\/blog\\\/#organization\",\"name\":\"Abid Cars Blog\",\"url\":\"https:\\\/\\\/www.abidcars.com\\\/blog\\\/\",\"logo\":{\"@type\":\"ImageObject\",\"inLanguage\":\"fr-FR\",\"@id\":\"https:\\\/\\\/www.abidcars.com\\\/blog\\\/#\\\/schema\\\/logo\\\/image\\\/\",\"url\":\"https:\\\/\\\/www.abidcars.com\\\/blog\\\/wp-content\\\/uploads\\\/2016\\\/05\\\/annif-logo-en.png\",\"contentUrl\":\"https:\\\/\\\/www.abidcars.com\\\/blog\\\/wp-content\\\/uploads\\\/2016\\\/05\\\/annif-logo-en.png\",\"width\":446,\"height\":133,\"caption\":\"Abid Cars Blog\"},\"image\":{\"@id\":\"https:\\\/\\\/www.abidcars.com\\\/blog\\\/#\\\/schema\\\/logo\\\/image\\\/\"},\"sameAs\":[\"https:\\\/\\\/www.facebook.com\\\/pages\\\/Abid-Cars-Location-de-voitures-au-Maroc-Car-rental-in-Morocco\\\/413704925369982\",\"https:\\\/\\\/x.com\\\/ABIDCARS\"]},{\"@type\":\"Person\",\"@id\":\"https:\\\/\\\/www.abidcars.com\\\/blog\\\/#\\\/schema\\\/person\\\/fcbbcbcc98a6e3007072f0bec6e75937\",\"name\":\"Mariam\",\"image\":{\"@type\":\"ImageObject\",\"inLanguage\":\"fr-FR\",\"@id\":\"https:\\\/\\\/secure.gravatar.com\\\/avatar\\\/6672d7c09d7ea789b57671810e6b3885117a7589638e50bde15fe09967b9f4b5?s=96&d=initials&r=g&initials=it\",\"url\":\"https:\\\/\\\/secure.gravatar.com\\\/avatar\\\/6672d7c09d7ea789b57671810e6b3885117a7589638e50bde15fe09967b9f4b5?s=96&d=initials&r=g&initials=it\",\"contentUrl\":\"https:\\\/\\\/secure.gravatar.com\\\/avatar\\\/6672d7c09d7ea789b57671810e6b3885117a7589638e50bde15fe09967b9f4b5?s=96&d=initials&r=g&initials=it\",\"caption\":\"Mariam\"},\"sameAs\":[\"http:\\\/\\\/www.t-t.ma\"],\"url\":\"https:\\\/\\\/www.abidcars.com\\\/blog\\\/author\\\/mzk-mariam\\\/\"}]}<\/script>\n<!-- \/ Yoast SEO plugin. -->","yoast_head_json":{"title":"Les navettes a\u00e9roport Rabat-Sal\u00e9 vers Rabat - Abid Cars Blog","description":"Vous avez le choix de diff\u00e9rentes navettes a\u00e9roport Rabat-Sal\u00e9 vers Rabat ...","robots":{"index":"index","follow":"follow","max-snippet":"max-snippet:-1","max-image-preview":"max-image-preview:large","max-video-preview":"max-video-preview:-1"},"canonical":"https:\/\/www.abidcars.com\/blog\/navettes-aeroport-rabat-sale\/","og_locale":"fr_FR","og_type":"article","og_title":"Les navettes a\u00e9roport Rabat-Sal\u00e9 vers Rabat - Abid Cars Blog","og_description":"Vous avez le choix de diff\u00e9rentes navettes a\u00e9roport Rabat-Sal\u00e9 vers Rabat ...","og_url":"https:\/\/www.abidcars.com\/blog\/navettes-aeroport-rabat-sale\/","og_site_name":"Abid Cars Blog","article_publisher":"https:\/\/www.facebook.com\/pages\/Abid-Cars-Location-de-voitures-au-Maroc-Car-rental-in-Morocco\/413704925369982","article_published_time":"2015-03-16T11:44:03+00:00","article_modified_time":"2016-02-25T17:03:18+00:00","og_image":[{"width":764,"height":179,"url":"https:\/\/www.abidcars.com\/blog\/wp-content\/uploads\/2015\/03\/A\u00e9roport-Rabat-Sal\u00e9_visuel_ambiance.jpg","type":"image\/jpeg"}],"author":"Mariam","twitter_card":"summary_large_image","twitter_creator":"@ABIDCARS","twitter_site":"@ABIDCARS","twitter_misc":{"\u00c9crit par":"Mariam","Dur\u00e9e de lecture estim\u00e9e":"2 minutes"},"schema":{"@context":"https:\/\/schema.org","@graph":[{"@type":"Article","@id":"https:\/\/www.abidcars.com\/blog\/navettes-aeroport-rabat-sale\/#article","isPartOf":{"@id":"https:\/\/www.abidcars.com\/blog\/navettes-aeroport-rabat-sale\/"},"author":{"name":"Mariam","@id":"https:\/\/www.abidcars.com\/blog\/#\/schema\/person\/fcbbcbcc98a6e3007072f0bec6e75937"},"headline":"Les navettes a\u00e9roport Rabat-Sal\u00e9 vers Rabat","datePublished":"2015-03-16T11:44:03+00:00","dateModified":"2016-02-25T17:03:18+00:00","mainEntityOfPage":{"@id":"https:\/\/www.abidcars.com\/blog\/navettes-aeroport-rabat-sale\/"},"wordCount":495,"commentCount":3,"publisher":{"@id":"https:\/\/www.abidcars.com\/blog\/#organization"},"image":{"@id":"https:\/\/www.abidcars.com\/blog\/navettes-aeroport-rabat-sale\/#primaryimage"},"thumbnailUrl":"https:\/\/www.abidcars.com\/blog\/wp-content\/uploads\/2015\/03\/A\u00e9roport-Rabat-Sal\u00e9_visuel_ambiance.jpg","keywords":["a\u00e9roport Rabat-Sal\u00e9","Navette"],"articleSection":["A\u00e9roports","Fran\u00e7ais","Maroc","Rabat"],"inLanguage":"fr-FR","potentialAction":[{"@type":"CommentAction","name":"Comment","target":["https:\/\/www.abidcars.com\/blog\/navettes-aeroport-rabat-sale\/#respond"]}]},{"@type":"WebPage","@id":"https:\/\/www.abidcars.com\/blog\/navettes-aeroport-rabat-sale\/","url":"https:\/\/www.abidcars.com\/blog\/navettes-aeroport-rabat-sale\/","name":"Les navettes a\u00e9roport Rabat-Sal\u00e9 vers Rabat - Abid Cars Blog","isPartOf":{"@id":"https:\/\/www.abidcars.com\/blog\/#website"},"primaryImageOfPage":{"@id":"https:\/\/www.abidcars.com\/blog\/navettes-aeroport-rabat-sale\/#primaryimage"},"image":{"@id":"https:\/\/www.abidcars.com\/blog\/navettes-aeroport-rabat-sale\/#primaryimage"},"thumbnailUrl":"https:\/\/www.abidcars.com\/blog\/wp-content\/uploads\/2015\/03\/A\u00e9roport-Rabat-Sal\u00e9_visuel_ambiance.jpg","datePublished":"2015-03-16T11:44:03+00:00","dateModified":"2016-02-25T17:03:18+00:00","description":"Vous avez le choix de diff\u00e9rentes navettes a\u00e9roport Rabat-Sal\u00e9 vers Rabat ...","breadcrumb":{"@id":"https:\/\/www.abidcars.com\/blog\/navettes-aeroport-rabat-sale\/#breadcrumb"},"inLanguage":"fr-FR","potentialAction":[{"@type":"ReadAction","target":["https:\/\/www.abidcars.com\/blog\/navettes-aeroport-rabat-sale\/"]}]},{"@type":"ImageObject","inLanguage":"fr-FR","@id":"https:\/\/www.abidcars.com\/blog\/navettes-aeroport-rabat-sale\/#primaryimage","url":"https:\/\/www.abidcars.com\/blog\/wp-content\/uploads\/2015\/03\/A\u00e9roport-Rabat-Sal\u00e9_visuel_ambiance.jpg","contentUrl":"https:\/\/www.abidcars.com\/blog\/wp-content\/uploads\/2015\/03\/A\u00e9roport-Rabat-Sal\u00e9_visuel_ambiance.jpg","width":764,"height":179,"caption":"navette a\u00e9roport Rabat-Sal\u00e9"},{"@type":"BreadcrumbList","@id":"https:\/\/www.abidcars.com\/blog\/navettes-aeroport-rabat-sale\/#breadcrumb","itemListElement":[{"@type":"ListItem","position":1,"name":"Blog","item":"https:\/\/www.abidcars.com\/blog\/"},{"@type":"ListItem","position":2,"name":"Les navettes a\u00e9roport Rabat-Sal\u00e9 vers Rabat"}]},{"@type":"WebSite","@id":"https:\/\/www.abidcars.com\/blog\/#website","url":"https:\/\/www.abidcars.com\/blog\/","name":"Abid Cars Blog","description":"Blog th\u00e9matique sur le Maroc, les voitures et la location des voitures au Maroc","publisher":{"@id":"https:\/\/www.abidcars.com\/blog\/#organization"},"potentialAction":[{"@type":"SearchAction","target":{"@type":"EntryPoint","urlTemplate":"https:\/\/www.abidcars.com\/blog\/?s={search_term_string}"},"query-input":{"@type":"PropertyValueSpecification","valueRequired":true,"valueName":"search_term_string"}}],"inLanguage":"fr-FR"},{"@type":"Organization","@id":"https:\/\/www.abidcars.com\/blog\/#organization","name":"Abid Cars Blog","url":"https:\/\/www.abidcars.com\/blog\/","logo":{"@type":"ImageObject","inLanguage":"fr-FR","@id":"https:\/\/www.abidcars.com\/blog\/#\/schema\/logo\/image\/","url":"https:\/\/www.abidcars.com\/blog\/wp-content\/uploads\/2016\/05\/annif-logo-en.png","contentUrl":"https:\/\/www.abidcars.com\/blog\/wp-content\/uploads\/2016\/05\/annif-logo-en.png","width":446,"height":133,"caption":"Abid Cars Blog"},"image":{"@id":"https:\/\/www.abidcars.com\/blog\/#\/schema\/logo\/image\/"},"sameAs":["https:\/\/www.facebook.com\/pages\/Abid-Cars-Location-de-voitures-au-Maroc-Car-rental-in-Morocco\/413704925369982","https:\/\/x.com\/ABIDCARS"]},{"@type":"Person","@id":"https:\/\/www.abidcars.com\/blog\/#\/schema\/person\/fcbbcbcc98a6e3007072f0bec6e75937","name":"Mariam","image":{"@type":"ImageObject","inLanguage":"fr-FR","@id":"https:\/\/secure.gravatar.com\/avatar\/6672d7c09d7ea789b57671810e6b3885117a7589638e50bde15fe09967b9f4b5?s=96&d=initials&r=g&initials=it","url":"https:\/\/secure.gravatar.com\/avatar\/6672d7c09d7ea789b57671810e6b3885117a7589638e50bde15fe09967b9f4b5?s=96&d=initials&r=g&initials=it","contentUrl":"https:\/\/secure.gravatar.com\/avatar\/6672d7c09d7ea789b57671810e6b3885117a7589638e50bde15fe09967b9f4b5?s=96&d=initials&r=g&initials=it","caption":"Mariam"},"sameAs":["http:\/\/www.t-t.ma"],"url":"https:\/\/www.abidcars.com\/blog\/author\/mzk-mariam\/"}]}},"amp_enabled":true,"_links":{"self":[{"href":"https:\/\/www.abidcars.com\/blog\/wp-json\/wp\/v2\/posts\/471","targetHints":{"allow":["GET"]}}],"collection":[{"href":"https:\/\/www.abidcars.com\/blog\/wp-json\/wp\/v2\/posts"}],"about":[{"href":"https:\/\/www.abidcars.com\/blog\/wp-json\/wp\/v2\/types\/post"}],"author":[{"embeddable":true,"href":"https:\/\/www.abidcars.com\/blog\/wp-json\/wp\/v2\/users\/4"}],"replies":[{"embeddable":true,"href":"https:\/\/www.abidcars.com\/blog\/wp-json\/wp\/v2\/comments?post=471"}],"version-history":[{"count":8,"href":"https:\/\/www.abidcars.com\/blog\/wp-json\/wp\/v2\/posts\/471\/revisions"}],"predecessor-version":[{"id":951,"href":"https:\/\/www.abidcars.com\/blog\/wp-json\/wp\/v2\/posts\/471\/revisions\/951"}],"wp:featuredmedia":[{"embeddable":true,"href":"https:\/\/www.abidcars.com\/blog\/wp-json\/wp\/v2\/media\/472"}],"wp:attachment":[{"href":"https:\/\/www.abidcars.com\/blog\/wp-json\/wp\/v2\/media?parent=471"}],"wp:term":[{"taxonomy":"category","embeddable":true,"href":"https:\/\/www.abidcars.com\/blog\/wp-json\/wp\/v2\/categories?post=471"},{"taxonomy":"post_tag","embeddable":true,"href":"https:\/\/www.abidcars.com\/blog\/wp-json\/wp\/v2\/tags?post=471"}],"curies":[{"name":"wp","href":"https:\/\/api.w.org\/{rel}","templated":true}]}}