{"id":494,"date":"2015-04-17T15:04:45","date_gmt":"2015-04-17T14:04:45","guid":{"rendered":"https:\/\/www.abidcars.com\/blog\/?p=494"},"modified":"2015-09-09T09:04:23","modified_gmt":"2015-09-09T08:04:23","slug":"festival-de-fes-de-la-culture-soufie-2015","status":"publish","type":"post","link":"https:\/\/www.abidcars.com\/blog\/festival-de-fes-de-la-culture-soufie-2015\/","title":{"rendered":"Festival de F\u00e8s de la Culture Soufie 2015 : La religion de l&rsquo;amour"},"content":{"rendered":"<p style=\"text-align: justify;\">F\u00e8s, l\u2019ancienne ville marocaine a \u00e9t\u00e9 la premi\u00e8re capitale imp\u00e9riale du pays. Elle a \u00e9t\u00e9 fond\u00e9e par Idris I &#8211; le fondateur du royaume du Maroc- et son fils, Idris II.<\/p>\n<p style=\"text-align: justify;\">Plus d&rsquo;un mill\u00e9naire plus tard, F\u00e8s reste toujours le c\u0153ur spirituel du Maroc. Dans certaines parties de l&rsquo;ancienne M\u00e9dina, peu de choses ont chang\u00e9 depuis l&rsquo;\u00e9poque m\u00e9di\u00e9vale. Parmi ces endroits : Les anciens palais, les \u00e9coles coraniques et les jardins, qui font des places magiques pour deux festivals importants \u00e0 F\u00e8s : le Festival de F\u00e8s de la Culture Soufie (18-25 Avril 2015 ) et le Festival de F\u00e8s des Musiques Sacr\u00e9es du Monde (22 au 30 mai 2015). La plupart des touristes qui assistent \u00e0 ces festivals optent pour la <a href=\"http:\/\/www.abidcars.com\/location-de-voiture-a-fes\">location de voiture \u00e0 F\u00e8s<\/a>, pour profiter de la ville et ses environs.<\/p>\n<p style=\"text-align: justify;\">Le th\u00e8me de cette 9\u00e8me \u00e9dition du Festival de F\u00e8s de la Culture Soufie est \u00ab\u00a0La religion de l&rsquo;amour\u00a0\u00bb. Le festival va c\u00e9l\u00e9brer la vie du cel\u00e8bre savant Soufi, Roumi. Jalaluddin Muhammad Roumi \u00e9tait un po\u00e8te, juriste, Islamique savant, th\u00e9ologien et mystique Soufi Persan du 13\u00e8me si\u00e8cle. Il a \u00e9t\u00e9 l&rsquo;inspiration pour la cr\u00e9ation de l&rsquo;Ordre Mevlevi qui pratique le Samaa (ou la danse circulaire) \u00e0 travers des chansons prises des po\u00e8mes de Roumi.<\/p>\n<p style=\"text-align: justify;\">Au Festival de F\u00e8s de cette ann\u00e9e, il va y avoir quelques \u00e9v\u00e9nements et spectacles de \u00a0tables rondes consacr\u00e9es \u00e0 la discussion des \u0153uvres de Roumi et l\u2019ordre Mevlevi. Le Festival rendra \u00e9galement hommage \u00e0 Rabiaa al Adawiya (Rabiaa el Basri), qui \u00e9tait une sainte musulmane du 8\u00e8me si\u00e8cle et une mystique soufie du Basra, en Irak.<\/p>\n<p style=\"text-align: justify;\">Le Festival de la Culture Soufie s\u2019appuie \u00e9galement sur \u200b\u200bles traditions culturelles et spirituelles marocaines, mettant en vedette la culture soufie amazigh et la po\u00e9sie et les traditions musicales d&rsquo;Al Andalous, l&rsquo;Empire mauresque du Moyen Age.<\/p>\n<p style=\"text-align: justify;\">Que vous vous int\u00e9ressiez par la musique, la po\u00e9sie, la danse, la religion ou les aspects spirituels du Soufisme, l&#8217;emphase de ce festival sur l&rsquo;amour est puissant et attrayant. Le Festival de F\u00e8s de la Culture Soufie de cette ann\u00e9e va \u00eatre un \u00e9v\u00e9nement stimulant et inspirant!<\/p>\n<p style=\"text-align: justify;\">Le Festival de F\u00e8s de la culture Soufie aura lieu au Palais Dar Al Batha et \u00e0 Bab Makina.<\/p>\n<p style=\"text-align: justify;\">\n","protected":false},"excerpt":{"rendered":"<p>F\u00e8s, l\u2019ancienne ville marocaine a \u00e9t\u00e9 la premi\u00e8re capitale imp\u00e9riale du pays. [&hellip;]<\/p>\n","protected":false},"author":4,"featured_media":495,"comment_status":"open","ping_status":"open","sticky":false,"template":"","format":"standard","meta":{"footnotes":""},"categories":[26,2,45],"tags":[],"class_list":["post-494","post","type-post","status-publish","format-standard","has-post-thumbnail","hentry","category-fes","category-fr","category-maroc"],"yoast_head":"<!-- This site is optimized with the Yoast SEO plugin v27.4 - https:\/\/yoast.com\/product\/yoast-seo-wordpress\/ -->\n<title>Festival de F\u00e8s de la Culture Soufie 2015 : La religion de l&#039;amour - Abid Cars Blog<\/title>\n<meta name=\"description\" content=\"Le th\u00e8me de cette 9\u00e8me \u00e9dition du Festival de F\u00e8s de la Culture Soufie est &quot;La religion de l&#039;amour&quot;. Le festival va c\u00e9l\u00e9brer ...\" \/>\n<meta name=\"robots\" content=\"index, follow, max-snippet:-1, max-image-preview:large, max-video-preview:-1\" \/>\n<link rel=\"canonical\" href=\"https:\/\/www.abidcars.com\/blog\/festival-de-fes-de-la-culture-soufie-2015\/\" \/>\n<meta property=\"og:locale\" content=\"fr_FR\" \/>\n<meta property=\"og:type\" content=\"article\" \/>\n<meta property=\"og:title\" content=\"Festival de F\u00e8s de la Culture Soufie 2015 : La religion de l&#039;amour - Abid Cars Blog\" \/>\n<meta property=\"og:description\" content=\"Le th\u00e8me de cette 9\u00e8me \u00e9dition du Festival de F\u00e8s de la Culture Soufie est &quot;La religion de l&#039;amour&quot;. Le festival va c\u00e9l\u00e9brer ...\" \/>\n<meta property=\"og:url\" content=\"https:\/\/www.abidcars.com\/blog\/festival-de-fes-de-la-culture-soufie-2015\/\" \/>\n<meta property=\"og:site_name\" content=\"Abid Cars Blog\" \/>\n<meta property=\"article:publisher\" content=\"https:\/\/www.facebook.com\/pages\/Abid-Cars-Location-de-voitures-au-Maroc-Car-rental-in-Morocco\/413704925369982\" \/>\n<meta property=\"article:published_time\" content=\"2015-04-17T14:04:45+00:00\" \/>\n<meta property=\"article:modified_time\" content=\"2015-09-09T08:04:23+00:00\" \/>\n<meta property=\"og:image\" content=\"https:\/\/www.abidcars.com\/blog\/wp-content\/uploads\/2015\/04\/fes-festival.jpg\" \/>\n\t<meta property=\"og:image:width\" content=\"700\" \/>\n\t<meta property=\"og:image:height\" content=\"467\" \/>\n\t<meta property=\"og:image:type\" content=\"image\/jpeg\" \/>\n<meta name=\"author\" content=\"Mariam\" \/>\n<meta name=\"twitter:card\" content=\"summary_large_image\" \/>\n<meta name=\"twitter:creator\" content=\"@ABIDCARS\" \/>\n<meta name=\"twitter:site\" content=\"@ABIDCARS\" \/>\n<meta name=\"twitter:label1\" content=\"\u00c9crit par\" \/>\n\t<meta name=\"twitter:data1\" content=\"Mariam\" \/>\n\t<meta name=\"twitter:label2\" content=\"Dur\u00e9e de lecture estim\u00e9e\" \/>\n\t<meta name=\"twitter:data2\" content=\"2 minutes\" \/>\n<script type=\"application\/ld+json\" class=\"yoast-schema-graph\">{\"@context\":\"https:\\\/\\\/schema.org\",\"@graph\":[{\"@type\":\"Article\",\"@id\":\"https:\\\/\\\/www.abidcars.com\\\/blog\\\/festival-de-fes-de-la-culture-soufie-2015\\\/#article\",\"isPartOf\":{\"@id\":\"https:\\\/\\\/www.abidcars.com\\\/blog\\\/festival-de-fes-de-la-culture-soufie-2015\\\/\"},\"author\":{\"name\":\"Mariam\",\"@id\":\"https:\\\/\\\/www.abidcars.com\\\/blog\\\/#\\\/schema\\\/person\\\/fcbbcbcc98a6e3007072f0bec6e75937\"},\"headline\":\"Festival de F\u00e8s de la Culture Soufie 2015 : La religion de l&rsquo;amour\",\"datePublished\":\"2015-04-17T14:04:45+00:00\",\"dateModified\":\"2015-09-09T08:04:23+00:00\",\"mainEntityOfPage\":{\"@id\":\"https:\\\/\\\/www.abidcars.com\\\/blog\\\/festival-de-fes-de-la-culture-soufie-2015\\\/\"},\"wordCount\":417,\"commentCount\":0,\"publisher\":{\"@id\":\"https:\\\/\\\/www.abidcars.com\\\/blog\\\/#organization\"},\"image\":{\"@id\":\"https:\\\/\\\/www.abidcars.com\\\/blog\\\/festival-de-fes-de-la-culture-soufie-2015\\\/#primaryimage\"},\"thumbnailUrl\":\"https:\\\/\\\/www.abidcars.com\\\/blog\\\/wp-content\\\/uploads\\\/2015\\\/04\\\/fes-festival.jpg\",\"articleSection\":[\"F\u00e8s\",\"Fran\u00e7ais\",\"Maroc\"],\"inLanguage\":\"fr-FR\",\"potentialAction\":[{\"@type\":\"CommentAction\",\"name\":\"Comment\",\"target\":[\"https:\\\/\\\/www.abidcars.com\\\/blog\\\/festival-de-fes-de-la-culture-soufie-2015\\\/#respond\"]}]},{\"@type\":\"WebPage\",\"@id\":\"https:\\\/\\\/www.abidcars.com\\\/blog\\\/festival-de-fes-de-la-culture-soufie-2015\\\/\",\"url\":\"https:\\\/\\\/www.abidcars.com\\\/blog\\\/festival-de-fes-de-la-culture-soufie-2015\\\/\",\"name\":\"Festival de F\u00e8s de la Culture Soufie 2015 : La religion de l'amour - Abid Cars Blog\",\"isPartOf\":{\"@id\":\"https:\\\/\\\/www.abidcars.com\\\/blog\\\/#website\"},\"primaryImageOfPage\":{\"@id\":\"https:\\\/\\\/www.abidcars.com\\\/blog\\\/festival-de-fes-de-la-culture-soufie-2015\\\/#primaryimage\"},\"image\":{\"@id\":\"https:\\\/\\\/www.abidcars.com\\\/blog\\\/festival-de-fes-de-la-culture-soufie-2015\\\/#primaryimage\"},\"thumbnailUrl\":\"https:\\\/\\\/www.abidcars.com\\\/blog\\\/wp-content\\\/uploads\\\/2015\\\/04\\\/fes-festival.jpg\",\"datePublished\":\"2015-04-17T14:04:45+00:00\",\"dateModified\":\"2015-09-09T08:04:23+00:00\",\"description\":\"Le th\u00e8me de cette 9\u00e8me \u00e9dition du Festival de F\u00e8s de la Culture Soufie est \\\"La religion de l'amour\\\". Le festival va c\u00e9l\u00e9brer ...\",\"breadcrumb\":{\"@id\":\"https:\\\/\\\/www.abidcars.com\\\/blog\\\/festival-de-fes-de-la-culture-soufie-2015\\\/#breadcrumb\"},\"inLanguage\":\"fr-FR\",\"potentialAction\":[{\"@type\":\"ReadAction\",\"target\":[\"https:\\\/\\\/www.abidcars.com\\\/blog\\\/festival-de-fes-de-la-culture-soufie-2015\\\/\"]}]},{\"@type\":\"ImageObject\",\"inLanguage\":\"fr-FR\",\"@id\":\"https:\\\/\\\/www.abidcars.com\\\/blog\\\/festival-de-fes-de-la-culture-soufie-2015\\\/#primaryimage\",\"url\":\"https:\\\/\\\/www.abidcars.com\\\/blog\\\/wp-content\\\/uploads\\\/2015\\\/04\\\/fes-festival.jpg\",\"contentUrl\":\"https:\\\/\\\/www.abidcars.com\\\/blog\\\/wp-content\\\/uploads\\\/2015\\\/04\\\/fes-festival.jpg\",\"width\":700,\"height\":467,\"caption\":\"fez festival of sufi culture\"},{\"@type\":\"BreadcrumbList\",\"@id\":\"https:\\\/\\\/www.abidcars.com\\\/blog\\\/festival-de-fes-de-la-culture-soufie-2015\\\/#breadcrumb\",\"itemListElement\":[{\"@type\":\"ListItem\",\"position\":1,\"name\":\"Blog\",\"item\":\"https:\\\/\\\/www.abidcars.com\\\/blog\\\/\"},{\"@type\":\"ListItem\",\"position\":2,\"name\":\"Festival de F\u00e8s de la Culture Soufie 2015 : La religion de l&rsquo;amour\"}]},{\"@type\":\"WebSite\",\"@id\":\"https:\\\/\\\/www.abidcars.com\\\/blog\\\/#website\",\"url\":\"https:\\\/\\\/www.abidcars.com\\\/blog\\\/\",\"name\":\"Abid Cars Blog\",\"description\":\"Blog th\u00e9matique sur le Maroc, les voitures et la location des voitures au Maroc\",\"publisher\":{\"@id\":\"https:\\\/\\\/www.abidcars.com\\\/blog\\\/#organization\"},\"potentialAction\":[{\"@type\":\"SearchAction\",\"target\":{\"@type\":\"EntryPoint\",\"urlTemplate\":\"https:\\\/\\\/www.abidcars.com\\\/blog\\\/?s={search_term_string}\"},\"query-input\":{\"@type\":\"PropertyValueSpecification\",\"valueRequired\":true,\"valueName\":\"search_term_string\"}}],\"inLanguage\":\"fr-FR\"},{\"@type\":\"Organization\",\"@id\":\"https:\\\/\\\/www.abidcars.com\\\/blog\\\/#organization\",\"name\":\"Abid Cars Blog\",\"url\":\"https:\\\/\\\/www.abidcars.com\\\/blog\\\/\",\"logo\":{\"@type\":\"ImageObject\",\"inLanguage\":\"fr-FR\",\"@id\":\"https:\\\/\\\/www.abidcars.com\\\/blog\\\/#\\\/schema\\\/logo\\\/image\\\/\",\"url\":\"https:\\\/\\\/www.abidcars.com\\\/blog\\\/wp-content\\\/uploads\\\/2016\\\/05\\\/annif-logo-en.png\",\"contentUrl\":\"https:\\\/\\\/www.abidcars.com\\\/blog\\\/wp-content\\\/uploads\\\/2016\\\/05\\\/annif-logo-en.png\",\"width\":446,\"height\":133,\"caption\":\"Abid Cars Blog\"},\"image\":{\"@id\":\"https:\\\/\\\/www.abidcars.com\\\/blog\\\/#\\\/schema\\\/logo\\\/image\\\/\"},\"sameAs\":[\"https:\\\/\\\/www.facebook.com\\\/pages\\\/Abid-Cars-Location-de-voitures-au-Maroc-Car-rental-in-Morocco\\\/413704925369982\",\"https:\\\/\\\/x.com\\\/ABIDCARS\"]},{\"@type\":\"Person\",\"@id\":\"https:\\\/\\\/www.abidcars.com\\\/blog\\\/#\\\/schema\\\/person\\\/fcbbcbcc98a6e3007072f0bec6e75937\",\"name\":\"Mariam\",\"image\":{\"@type\":\"ImageObject\",\"inLanguage\":\"fr-FR\",\"@id\":\"https:\\\/\\\/secure.gravatar.com\\\/avatar\\\/6672d7c09d7ea789b57671810e6b3885117a7589638e50bde15fe09967b9f4b5?s=96&d=initials&r=g&initials=it\",\"url\":\"https:\\\/\\\/secure.gravatar.com\\\/avatar\\\/6672d7c09d7ea789b57671810e6b3885117a7589638e50bde15fe09967b9f4b5?s=96&d=initials&r=g&initials=it\",\"contentUrl\":\"https:\\\/\\\/secure.gravatar.com\\\/avatar\\\/6672d7c09d7ea789b57671810e6b3885117a7589638e50bde15fe09967b9f4b5?s=96&d=initials&r=g&initials=it\",\"caption\":\"Mariam\"},\"sameAs\":[\"http:\\\/\\\/www.t-t.ma\"],\"url\":\"https:\\\/\\\/www.abidcars.com\\\/blog\\\/author\\\/mzk-mariam\\\/\"}]}<\/script>\n<!-- \/ Yoast SEO plugin. -->","yoast_head_json":{"title":"Festival de F\u00e8s de la Culture Soufie 2015 : La religion de l'amour - Abid Cars Blog","description":"Le th\u00e8me de cette 9\u00e8me \u00e9dition du Festival de F\u00e8s de la Culture Soufie est \"La religion de l'amour\". Le festival va c\u00e9l\u00e9brer ...","robots":{"index":"index","follow":"follow","max-snippet":"max-snippet:-1","max-image-preview":"max-image-preview:large","max-video-preview":"max-video-preview:-1"},"canonical":"https:\/\/www.abidcars.com\/blog\/festival-de-fes-de-la-culture-soufie-2015\/","og_locale":"fr_FR","og_type":"article","og_title":"Festival de F\u00e8s de la Culture Soufie 2015 : La religion de l'amour - Abid Cars Blog","og_description":"Le th\u00e8me de cette 9\u00e8me \u00e9dition du Festival de F\u00e8s de la Culture Soufie est \"La religion de l'amour\". Le festival va c\u00e9l\u00e9brer ...","og_url":"https:\/\/www.abidcars.com\/blog\/festival-de-fes-de-la-culture-soufie-2015\/","og_site_name":"Abid Cars Blog","article_publisher":"https:\/\/www.facebook.com\/pages\/Abid-Cars-Location-de-voitures-au-Maroc-Car-rental-in-Morocco\/413704925369982","article_published_time":"2015-04-17T14:04:45+00:00","article_modified_time":"2015-09-09T08:04:23+00:00","og_image":[{"width":700,"height":467,"url":"https:\/\/www.abidcars.com\/blog\/wp-content\/uploads\/2015\/04\/fes-festival.jpg","type":"image\/jpeg"}],"author":"Mariam","twitter_card":"summary_large_image","twitter_creator":"@ABIDCARS","twitter_site":"@ABIDCARS","twitter_misc":{"\u00c9crit par":"Mariam","Dur\u00e9e de lecture estim\u00e9e":"2 minutes"},"schema":{"@context":"https:\/\/schema.org","@graph":[{"@type":"Article","@id":"https:\/\/www.abidcars.com\/blog\/festival-de-fes-de-la-culture-soufie-2015\/#article","isPartOf":{"@id":"https:\/\/www.abidcars.com\/blog\/festival-de-fes-de-la-culture-soufie-2015\/"},"author":{"name":"Mariam","@id":"https:\/\/www.abidcars.com\/blog\/#\/schema\/person\/fcbbcbcc98a6e3007072f0bec6e75937"},"headline":"Festival de F\u00e8s de la Culture Soufie 2015 : La religion de l&rsquo;amour","datePublished":"2015-04-17T14:04:45+00:00","dateModified":"2015-09-09T08:04:23+00:00","mainEntityOfPage":{"@id":"https:\/\/www.abidcars.com\/blog\/festival-de-fes-de-la-culture-soufie-2015\/"},"wordCount":417,"commentCount":0,"publisher":{"@id":"https:\/\/www.abidcars.com\/blog\/#organization"},"image":{"@id":"https:\/\/www.abidcars.com\/blog\/festival-de-fes-de-la-culture-soufie-2015\/#primaryimage"},"thumbnailUrl":"https:\/\/www.abidcars.com\/blog\/wp-content\/uploads\/2015\/04\/fes-festival.jpg","articleSection":["F\u00e8s","Fran\u00e7ais","Maroc"],"inLanguage":"fr-FR","potentialAction":[{"@type":"CommentAction","name":"Comment","target":["https:\/\/www.abidcars.com\/blog\/festival-de-fes-de-la-culture-soufie-2015\/#respond"]}]},{"@type":"WebPage","@id":"https:\/\/www.abidcars.com\/blog\/festival-de-fes-de-la-culture-soufie-2015\/","url":"https:\/\/www.abidcars.com\/blog\/festival-de-fes-de-la-culture-soufie-2015\/","name":"Festival de F\u00e8s de la Culture Soufie 2015 : La religion de l'amour - Abid Cars Blog","isPartOf":{"@id":"https:\/\/www.abidcars.com\/blog\/#website"},"primaryImageOfPage":{"@id":"https:\/\/www.abidcars.com\/blog\/festival-de-fes-de-la-culture-soufie-2015\/#primaryimage"},"image":{"@id":"https:\/\/www.abidcars.com\/blog\/festival-de-fes-de-la-culture-soufie-2015\/#primaryimage"},"thumbnailUrl":"https:\/\/www.abidcars.com\/blog\/wp-content\/uploads\/2015\/04\/fes-festival.jpg","datePublished":"2015-04-17T14:04:45+00:00","dateModified":"2015-09-09T08:04:23+00:00","description":"Le th\u00e8me de cette 9\u00e8me \u00e9dition du Festival de F\u00e8s de la Culture Soufie est \"La religion de l'amour\". Le festival va c\u00e9l\u00e9brer ...","breadcrumb":{"@id":"https:\/\/www.abidcars.com\/blog\/festival-de-fes-de-la-culture-soufie-2015\/#breadcrumb"},"inLanguage":"fr-FR","potentialAction":[{"@type":"ReadAction","target":["https:\/\/www.abidcars.com\/blog\/festival-de-fes-de-la-culture-soufie-2015\/"]}]},{"@type":"ImageObject","inLanguage":"fr-FR","@id":"https:\/\/www.abidcars.com\/blog\/festival-de-fes-de-la-culture-soufie-2015\/#primaryimage","url":"https:\/\/www.abidcars.com\/blog\/wp-content\/uploads\/2015\/04\/fes-festival.jpg","contentUrl":"https:\/\/www.abidcars.com\/blog\/wp-content\/uploads\/2015\/04\/fes-festival.jpg","width":700,"height":467,"caption":"fez festival of sufi culture"},{"@type":"BreadcrumbList","@id":"https:\/\/www.abidcars.com\/blog\/festival-de-fes-de-la-culture-soufie-2015\/#breadcrumb","itemListElement":[{"@type":"ListItem","position":1,"name":"Blog","item":"https:\/\/www.abidcars.com\/blog\/"},{"@type":"ListItem","position":2,"name":"Festival de F\u00e8s de la Culture Soufie 2015 : La religion de l&rsquo;amour"}]},{"@type":"WebSite","@id":"https:\/\/www.abidcars.com\/blog\/#website","url":"https:\/\/www.abidcars.com\/blog\/","name":"Abid Cars Blog","description":"Blog th\u00e9matique sur le Maroc, les voitures et la location des voitures au Maroc","publisher":{"@id":"https:\/\/www.abidcars.com\/blog\/#organization"},"potentialAction":[{"@type":"SearchAction","target":{"@type":"EntryPoint","urlTemplate":"https:\/\/www.abidcars.com\/blog\/?s={search_term_string}"},"query-input":{"@type":"PropertyValueSpecification","valueRequired":true,"valueName":"search_term_string"}}],"inLanguage":"fr-FR"},{"@type":"Organization","@id":"https:\/\/www.abidcars.com\/blog\/#organization","name":"Abid Cars Blog","url":"https:\/\/www.abidcars.com\/blog\/","logo":{"@type":"ImageObject","inLanguage":"fr-FR","@id":"https:\/\/www.abidcars.com\/blog\/#\/schema\/logo\/image\/","url":"https:\/\/www.abidcars.com\/blog\/wp-content\/uploads\/2016\/05\/annif-logo-en.png","contentUrl":"https:\/\/www.abidcars.com\/blog\/wp-content\/uploads\/2016\/05\/annif-logo-en.png","width":446,"height":133,"caption":"Abid Cars Blog"},"image":{"@id":"https:\/\/www.abidcars.com\/blog\/#\/schema\/logo\/image\/"},"sameAs":["https:\/\/www.facebook.com\/pages\/Abid-Cars-Location-de-voitures-au-Maroc-Car-rental-in-Morocco\/413704925369982","https:\/\/x.com\/ABIDCARS"]},{"@type":"Person","@id":"https:\/\/www.abidcars.com\/blog\/#\/schema\/person\/fcbbcbcc98a6e3007072f0bec6e75937","name":"Mariam","image":{"@type":"ImageObject","inLanguage":"fr-FR","@id":"https:\/\/secure.gravatar.com\/avatar\/6672d7c09d7ea789b57671810e6b3885117a7589638e50bde15fe09967b9f4b5?s=96&d=initials&r=g&initials=it","url":"https:\/\/secure.gravatar.com\/avatar\/6672d7c09d7ea789b57671810e6b3885117a7589638e50bde15fe09967b9f4b5?s=96&d=initials&r=g&initials=it","contentUrl":"https:\/\/secure.gravatar.com\/avatar\/6672d7c09d7ea789b57671810e6b3885117a7589638e50bde15fe09967b9f4b5?s=96&d=initials&r=g&initials=it","caption":"Mariam"},"sameAs":["http:\/\/www.t-t.ma"],"url":"https:\/\/www.abidcars.com\/blog\/author\/mzk-mariam\/"}]}},"amp_enabled":true,"_links":{"self":[{"href":"https:\/\/www.abidcars.com\/blog\/wp-json\/wp\/v2\/posts\/494","targetHints":{"allow":["GET"]}}],"collection":[{"href":"https:\/\/www.abidcars.com\/blog\/wp-json\/wp\/v2\/posts"}],"about":[{"href":"https:\/\/www.abidcars.com\/blog\/wp-json\/wp\/v2\/types\/post"}],"author":[{"embeddable":true,"href":"https:\/\/www.abidcars.com\/blog\/wp-json\/wp\/v2\/users\/4"}],"replies":[{"embeddable":true,"href":"https:\/\/www.abidcars.com\/blog\/wp-json\/wp\/v2\/comments?post=494"}],"version-history":[{"count":8,"href":"https:\/\/www.abidcars.com\/blog\/wp-json\/wp\/v2\/posts\/494\/revisions"}],"predecessor-version":[{"id":635,"href":"https:\/\/www.abidcars.com\/blog\/wp-json\/wp\/v2\/posts\/494\/revisions\/635"}],"wp:featuredmedia":[{"embeddable":true,"href":"https:\/\/www.abidcars.com\/blog\/wp-json\/wp\/v2\/media\/495"}],"wp:attachment":[{"href":"https:\/\/www.abidcars.com\/blog\/wp-json\/wp\/v2\/media?parent=494"}],"wp:term":[{"taxonomy":"category","embeddable":true,"href":"https:\/\/www.abidcars.com\/blog\/wp-json\/wp\/v2\/categories?post=494"},{"taxonomy":"post_tag","embeddable":true,"href":"https:\/\/www.abidcars.com\/blog\/wp-json\/wp\/v2\/tags?post=494"}],"curies":[{"name":"wp","href":"https:\/\/api.w.org\/{rel}","templated":true}]}}