{"id":59,"date":"2014-05-27T12:41:17","date_gmt":"2014-05-27T11:41:17","guid":{"rendered":"http:\/\/www.abidcars.com\/blog\/?p=59"},"modified":"2015-10-13T15:32:02","modified_gmt":"2015-10-13T14:32:02","slug":"visiter-rabat-en-3-jours","status":"publish","type":"post","link":"https:\/\/www.abidcars.com\/blog\/visiter-rabat-en-3-jours\/","title":{"rendered":"Visiter Rabat en 3 jours : Une capitale \u00e0 vivre"},"content":{"rendered":"<h2 style=\"text-align: justify;\"><strong>Toute en s\u00e9r\u00e9nit\u00e9 et en raffinement, Rabat offre sa bont\u00e9 de vivre aux promeneurs romantiques et aux amateurs de visites culturelles et festives<\/strong><\/h2>\n<p style=\"text-align: justify;\">Rabat est la capitale politique et administrative du Maroc, qui se trouve sur sur le littoral atlantique, et sur la rive gauche du fleuve Bouregreg, en face de la ville de Sal\u00e9.<\/p>\n<p style=\"text-align: justify;\">Lors d&rsquo;un s\u00e9jour \u00e0 Rabat, une <a title=\"Voiture de location \u00e0 Rabat - Maroc\" href=\"http:\/\/www.abidcars.com\/location-de-voiture-a-rabat\">voiture de location<\/a> est indispensable pour faciliter le d\u00e9placement entre les diff\u00e9rents sites int\u00e9ressants \u00e0 visiter :<\/p>\n<p style=\"text-align: justify;\"><strong>La Kasbah des Oudayas<\/strong><\/p>\n<p style=\"text-align: justify;\"><a href=\"http:\/\/www.abidcars.com\/blog\/wp-content\/uploads\/oudayas.jpg\"><img loading=\"lazy\" decoding=\"async\" class=\" alignleft wp-image-65 \" src=\"https:\/\/www.abidcars.com\/blog\/wp-content\/uploads\/oudayas.jpg\" alt=\"oudayas\" width=\"246\" height=\"184\" \/><\/a>\u00c9lev\u00e9e au XII\u00e8me si\u00e8cle, la Kasbah des Oudayas fut construite sur un promontoire. Elle domine l\u2019embouchure du fleuve Bouregreg et l\u2019oc\u00e9an Atlantique.<br \/>\nA l\u2019entr\u00e9e de la Kasbah vous trouverez la porte des Oudayas. Tr\u00e8s beau chef d\u2019\u0153uvre !! La porte de la Kasbah des Oudayas resta longtemps mur\u00e9e et servit de prison pendant plusieurs si\u00e8cles avant d&rsquo;\u00eatre restaur\u00e9e au d\u00e9but du XX\u00e8me si\u00e8cle.<br \/>\nL&rsquo;histoire de la Kasbah fut\u00a0marqu\u00e9e par de nombreuses batailles.\u00a0Plusieurs fois attaqu\u00e9s, les murs de la forteresse t\u00e9moignent des bombardements.<br \/>\nPour s&rsquo;y rendre depuis le centre de Rabat, il faut emprunter le Boulevard Hassan II vers l&rsquo;Est jusqu&rsquo;\u00e0 la place du Mellah. Puis tourner \u00e0 gauche, la Kasbah des Oudayas est au bout de la rue \u00e0 600m.<br \/>\nLes petites habitations sont toutes peintes \u00e0 la chaux blanche et bleue.\u00a0D\u00e9paysement assur\u00e9 !<br \/>\nA noter : la Kasbah enferme \u00e9galement des jardins de style andalous et un\u00a0mus\u00e9e des arts marocains traditionnels o\u00f9 l&rsquo;on trouve des instruments de musique, des bijoux, des costumes\u2026<\/p>\n<p style=\"text-align: justify;\"><strong>Le mus\u00e9e arch\u00e9ologique<\/strong><br \/>\n<a href=\"http:\/\/www.abidcars.com\/blog\/wp-content\/uploads\/chien-volubilis.jpg\"><img loading=\"lazy\" decoding=\"async\" class=\"alignright wp-image-61 \" src=\"https:\/\/www.abidcars.com\/blog\/wp-content\/uploads\/chien-volubilis.jpg\" alt=\"chien volubilis\" width=\"291\" height=\"218\" srcset=\"https:\/\/www.abidcars.com\/blog\/wp-content\/uploads\/chien-volubilis.jpg 320w, https:\/\/www.abidcars.com\/blog\/wp-content\/uploads\/chien-volubilis-300x225.jpg 300w\" sizes=\"auto, (max-width: 291px) 100vw, 291px\" \/><\/a>Le mus\u00e9e arch\u00e9ologique de Rabat fut cr\u00e9e en 1931-1932. Il a \u00e9t\u00e9 construit au d\u00e9part pour accueillir la collection des bronzes de Volubilis, il abrite actuellement les plus grands tr\u00e9sors du Maroc antique et en particulier romain trouv\u00e9s dans les diff\u00e9rents sites fouill\u00e9s, notamment ceux de Volubilis. Banassa. Thamusida&#8230;.<br \/>\nSa vocation est de pr\u00e9senter, \u00e0 travers les vestiges qu&rsquo;il renferme, l&rsquo;histoire du Maroc depuis la Pr\u00e9histoire jusqu&rsquo;\u00e0 l&rsquo;\u00e9poque islamique : outils des hommes pr\u00e9historiques, mobilier n\u00e9olithique, inscriptions libyco-berb\u00e8res. splendide collection de divinit\u00e9s romaines, statuettes en bronze ou en marbre, c\u00e9ramique des premi\u00e8res cit\u00e9s de l&rsquo;\u00e9poque islamique&#8230;<br \/>\nVous trouverez beaucoup de salles qui comportent beaucoup d\u2019objets d\u2019arts, de gravures, des statuettes, des st\u00e8les libyques\u2026 Vraiment \u00e0 visiter !!<\/p>\n<p style=\"text-align: justify;\"><strong>Chellah<\/strong><br \/>\n<a href=\"http:\/\/www.abidcars.com\/blog\/wp-content\/uploads\/Porte_chellah_2006.jpg\"><img loading=\"lazy\" decoding=\"async\" class=\" wp-image-60 alignleft\" src=\"https:\/\/www.abidcars.com\/blog\/wp-content\/uploads\/Porte_chellah_2006.jpg\" alt=\"Porte_chellah_2006\" width=\"311\" height=\"233\" srcset=\"https:\/\/www.abidcars.com\/blog\/wp-content\/uploads\/Porte_chellah_2006.jpg 640w, https:\/\/www.abidcars.com\/blog\/wp-content\/uploads\/Porte_chellah_2006-300x225.jpg 300w\" sizes=\"auto, (max-width: 311px) 100vw, 311px\" \/><\/a>B\u00e2tie sur les ruines de l&rsquo;ancienne cit\u00e9 Romaine de Sala Colonia, cette n\u00e9cropole M\u00e9rinide du XIII\u00e8me si\u00e8cle baptis\u00e9e par les guides \u00ab\u00a0plus romantique site de Rabat et du Maroc\u00a0\u00bb, est un endroit calme, sans doute un des plus calme de la ville de Rabat.<br \/>\nLa porte de la n\u00e9cropole est une porte majestueuse, puissante et guerri\u00e8re s&rsquo;ouvrant sur une petite oasis, un havre de paix d&rsquo;une dizaine d&rsquo;hectares o\u00f9 la tranquillit\u00e9 des lieux est interrompue de temps \u00e0 autre par le claquement de bec des cigognes.<br \/>\nChellah est le brassage de plusieurs civilisations ayant jou\u00e9 un r\u00f4le pr\u00e9pond\u00e9rant \u00e0 Rabat, notamment les Ph\u00e9niciens, les Carthaginois, les Romains puis les derniers ma\u00eetres des lieux, les Arabes qui ont laiss\u00e9 des t\u00e9moignages de l\u2019architecture islamique.<br \/>\nActuellement, ce site historique est devenu un lieu de pr\u00e9dilection pour les touristes et les habitants de Rabat\u00a0abritant de temps \u00e0 autre des manifestations culturelles et artistiques.<\/p>\n<p style=\"text-align: justify;\"><strong>La Tour Hassan<\/strong><br \/>\n<a href=\"http:\/\/www.abidcars.com\/blog\/wp-content\/uploads\/images-2.jpg\"><img loading=\"lazy\" decoding=\"async\" class=\" wp-image-67 size-full alignright\" src=\"https:\/\/www.abidcars.com\/blog\/wp-content\/uploads\/images-2.jpg\" alt=\"images (2)\" width=\"276\" height=\"183\" \/><\/a>Minaret d\u2019une mosqu\u00e9e inachev\u00e9e \u00e0 Rabat, la <a title=\"Tours Hassan\" href=\"http:\/\/fr.wikipedia.org\/wiki\/Tour_Hassan\" target=\"_blank\">Tour Hassan<\/a> est l\u2019un des symboles repr\u00e9sentatifs de la grandeur des Almohades. Elle est l\u2019un des monuments historiques les plus beaux de la capitale. 16 m\u00e8tres de cot\u00e9 \u00e0 la base et 44 m\u00e8tres de hauteur. Si elle aurait pu \u00eatre achev\u00e9e elle devait \u00eatre la plus grande mosqu\u00e9e du monde avec plus de 65 m\u00e8tres de haut.<br \/>\nPr\u00e8s du minaret on peut d\u00e9couvrir les vestiges de la mosqu\u00e9e inachev\u00e9e avec ses murs en ruines et pr\u00e8s de 200 colonnes qui devaient soutenir le toit de l\u2019\u00e9difice. Mais ces colonnes furent pratiquement toutes d\u00e9truites lors du tremblement de terre de 1755.<\/p>\n<p style=\"text-align: justify;\"><strong>Le Mausol\u00e9e de Mohammed V<\/strong><br \/>\n<a href=\"http:\/\/www.abidcars.com\/blog\/wp-content\/uploads\/mausol\u00e9.jpg\"><img loading=\"lazy\" decoding=\"async\" class=\" wp-image-68 alignleft\" src=\"https:\/\/www.abidcars.com\/blog\/wp-content\/uploads\/mausol\u00e9.jpg\" alt=\"mausol\u00e9\" width=\"320\" height=\"214\" srcset=\"https:\/\/www.abidcars.com\/blog\/wp-content\/uploads\/mausol\u00e9.jpg 450w, https:\/\/www.abidcars.com\/blog\/wp-content\/uploads\/mausol\u00e9-300x200.jpg 300w\" sizes=\"auto, (max-width: 320px) 100vw, 320px\" \/><\/a>A l\u2019oppos\u00e9 de la Tour Hassan, le mausol\u00e9e Mohammed V est b\u00e2ti en marbre blanc d&rsquo;Italie et coiff\u00e9 d&rsquo;un toit pyramidal recouvert de tuiles vertes, symbole de la royaut\u00e9.\u00a0L\u2019ensemble fut accompli par plus de 400 artisans.<br \/>\nIl a \u00e9t\u00e9 achev\u00e9 en 1971 par un architecte d&rsquo;origine Vietnamienne VO TOAN en hommage au roi mort. Il abrite le tombeau du plus populaire des sultans et rois du Maroc, Mohammed V, p\u00e8re de l&rsquo;ind\u00e9pendance, et les tombeaux de ses fils\u00a0: Le prince Moulay Abdellah en 1983 et depuis 1999 le roi Hassan II.<\/p>\n","protected":false},"excerpt":{"rendered":"<p>Toute en s\u00e9r\u00e9nit\u00e9 et en raffinement, Rabat offre sa bont\u00e9 de vivre [&hellip;]<\/p>\n","protected":false},"author":2,"featured_media":70,"comment_status":"open","ping_status":"open","sticky":false,"template":"","format":"standard","meta":{"footnotes":""},"categories":[2,22],"tags":[17,14],"class_list":["post-59","post","type-post","status-publish","format-standard","has-post-thumbnail","hentry","category-fr","category-rabat","tag-location-de-voiture-a-rabat","tag-location-de-voiture-au-maroc"],"yoast_head":"<!-- This site is optimized with the Yoast SEO plugin v27.4 - https:\/\/yoast.com\/product\/yoast-seo-wordpress\/ -->\n<title>Visiter Rabat en 3 jours : Une capitale \u00e0 vivre<\/title>\n<meta name=\"description\" content=\"Bon plan pour visiter la ville de Rabat et ses alentours en trois jours\" \/>\n<meta name=\"robots\" content=\"index, follow, max-snippet:-1, max-image-preview:large, max-video-preview:-1\" \/>\n<link rel=\"canonical\" href=\"https:\/\/www.abidcars.com\/blog\/visiter-rabat-en-3-jours\/\" \/>\n<meta property=\"og:locale\" content=\"fr_FR\" \/>\n<meta property=\"og:type\" content=\"article\" \/>\n<meta property=\"og:title\" content=\"Visiter Rabat en 3 jours : Une capitale \u00e0 vivre\" \/>\n<meta property=\"og:description\" content=\"Bon plan pour visiter la ville de Rabat et ses alentours en trois jours\" \/>\n<meta property=\"og:url\" content=\"https:\/\/www.abidcars.com\/blog\/visiter-rabat-en-3-jours\/\" \/>\n<meta property=\"og:site_name\" content=\"Abid Cars Blog\" \/>\n<meta property=\"article:publisher\" content=\"https:\/\/www.facebook.com\/pages\/Abid-Cars-Location-de-voitures-au-Maroc-Car-rental-in-Morocco\/413704925369982\" \/>\n<meta property=\"article:published_time\" content=\"2014-05-27T11:41:17+00:00\" \/>\n<meta property=\"article:modified_time\" content=\"2015-10-13T14:32:02+00:00\" \/>\n<meta property=\"og:image\" content=\"https:\/\/www.abidcars.com\/blog\/wp-content\/uploads\/rabat.jpg\" \/>\n\t<meta property=\"og:image:width\" content=\"1810\" \/>\n\t<meta property=\"og:image:height\" content=\"1206\" \/>\n\t<meta property=\"og:image:type\" content=\"image\/jpeg\" \/>\n<meta name=\"author\" content=\"Nadia\" \/>\n<meta name=\"twitter:card\" content=\"summary_large_image\" \/>\n<meta name=\"twitter:creator\" content=\"@ABIDCARS\" \/>\n<meta name=\"twitter:site\" content=\"@ABIDCARS\" \/>\n<meta name=\"twitter:label1\" content=\"\u00c9crit par\" \/>\n\t<meta name=\"twitter:data1\" content=\"Nadia\" \/>\n\t<meta name=\"twitter:label2\" content=\"Dur\u00e9e de lecture estim\u00e9e\" \/>\n\t<meta name=\"twitter:data2\" content=\"4 minutes\" \/>\n<script type=\"application\/ld+json\" class=\"yoast-schema-graph\">{\"@context\":\"https:\\\/\\\/schema.org\",\"@graph\":[{\"@type\":\"Article\",\"@id\":\"https:\\\/\\\/www.abidcars.com\\\/blog\\\/visiter-rabat-en-3-jours\\\/#article\",\"isPartOf\":{\"@id\":\"https:\\\/\\\/www.abidcars.com\\\/blog\\\/visiter-rabat-en-3-jours\\\/\"},\"author\":{\"name\":\"Nadia\",\"@id\":\"https:\\\/\\\/www.abidcars.com\\\/blog\\\/#\\\/schema\\\/person\\\/909cf4f255d0bc68c11724d4d1bf188c\"},\"headline\":\"Visiter Rabat en 3 jours : Une capitale \u00e0 vivre\",\"datePublished\":\"2014-05-27T11:41:17+00:00\",\"dateModified\":\"2015-10-13T14:32:02+00:00\",\"mainEntityOfPage\":{\"@id\":\"https:\\\/\\\/www.abidcars.com\\\/blog\\\/visiter-rabat-en-3-jours\\\/\"},\"wordCount\":817,\"commentCount\":2,\"publisher\":{\"@id\":\"https:\\\/\\\/www.abidcars.com\\\/blog\\\/#organization\"},\"image\":{\"@id\":\"https:\\\/\\\/www.abidcars.com\\\/blog\\\/visiter-rabat-en-3-jours\\\/#primaryimage\"},\"thumbnailUrl\":\"https:\\\/\\\/www.abidcars.com\\\/blog\\\/wp-content\\\/uploads\\\/rabat.jpg\",\"keywords\":[\"location de voiture \u00e0 Rabat\",\"location de voiture au Maroc\"],\"articleSection\":[\"Fran\u00e7ais\",\"Rabat\"],\"inLanguage\":\"fr-FR\",\"potentialAction\":[{\"@type\":\"CommentAction\",\"name\":\"Comment\",\"target\":[\"https:\\\/\\\/www.abidcars.com\\\/blog\\\/visiter-rabat-en-3-jours\\\/#respond\"]}]},{\"@type\":\"WebPage\",\"@id\":\"https:\\\/\\\/www.abidcars.com\\\/blog\\\/visiter-rabat-en-3-jours\\\/\",\"url\":\"https:\\\/\\\/www.abidcars.com\\\/blog\\\/visiter-rabat-en-3-jours\\\/\",\"name\":\"Visiter Rabat en 3 jours : Une capitale \u00e0 vivre\",\"isPartOf\":{\"@id\":\"https:\\\/\\\/www.abidcars.com\\\/blog\\\/#website\"},\"primaryImageOfPage\":{\"@id\":\"https:\\\/\\\/www.abidcars.com\\\/blog\\\/visiter-rabat-en-3-jours\\\/#primaryimage\"},\"image\":{\"@id\":\"https:\\\/\\\/www.abidcars.com\\\/blog\\\/visiter-rabat-en-3-jours\\\/#primaryimage\"},\"thumbnailUrl\":\"https:\\\/\\\/www.abidcars.com\\\/blog\\\/wp-content\\\/uploads\\\/rabat.jpg\",\"datePublished\":\"2014-05-27T11:41:17+00:00\",\"dateModified\":\"2015-10-13T14:32:02+00:00\",\"description\":\"Bon plan pour visiter la ville de Rabat et ses alentours en trois jours\",\"breadcrumb\":{\"@id\":\"https:\\\/\\\/www.abidcars.com\\\/blog\\\/visiter-rabat-en-3-jours\\\/#breadcrumb\"},\"inLanguage\":\"fr-FR\",\"potentialAction\":[{\"@type\":\"ReadAction\",\"target\":[\"https:\\\/\\\/www.abidcars.com\\\/blog\\\/visiter-rabat-en-3-jours\\\/\"]}]},{\"@type\":\"ImageObject\",\"inLanguage\":\"fr-FR\",\"@id\":\"https:\\\/\\\/www.abidcars.com\\\/blog\\\/visiter-rabat-en-3-jours\\\/#primaryimage\",\"url\":\"https:\\\/\\\/www.abidcars.com\\\/blog\\\/wp-content\\\/uploads\\\/rabat.jpg\",\"contentUrl\":\"https:\\\/\\\/www.abidcars.com\\\/blog\\\/wp-content\\\/uploads\\\/rabat.jpg\",\"width\":1810,\"height\":1206},{\"@type\":\"BreadcrumbList\",\"@id\":\"https:\\\/\\\/www.abidcars.com\\\/blog\\\/visiter-rabat-en-3-jours\\\/#breadcrumb\",\"itemListElement\":[{\"@type\":\"ListItem\",\"position\":1,\"name\":\"Blog\",\"item\":\"https:\\\/\\\/www.abidcars.com\\\/blog\\\/\"},{\"@type\":\"ListItem\",\"position\":2,\"name\":\"Visiter Rabat en 3 jours : Une capitale \u00e0 vivre\"}]},{\"@type\":\"WebSite\",\"@id\":\"https:\\\/\\\/www.abidcars.com\\\/blog\\\/#website\",\"url\":\"https:\\\/\\\/www.abidcars.com\\\/blog\\\/\",\"name\":\"Abid Cars Blog\",\"description\":\"Blog th\u00e9matique sur le Maroc, les voitures et la location des voitures au Maroc\",\"publisher\":{\"@id\":\"https:\\\/\\\/www.abidcars.com\\\/blog\\\/#organization\"},\"potentialAction\":[{\"@type\":\"SearchAction\",\"target\":{\"@type\":\"EntryPoint\",\"urlTemplate\":\"https:\\\/\\\/www.abidcars.com\\\/blog\\\/?s={search_term_string}\"},\"query-input\":{\"@type\":\"PropertyValueSpecification\",\"valueRequired\":true,\"valueName\":\"search_term_string\"}}],\"inLanguage\":\"fr-FR\"},{\"@type\":\"Organization\",\"@id\":\"https:\\\/\\\/www.abidcars.com\\\/blog\\\/#organization\",\"name\":\"Abid Cars Blog\",\"url\":\"https:\\\/\\\/www.abidcars.com\\\/blog\\\/\",\"logo\":{\"@type\":\"ImageObject\",\"inLanguage\":\"fr-FR\",\"@id\":\"https:\\\/\\\/www.abidcars.com\\\/blog\\\/#\\\/schema\\\/logo\\\/image\\\/\",\"url\":\"https:\\\/\\\/www.abidcars.com\\\/blog\\\/wp-content\\\/uploads\\\/2016\\\/05\\\/annif-logo-en.png\",\"contentUrl\":\"https:\\\/\\\/www.abidcars.com\\\/blog\\\/wp-content\\\/uploads\\\/2016\\\/05\\\/annif-logo-en.png\",\"width\":446,\"height\":133,\"caption\":\"Abid Cars Blog\"},\"image\":{\"@id\":\"https:\\\/\\\/www.abidcars.com\\\/blog\\\/#\\\/schema\\\/logo\\\/image\\\/\"},\"sameAs\":[\"https:\\\/\\\/www.facebook.com\\\/pages\\\/Abid-Cars-Location-de-voitures-au-Maroc-Car-rental-in-Morocco\\\/413704925369982\",\"https:\\\/\\\/x.com\\\/ABIDCARS\"]},{\"@type\":\"Person\",\"@id\":\"https:\\\/\\\/www.abidcars.com\\\/blog\\\/#\\\/schema\\\/person\\\/909cf4f255d0bc68c11724d4d1bf188c\",\"name\":\"Nadia\",\"image\":{\"@type\":\"ImageObject\",\"inLanguage\":\"fr-FR\",\"@id\":\"https:\\\/\\\/secure.gravatar.com\\\/avatar\\\/7404726da711f343bf00c6c3bcea4e7812fe9ace5f67b3f1bf9cb2b59dc0d501?s=96&d=initials&r=g&initials=en\",\"url\":\"https:\\\/\\\/secure.gravatar.com\\\/avatar\\\/7404726da711f343bf00c6c3bcea4e7812fe9ace5f67b3f1bf9cb2b59dc0d501?s=96&d=initials&r=g&initials=en\",\"contentUrl\":\"https:\\\/\\\/secure.gravatar.com\\\/avatar\\\/7404726da711f343bf00c6c3bcea4e7812fe9ace5f67b3f1bf9cb2b59dc0d501?s=96&d=initials&r=g&initials=en\",\"caption\":\"Nadia\"},\"description\":\"R\u00e9dactrice blogueuse et webmaster chez TECHNOLOGY &amp; TELECOM\",\"sameAs\":[\"http:\\\/\\\/www.abidcars.com\"],\"url\":\"https:\\\/\\\/www.abidcars.com\\\/blog\\\/author\\\/ei-nadia\\\/\"}]}<\/script>\n<!-- \/ Yoast SEO plugin. -->","yoast_head_json":{"title":"Visiter Rabat en 3 jours : Une capitale \u00e0 vivre","description":"Bon plan pour visiter la ville de Rabat et ses alentours en trois jours","robots":{"index":"index","follow":"follow","max-snippet":"max-snippet:-1","max-image-preview":"max-image-preview:large","max-video-preview":"max-video-preview:-1"},"canonical":"https:\/\/www.abidcars.com\/blog\/visiter-rabat-en-3-jours\/","og_locale":"fr_FR","og_type":"article","og_title":"Visiter Rabat en 3 jours : Une capitale \u00e0 vivre","og_description":"Bon plan pour visiter la ville de Rabat et ses alentours en trois jours","og_url":"https:\/\/www.abidcars.com\/blog\/visiter-rabat-en-3-jours\/","og_site_name":"Abid Cars Blog","article_publisher":"https:\/\/www.facebook.com\/pages\/Abid-Cars-Location-de-voitures-au-Maroc-Car-rental-in-Morocco\/413704925369982","article_published_time":"2014-05-27T11:41:17+00:00","article_modified_time":"2015-10-13T14:32:02+00:00","og_image":[{"width":1810,"height":1206,"url":"https:\/\/www.abidcars.com\/blog\/wp-content\/uploads\/rabat.jpg","type":"image\/jpeg"}],"author":"Nadia","twitter_card":"summary_large_image","twitter_creator":"@ABIDCARS","twitter_site":"@ABIDCARS","twitter_misc":{"\u00c9crit par":"Nadia","Dur\u00e9e de lecture estim\u00e9e":"4 minutes"},"schema":{"@context":"https:\/\/schema.org","@graph":[{"@type":"Article","@id":"https:\/\/www.abidcars.com\/blog\/visiter-rabat-en-3-jours\/#article","isPartOf":{"@id":"https:\/\/www.abidcars.com\/blog\/visiter-rabat-en-3-jours\/"},"author":{"name":"Nadia","@id":"https:\/\/www.abidcars.com\/blog\/#\/schema\/person\/909cf4f255d0bc68c11724d4d1bf188c"},"headline":"Visiter Rabat en 3 jours : Une capitale \u00e0 vivre","datePublished":"2014-05-27T11:41:17+00:00","dateModified":"2015-10-13T14:32:02+00:00","mainEntityOfPage":{"@id":"https:\/\/www.abidcars.com\/blog\/visiter-rabat-en-3-jours\/"},"wordCount":817,"commentCount":2,"publisher":{"@id":"https:\/\/www.abidcars.com\/blog\/#organization"},"image":{"@id":"https:\/\/www.abidcars.com\/blog\/visiter-rabat-en-3-jours\/#primaryimage"},"thumbnailUrl":"https:\/\/www.abidcars.com\/blog\/wp-content\/uploads\/rabat.jpg","keywords":["location de voiture \u00e0 Rabat","location de voiture au Maroc"],"articleSection":["Fran\u00e7ais","Rabat"],"inLanguage":"fr-FR","potentialAction":[{"@type":"CommentAction","name":"Comment","target":["https:\/\/www.abidcars.com\/blog\/visiter-rabat-en-3-jours\/#respond"]}]},{"@type":"WebPage","@id":"https:\/\/www.abidcars.com\/blog\/visiter-rabat-en-3-jours\/","url":"https:\/\/www.abidcars.com\/blog\/visiter-rabat-en-3-jours\/","name":"Visiter Rabat en 3 jours : Une capitale \u00e0 vivre","isPartOf":{"@id":"https:\/\/www.abidcars.com\/blog\/#website"},"primaryImageOfPage":{"@id":"https:\/\/www.abidcars.com\/blog\/visiter-rabat-en-3-jours\/#primaryimage"},"image":{"@id":"https:\/\/www.abidcars.com\/blog\/visiter-rabat-en-3-jours\/#primaryimage"},"thumbnailUrl":"https:\/\/www.abidcars.com\/blog\/wp-content\/uploads\/rabat.jpg","datePublished":"2014-05-27T11:41:17+00:00","dateModified":"2015-10-13T14:32:02+00:00","description":"Bon plan pour visiter la ville de Rabat et ses alentours en trois jours","breadcrumb":{"@id":"https:\/\/www.abidcars.com\/blog\/visiter-rabat-en-3-jours\/#breadcrumb"},"inLanguage":"fr-FR","potentialAction":[{"@type":"ReadAction","target":["https:\/\/www.abidcars.com\/blog\/visiter-rabat-en-3-jours\/"]}]},{"@type":"ImageObject","inLanguage":"fr-FR","@id":"https:\/\/www.abidcars.com\/blog\/visiter-rabat-en-3-jours\/#primaryimage","url":"https:\/\/www.abidcars.com\/blog\/wp-content\/uploads\/rabat.jpg","contentUrl":"https:\/\/www.abidcars.com\/blog\/wp-content\/uploads\/rabat.jpg","width":1810,"height":1206},{"@type":"BreadcrumbList","@id":"https:\/\/www.abidcars.com\/blog\/visiter-rabat-en-3-jours\/#breadcrumb","itemListElement":[{"@type":"ListItem","position":1,"name":"Blog","item":"https:\/\/www.abidcars.com\/blog\/"},{"@type":"ListItem","position":2,"name":"Visiter Rabat en 3 jours : Une capitale \u00e0 vivre"}]},{"@type":"WebSite","@id":"https:\/\/www.abidcars.com\/blog\/#website","url":"https:\/\/www.abidcars.com\/blog\/","name":"Abid Cars Blog","description":"Blog th\u00e9matique sur le Maroc, les voitures et la location des voitures au Maroc","publisher":{"@id":"https:\/\/www.abidcars.com\/blog\/#organization"},"potentialAction":[{"@type":"SearchAction","target":{"@type":"EntryPoint","urlTemplate":"https:\/\/www.abidcars.com\/blog\/?s={search_term_string}"},"query-input":{"@type":"PropertyValueSpecification","valueRequired":true,"valueName":"search_term_string"}}],"inLanguage":"fr-FR"},{"@type":"Organization","@id":"https:\/\/www.abidcars.com\/blog\/#organization","name":"Abid Cars Blog","url":"https:\/\/www.abidcars.com\/blog\/","logo":{"@type":"ImageObject","inLanguage":"fr-FR","@id":"https:\/\/www.abidcars.com\/blog\/#\/schema\/logo\/image\/","url":"https:\/\/www.abidcars.com\/blog\/wp-content\/uploads\/2016\/05\/annif-logo-en.png","contentUrl":"https:\/\/www.abidcars.com\/blog\/wp-content\/uploads\/2016\/05\/annif-logo-en.png","width":446,"height":133,"caption":"Abid Cars Blog"},"image":{"@id":"https:\/\/www.abidcars.com\/blog\/#\/schema\/logo\/image\/"},"sameAs":["https:\/\/www.facebook.com\/pages\/Abid-Cars-Location-de-voitures-au-Maroc-Car-rental-in-Morocco\/413704925369982","https:\/\/x.com\/ABIDCARS"]},{"@type":"Person","@id":"https:\/\/www.abidcars.com\/blog\/#\/schema\/person\/909cf4f255d0bc68c11724d4d1bf188c","name":"Nadia","image":{"@type":"ImageObject","inLanguage":"fr-FR","@id":"https:\/\/secure.gravatar.com\/avatar\/7404726da711f343bf00c6c3bcea4e7812fe9ace5f67b3f1bf9cb2b59dc0d501?s=96&d=initials&r=g&initials=en","url":"https:\/\/secure.gravatar.com\/avatar\/7404726da711f343bf00c6c3bcea4e7812fe9ace5f67b3f1bf9cb2b59dc0d501?s=96&d=initials&r=g&initials=en","contentUrl":"https:\/\/secure.gravatar.com\/avatar\/7404726da711f343bf00c6c3bcea4e7812fe9ace5f67b3f1bf9cb2b59dc0d501?s=96&d=initials&r=g&initials=en","caption":"Nadia"},"description":"R\u00e9dactrice blogueuse et webmaster chez TECHNOLOGY &amp; TELECOM","sameAs":["http:\/\/www.abidcars.com"],"url":"https:\/\/www.abidcars.com\/blog\/author\/ei-nadia\/"}]}},"amp_enabled":true,"_links":{"self":[{"href":"https:\/\/www.abidcars.com\/blog\/wp-json\/wp\/v2\/posts\/59","targetHints":{"allow":["GET"]}}],"collection":[{"href":"https:\/\/www.abidcars.com\/blog\/wp-json\/wp\/v2\/posts"}],"about":[{"href":"https:\/\/www.abidcars.com\/blog\/wp-json\/wp\/v2\/types\/post"}],"author":[{"embeddable":true,"href":"https:\/\/www.abidcars.com\/blog\/wp-json\/wp\/v2\/users\/2"}],"replies":[{"embeddable":true,"href":"https:\/\/www.abidcars.com\/blog\/wp-json\/wp\/v2\/comments?post=59"}],"version-history":[{"count":13,"href":"https:\/\/www.abidcars.com\/blog\/wp-json\/wp\/v2\/posts\/59\/revisions"}],"predecessor-version":[{"id":579,"href":"https:\/\/www.abidcars.com\/blog\/wp-json\/wp\/v2\/posts\/59\/revisions\/579"}],"wp:featuredmedia":[{"embeddable":true,"href":"https:\/\/www.abidcars.com\/blog\/wp-json\/wp\/v2\/media\/70"}],"wp:attachment":[{"href":"https:\/\/www.abidcars.com\/blog\/wp-json\/wp\/v2\/media?parent=59"}],"wp:term":[{"taxonomy":"category","embeddable":true,"href":"https:\/\/www.abidcars.com\/blog\/wp-json\/wp\/v2\/categories?post=59"},{"taxonomy":"post_tag","embeddable":true,"href":"https:\/\/www.abidcars.com\/blog\/wp-json\/wp\/v2\/tags?post=59"}],"curies":[{"name":"wp","href":"https:\/\/api.w.org\/{rel}","templated":true}]}}