{"id":975,"date":"2016-04-04T10:31:07","date_gmt":"2016-04-04T09:31:07","guid":{"rendered":"https:\/\/www.abidcars.com\/blog\/?p=975"},"modified":"2016-04-04T10:45:18","modified_gmt":"2016-04-04T09:45:18","slug":"rabat-international-airport","status":"publish","type":"post","link":"https:\/\/www.abidcars.com\/blog\/rabat-international-airport\/","title":{"rendered":"Rabat International Airport"},"content":{"rendered":"<p style=\"text-align: justify;\"><span style=\"font-weight: 400;\">Rabat International Airport (IATA code: RBA), also known as Sal\u00e9 international airport, is the entry point for all the passengers traveling directly to the capital of Morocco or elsewhere in the Region Rabat-Sal\u00e9-Zemmour-Zaer. The Rabat-Sal\u00e9 International Airport has two terminals, one of which is reserved for the Hajj, with a size of 16,000 m\u00b2, with a capacity of 1, 5 million passengers per year.<\/span><\/p>\n<p style=\"text-align: justify;\"><img loading=\"lazy\" decoding=\"async\" class=\"aligncenter size-full wp-image-227\" src=\"https:\/\/www.abidcars.com\/blog\/wp-content\/uploads\/2014\/07\/Rabat-Sale-Airport-map.gif\" alt=\"Rabat-Sale-Airport-map\" width=\"600\" height=\"371\" \/><\/p>\n<p style=\"text-align: justify;\"><span style=\"font-weight: 400;\">Rabat International Airport is located about 8 km northeast of the administrative capital Rabat on the road to Meknes, and 90 km of the Moroccan economic capital Casablanca, the terminal consists of a civil part and a military part.<\/span><\/p>\n<p style=\"text-align: justify;\"><span style=\"font-weight: 400;\">Rabat-Sal\u00e9 International Airport is served by 9 airlines, it is the main center of activity of the national airline Royal Air Morocco, and also hosts several Air France flights \u00a0and other low-cost airlines flights.<\/span><\/p>\n<p style=\"text-align: justify;\"><span style=\"font-weight: 400;\">Other companies represented at the airport of Rabat Sal\u00e9 are Ryanair, Aigle Azur, JetairFly, Saudia, Iberia, Air Nostrum and Buraq Air.<\/span><\/p>\n<p style=\"text-align: justify;\"><img loading=\"lazy\" decoding=\"async\" class=\"aligncenter size-full wp-image-220\" src=\"https:\/\/www.abidcars.com\/blog\/wp-content\/uploads\/2014\/07\/ryanair-aeroport-rabat.jpg\" alt=\"ryanair-aeroport-rabat\" width=\"680\" height=\"294\" srcset=\"https:\/\/www.abidcars.com\/blog\/wp-content\/uploads\/2014\/07\/ryanair-aeroport-rabat.jpg 680w, https:\/\/www.abidcars.com\/blog\/wp-content\/uploads\/2014\/07\/ryanair-aeroport-rabat-300x129.jpg 300w\" sizes=\"auto, (max-width: 680px) 100vw, 680px\" \/><\/p>\n<p style=\"text-align: justify;\"><span style=\"font-weight: 400;\">Rabat-Sale airport\u2019s progressive attendance \u00a0in January 2012 led to the inauguration of a new boarding terminal and the closure of the old premises. The new terminal has been equipped with advanced technologies to meet international safety requirements, quality of service and security, and refined architectural spaces for passenger management ease.<\/span><\/p>\n<p style=\"text-align: justify;\"><span style=\"font-weight: 400;\">The new buildings, more functional and spacious, are intended to the image of Morocco that is making great strides in modernity and opens its arms to international tourists.<\/span><\/p>\n<p style=\"text-align: justify;\"><span style=\"font-weight: 400;\">The public part of the terminal contains several exchange offices, a post office, banks and ATMs. The departure area is well-stocked: a coffee bar respecting the local style, several duty-free shops offering items like souvenirs, clothing, sporting goods and various traditional gourmet products. There is also a zone dedicated to smokers located in the waiting area of the departing flights.<\/span><\/p>\n<p style=\"text-align: justify;\"><img loading=\"lazy\" decoding=\"async\" class=\"aligncenter size-full wp-image-219\" src=\"https:\/\/www.abidcars.com\/blog\/wp-content\/uploads\/2014\/07\/a\u00e9roport-Rabat-Sal\u00e9.jpg\" alt=\"a\u00e9roport Rabat-Sal\u00e9\" width=\"680\" height=\"294\" srcset=\"https:\/\/www.abidcars.com\/blog\/wp-content\/uploads\/2014\/07\/a\u00e9roport-Rabat-Sal\u00e9.jpg 680w, https:\/\/www.abidcars.com\/blog\/wp-content\/uploads\/2014\/07\/a\u00e9roport-Rabat-Sal\u00e9-300x129.jpg 300w\" sizes=\"auto, (max-width: 680px) 100vw, 680px\" \/><\/p>\n<h2 style=\"text-align: justify;\"><span style=\"color: #000080;\"><b>Access to the airport<\/b><\/span><\/h2>\n<p style=\"text-align: justify;\"><span style=\"font-weight: 400;\">Different shuttles exist from downtown to Rabat-Sal\u00e9 international airport.<\/span><\/p>\n<h4 style=\"text-align: justify;\"><span style=\"color: #3366ff;\"><b>Taxi:<\/b><\/span><\/h4>\n<p style=\"text-align: justify;\"><span style=\"font-weight: 400;\">Grand taxis (white cabs) are available round the clock, 7 days a week, the price is between 100 dirhams and 150 dirhams per person (13 euros). The trip takes 25 minutes.<\/span><\/p>\n<h4 style=\"text-align: justify;\"><span style=\"color: #3366ff;\"><b>Bus:<\/b><\/span><\/h4>\n<p style=\"text-align: justify;\"><span style=\"font-weight: 400;\">Rabat International Airport has recently acquired a new shuttle service from the airport to downtown Rabat, now there is a bus from the Rabat-Ville train station to the airport and the way around, the trip is for only 20 dirhams per person (about 2 euros).<\/span><\/p>\n<p style=\"text-align: justify;\"><img loading=\"lazy\" decoding=\"async\" class=\"aligncenter size-full wp-image-474\" src=\"https:\/\/www.abidcars.com\/blog\/wp-content\/uploads\/2015\/03\/ligne2.jpg\" alt=\"navette a\u00e9roport Rabat-Sal\u00e9\" width=\"1024\" height=\"720\" srcset=\"https:\/\/www.abidcars.com\/blog\/wp-content\/uploads\/2015\/03\/ligne2.jpg 1024w, https:\/\/www.abidcars.com\/blog\/wp-content\/uploads\/2015\/03\/ligne2-300x211.jpg 300w\" sizes=\"auto, (max-width: 1024px) 100vw, 1024px\" \/><\/p>\n<p style=\"text-align: justify;\"><span style=\"font-weight: 400;\">The bus is available outside the terminal and it has only one stop: Rabat-Ville Train Station. The trip takes about 30 minutes.<\/span><\/p>\n<p style=\"text-align: justify;\"><span style=\"font-weight: 400;\">The shuttle is scheduled according to the flights: It leaves the airport 1 hour after the flight arrives, and \u00a0leave the station of Rabat-Ville \u00a02 hours before the flight departure.<\/span><\/p>\n<p style=\"text-align: justify;\"><span style=\"font-weight: 400;\"><strong>Note:<\/strong> the bus does not operate on Sundays.<\/span><\/p>\n<p style=\"text-align: justify;\"><span style=\"font-weight: 400;\"><strong>Tip:<\/strong> You can also combine the tramway (6DH) and the petit-taxi (20DH)<\/span><\/p>\n<h2 style=\"text-align: justify;\"><span style=\"color: #000080;\"><b>Car rental in Rabat-Sal\u00e9 International Airport:<\/b><\/span><\/h2>\n<p style=\"text-align: justify;\"><span style=\"font-weight: 400;\">Plan your trip to Morocco by booking your rental car online today and quickly collect the keys to your rental vehicle on site upon arrival at the Rabat-Sal\u00e9 international airport. Note that with Abid Cars, delivery and return of the rental car at the airport or your hotel is completely FREE between 8:00 and 20:00. <a href=\"https:\/\/www.abidcars.com\/car-rental-in-rabat\" target=\"_blank\">Rent a car in Rabat <\/a>and enjoy your Moroccan adventure!<\/span><\/p>\n<p style=\"padding-left: 60px;\"><strong>You may also like :<\/strong><\/p>\n<p style=\"padding-left: 60px;\"><a href=\"https:\/\/www.abidcars.com\/blog\/casablanca-airport\/\" target=\"_blank\">Casablanca Airport : Mohammed V International Airport<\/a><br \/>\n<a href=\"https:\/\/www.abidcars.com\/blog\/airports-in-northern-morocco-tangier-and-fez\/\" target=\"_blank\">Morocco Airports in Tangier and Fez<\/a><br \/>\n<a href=\"https:\/\/www.abidcars.com\/blog\/airports-in-morocco-marrakech-agadir\/\" target=\"_blank\">Airports in Southern Morocco: Marrakech and Agadir<\/a><br \/>\n<a href=\"https:\/\/www.abidcars.com\/blog\/morocco-by-car\/\" target=\"_blank\">Itinerary : Morocco by car<\/a><\/p>\n","protected":false},"excerpt":{"rendered":"<p>Rabat International Airport (IATA code: RBA), also known as Sal\u00e9 international airport, [&hellip;]<\/p>\n","protected":false},"author":4,"featured_media":222,"comment_status":"open","ping_status":"open","sticky":false,"template":"","format":"standard","meta":{"footnotes":""},"categories":[95,3,22],"tags":[],"class_list":["post-975","post","type-post","status-publish","format-standard","has-post-thumbnail","hentry","category-aeroport","category-en","category-rabat"],"yoast_head":"<!-- This site is optimized with the Yoast SEO plugin v27.4 - https:\/\/yoast.com\/product\/yoast-seo-wordpress\/ -->\n<title>Rabat International Airport - Abid Cars Blog<\/title>\n<meta name=\"robots\" content=\"index, follow, max-snippet:-1, max-image-preview:large, max-video-preview:-1\" \/>\n<link rel=\"canonical\" href=\"https:\/\/www.abidcars.com\/blog\/rabat-international-airport\/\" \/>\n<meta property=\"og:locale\" content=\"fr_FR\" \/>\n<meta property=\"og:type\" content=\"article\" \/>\n<meta property=\"og:title\" content=\"Rabat International Airport - Abid Cars Blog\" \/>\n<meta property=\"og:description\" content=\"Rabat International Airport (IATA code: RBA), also known as Sal\u00e9 international airport, [&hellip;]\" \/>\n<meta property=\"og:url\" content=\"https:\/\/www.abidcars.com\/blog\/rabat-international-airport\/\" \/>\n<meta property=\"og:site_name\" content=\"Abid Cars Blog\" \/>\n<meta property=\"article:publisher\" content=\"https:\/\/www.facebook.com\/pages\/Abid-Cars-Location-de-voitures-au-Maroc-Car-rental-in-Morocco\/413704925369982\" \/>\n<meta property=\"article:published_time\" content=\"2016-04-04T09:31:07+00:00\" \/>\n<meta property=\"article:modified_time\" content=\"2016-04-04T09:45:18+00:00\" \/>\n<meta property=\"og:image\" content=\"https:\/\/www.abidcars.com\/blog\/wp-content\/uploads\/2014\/07\/AEROPORT_RABAT_SALE.jpg\" \/>\n\t<meta property=\"og:image:width\" content=\"900\" \/>\n\t<meta property=\"og:image:height\" content=\"600\" \/>\n\t<meta property=\"og:image:type\" content=\"image\/jpeg\" \/>\n<meta name=\"author\" content=\"Mariam\" \/>\n<meta name=\"twitter:card\" content=\"summary_large_image\" \/>\n<meta name=\"twitter:creator\" content=\"@ABIDCARS\" \/>\n<meta name=\"twitter:site\" content=\"@ABIDCARS\" \/>\n<meta name=\"twitter:label1\" content=\"\u00c9crit par\" \/>\n\t<meta name=\"twitter:data1\" content=\"Mariam\" \/>\n\t<meta name=\"twitter:label2\" content=\"Dur\u00e9e de lecture estim\u00e9e\" \/>\n\t<meta name=\"twitter:data2\" content=\"3 minutes\" \/>\n<script type=\"application\/ld+json\" class=\"yoast-schema-graph\">{\"@context\":\"https:\\\/\\\/schema.org\",\"@graph\":[{\"@type\":\"Article\",\"@id\":\"https:\\\/\\\/www.abidcars.com\\\/blog\\\/rabat-international-airport\\\/#article\",\"isPartOf\":{\"@id\":\"https:\\\/\\\/www.abidcars.com\\\/blog\\\/rabat-international-airport\\\/\"},\"author\":{\"name\":\"Mariam\",\"@id\":\"https:\\\/\\\/www.abidcars.com\\\/blog\\\/#\\\/schema\\\/person\\\/fcbbcbcc98a6e3007072f0bec6e75937\"},\"headline\":\"Rabat International Airport\",\"datePublished\":\"2016-04-04T09:31:07+00:00\",\"dateModified\":\"2016-04-04T09:45:18+00:00\",\"mainEntityOfPage\":{\"@id\":\"https:\\\/\\\/www.abidcars.com\\\/blog\\\/rabat-international-airport\\\/\"},\"wordCount\":543,\"commentCount\":0,\"publisher\":{\"@id\":\"https:\\\/\\\/www.abidcars.com\\\/blog\\\/#organization\"},\"image\":{\"@id\":\"https:\\\/\\\/www.abidcars.com\\\/blog\\\/rabat-international-airport\\\/#primaryimage\"},\"thumbnailUrl\":\"https:\\\/\\\/www.abidcars.com\\\/blog\\\/wp-content\\\/uploads\\\/2014\\\/07\\\/AEROPORT_RABAT_SALE.jpg\",\"articleSection\":[\"A\u00e9roports\",\"English\",\"Rabat\"],\"inLanguage\":\"fr-FR\",\"potentialAction\":[{\"@type\":\"CommentAction\",\"name\":\"Comment\",\"target\":[\"https:\\\/\\\/www.abidcars.com\\\/blog\\\/rabat-international-airport\\\/#respond\"]}]},{\"@type\":\"WebPage\",\"@id\":\"https:\\\/\\\/www.abidcars.com\\\/blog\\\/rabat-international-airport\\\/\",\"url\":\"https:\\\/\\\/www.abidcars.com\\\/blog\\\/rabat-international-airport\\\/\",\"name\":\"Rabat International Airport - Abid Cars Blog\",\"isPartOf\":{\"@id\":\"https:\\\/\\\/www.abidcars.com\\\/blog\\\/#website\"},\"primaryImageOfPage\":{\"@id\":\"https:\\\/\\\/www.abidcars.com\\\/blog\\\/rabat-international-airport\\\/#primaryimage\"},\"image\":{\"@id\":\"https:\\\/\\\/www.abidcars.com\\\/blog\\\/rabat-international-airport\\\/#primaryimage\"},\"thumbnailUrl\":\"https:\\\/\\\/www.abidcars.com\\\/blog\\\/wp-content\\\/uploads\\\/2014\\\/07\\\/AEROPORT_RABAT_SALE.jpg\",\"datePublished\":\"2016-04-04T09:31:07+00:00\",\"dateModified\":\"2016-04-04T09:45:18+00:00\",\"breadcrumb\":{\"@id\":\"https:\\\/\\\/www.abidcars.com\\\/blog\\\/rabat-international-airport\\\/#breadcrumb\"},\"inLanguage\":\"fr-FR\",\"potentialAction\":[{\"@type\":\"ReadAction\",\"target\":[\"https:\\\/\\\/www.abidcars.com\\\/blog\\\/rabat-international-airport\\\/\"]}]},{\"@type\":\"ImageObject\",\"inLanguage\":\"fr-FR\",\"@id\":\"https:\\\/\\\/www.abidcars.com\\\/blog\\\/rabat-international-airport\\\/#primaryimage\",\"url\":\"https:\\\/\\\/www.abidcars.com\\\/blog\\\/wp-content\\\/uploads\\\/2014\\\/07\\\/AEROPORT_RABAT_SALE.jpg\",\"contentUrl\":\"https:\\\/\\\/www.abidcars.com\\\/blog\\\/wp-content\\\/uploads\\\/2014\\\/07\\\/AEROPORT_RABAT_SALE.jpg\",\"width\":900,\"height\":600},{\"@type\":\"BreadcrumbList\",\"@id\":\"https:\\\/\\\/www.abidcars.com\\\/blog\\\/rabat-international-airport\\\/#breadcrumb\",\"itemListElement\":[{\"@type\":\"ListItem\",\"position\":1,\"name\":\"Blog\",\"item\":\"https:\\\/\\\/www.abidcars.com\\\/blog\\\/\"},{\"@type\":\"ListItem\",\"position\":2,\"name\":\"Rabat International Airport\"}]},{\"@type\":\"WebSite\",\"@id\":\"https:\\\/\\\/www.abidcars.com\\\/blog\\\/#website\",\"url\":\"https:\\\/\\\/www.abidcars.com\\\/blog\\\/\",\"name\":\"Abid Cars Blog\",\"description\":\"Blog th\u00e9matique sur le Maroc, les voitures et la location des voitures au Maroc\",\"publisher\":{\"@id\":\"https:\\\/\\\/www.abidcars.com\\\/blog\\\/#organization\"},\"potentialAction\":[{\"@type\":\"SearchAction\",\"target\":{\"@type\":\"EntryPoint\",\"urlTemplate\":\"https:\\\/\\\/www.abidcars.com\\\/blog\\\/?s={search_term_string}\"},\"query-input\":{\"@type\":\"PropertyValueSpecification\",\"valueRequired\":true,\"valueName\":\"search_term_string\"}}],\"inLanguage\":\"fr-FR\"},{\"@type\":\"Organization\",\"@id\":\"https:\\\/\\\/www.abidcars.com\\\/blog\\\/#organization\",\"name\":\"Abid Cars Blog\",\"url\":\"https:\\\/\\\/www.abidcars.com\\\/blog\\\/\",\"logo\":{\"@type\":\"ImageObject\",\"inLanguage\":\"fr-FR\",\"@id\":\"https:\\\/\\\/www.abidcars.com\\\/blog\\\/#\\\/schema\\\/logo\\\/image\\\/\",\"url\":\"https:\\\/\\\/www.abidcars.com\\\/blog\\\/wp-content\\\/uploads\\\/2016\\\/05\\\/annif-logo-en.png\",\"contentUrl\":\"https:\\\/\\\/www.abidcars.com\\\/blog\\\/wp-content\\\/uploads\\\/2016\\\/05\\\/annif-logo-en.png\",\"width\":446,\"height\":133,\"caption\":\"Abid Cars Blog\"},\"image\":{\"@id\":\"https:\\\/\\\/www.abidcars.com\\\/blog\\\/#\\\/schema\\\/logo\\\/image\\\/\"},\"sameAs\":[\"https:\\\/\\\/www.facebook.com\\\/pages\\\/Abid-Cars-Location-de-voitures-au-Maroc-Car-rental-in-Morocco\\\/413704925369982\",\"https:\\\/\\\/x.com\\\/ABIDCARS\"]},{\"@type\":\"Person\",\"@id\":\"https:\\\/\\\/www.abidcars.com\\\/blog\\\/#\\\/schema\\\/person\\\/fcbbcbcc98a6e3007072f0bec6e75937\",\"name\":\"Mariam\",\"image\":{\"@type\":\"ImageObject\",\"inLanguage\":\"fr-FR\",\"@id\":\"https:\\\/\\\/secure.gravatar.com\\\/avatar\\\/6672d7c09d7ea789b57671810e6b3885117a7589638e50bde15fe09967b9f4b5?s=96&d=initials&r=g&initials=it\",\"url\":\"https:\\\/\\\/secure.gravatar.com\\\/avatar\\\/6672d7c09d7ea789b57671810e6b3885117a7589638e50bde15fe09967b9f4b5?s=96&d=initials&r=g&initials=it\",\"contentUrl\":\"https:\\\/\\\/secure.gravatar.com\\\/avatar\\\/6672d7c09d7ea789b57671810e6b3885117a7589638e50bde15fe09967b9f4b5?s=96&d=initials&r=g&initials=it\",\"caption\":\"Mariam\"},\"sameAs\":[\"http:\\\/\\\/www.t-t.ma\"],\"url\":\"https:\\\/\\\/www.abidcars.com\\\/blog\\\/author\\\/mzk-mariam\\\/\"}]}<\/script>\n<!-- \/ Yoast SEO plugin. -->","yoast_head_json":{"title":"Rabat International Airport - Abid Cars Blog","robots":{"index":"index","follow":"follow","max-snippet":"max-snippet:-1","max-image-preview":"max-image-preview:large","max-video-preview":"max-video-preview:-1"},"canonical":"https:\/\/www.abidcars.com\/blog\/rabat-international-airport\/","og_locale":"fr_FR","og_type":"article","og_title":"Rabat International Airport - Abid Cars Blog","og_description":"Rabat International Airport (IATA code: RBA), also known as Sal\u00e9 international airport, [&hellip;]","og_url":"https:\/\/www.abidcars.com\/blog\/rabat-international-airport\/","og_site_name":"Abid Cars Blog","article_publisher":"https:\/\/www.facebook.com\/pages\/Abid-Cars-Location-de-voitures-au-Maroc-Car-rental-in-Morocco\/413704925369982","article_published_time":"2016-04-04T09:31:07+00:00","article_modified_time":"2016-04-04T09:45:18+00:00","og_image":[{"width":900,"height":600,"url":"https:\/\/www.abidcars.com\/blog\/wp-content\/uploads\/2014\/07\/AEROPORT_RABAT_SALE.jpg","type":"image\/jpeg"}],"author":"Mariam","twitter_card":"summary_large_image","twitter_creator":"@ABIDCARS","twitter_site":"@ABIDCARS","twitter_misc":{"\u00c9crit par":"Mariam","Dur\u00e9e de lecture estim\u00e9e":"3 minutes"},"schema":{"@context":"https:\/\/schema.org","@graph":[{"@type":"Article","@id":"https:\/\/www.abidcars.com\/blog\/rabat-international-airport\/#article","isPartOf":{"@id":"https:\/\/www.abidcars.com\/blog\/rabat-international-airport\/"},"author":{"name":"Mariam","@id":"https:\/\/www.abidcars.com\/blog\/#\/schema\/person\/fcbbcbcc98a6e3007072f0bec6e75937"},"headline":"Rabat International Airport","datePublished":"2016-04-04T09:31:07+00:00","dateModified":"2016-04-04T09:45:18+00:00","mainEntityOfPage":{"@id":"https:\/\/www.abidcars.com\/blog\/rabat-international-airport\/"},"wordCount":543,"commentCount":0,"publisher":{"@id":"https:\/\/www.abidcars.com\/blog\/#organization"},"image":{"@id":"https:\/\/www.abidcars.com\/blog\/rabat-international-airport\/#primaryimage"},"thumbnailUrl":"https:\/\/www.abidcars.com\/blog\/wp-content\/uploads\/2014\/07\/AEROPORT_RABAT_SALE.jpg","articleSection":["A\u00e9roports","English","Rabat"],"inLanguage":"fr-FR","potentialAction":[{"@type":"CommentAction","name":"Comment","target":["https:\/\/www.abidcars.com\/blog\/rabat-international-airport\/#respond"]}]},{"@type":"WebPage","@id":"https:\/\/www.abidcars.com\/blog\/rabat-international-airport\/","url":"https:\/\/www.abidcars.com\/blog\/rabat-international-airport\/","name":"Rabat International Airport - Abid Cars Blog","isPartOf":{"@id":"https:\/\/www.abidcars.com\/blog\/#website"},"primaryImageOfPage":{"@id":"https:\/\/www.abidcars.com\/blog\/rabat-international-airport\/#primaryimage"},"image":{"@id":"https:\/\/www.abidcars.com\/blog\/rabat-international-airport\/#primaryimage"},"thumbnailUrl":"https:\/\/www.abidcars.com\/blog\/wp-content\/uploads\/2014\/07\/AEROPORT_RABAT_SALE.jpg","datePublished":"2016-04-04T09:31:07+00:00","dateModified":"2016-04-04T09:45:18+00:00","breadcrumb":{"@id":"https:\/\/www.abidcars.com\/blog\/rabat-international-airport\/#breadcrumb"},"inLanguage":"fr-FR","potentialAction":[{"@type":"ReadAction","target":["https:\/\/www.abidcars.com\/blog\/rabat-international-airport\/"]}]},{"@type":"ImageObject","inLanguage":"fr-FR","@id":"https:\/\/www.abidcars.com\/blog\/rabat-international-airport\/#primaryimage","url":"https:\/\/www.abidcars.com\/blog\/wp-content\/uploads\/2014\/07\/AEROPORT_RABAT_SALE.jpg","contentUrl":"https:\/\/www.abidcars.com\/blog\/wp-content\/uploads\/2014\/07\/AEROPORT_RABAT_SALE.jpg","width":900,"height":600},{"@type":"BreadcrumbList","@id":"https:\/\/www.abidcars.com\/blog\/rabat-international-airport\/#breadcrumb","itemListElement":[{"@type":"ListItem","position":1,"name":"Blog","item":"https:\/\/www.abidcars.com\/blog\/"},{"@type":"ListItem","position":2,"name":"Rabat International Airport"}]},{"@type":"WebSite","@id":"https:\/\/www.abidcars.com\/blog\/#website","url":"https:\/\/www.abidcars.com\/blog\/","name":"Abid Cars Blog","description":"Blog th\u00e9matique sur le Maroc, les voitures et la location des voitures au Maroc","publisher":{"@id":"https:\/\/www.abidcars.com\/blog\/#organization"},"potentialAction":[{"@type":"SearchAction","target":{"@type":"EntryPoint","urlTemplate":"https:\/\/www.abidcars.com\/blog\/?s={search_term_string}"},"query-input":{"@type":"PropertyValueSpecification","valueRequired":true,"valueName":"search_term_string"}}],"inLanguage":"fr-FR"},{"@type":"Organization","@id":"https:\/\/www.abidcars.com\/blog\/#organization","name":"Abid Cars Blog","url":"https:\/\/www.abidcars.com\/blog\/","logo":{"@type":"ImageObject","inLanguage":"fr-FR","@id":"https:\/\/www.abidcars.com\/blog\/#\/schema\/logo\/image\/","url":"https:\/\/www.abidcars.com\/blog\/wp-content\/uploads\/2016\/05\/annif-logo-en.png","contentUrl":"https:\/\/www.abidcars.com\/blog\/wp-content\/uploads\/2016\/05\/annif-logo-en.png","width":446,"height":133,"caption":"Abid Cars Blog"},"image":{"@id":"https:\/\/www.abidcars.com\/blog\/#\/schema\/logo\/image\/"},"sameAs":["https:\/\/www.facebook.com\/pages\/Abid-Cars-Location-de-voitures-au-Maroc-Car-rental-in-Morocco\/413704925369982","https:\/\/x.com\/ABIDCARS"]},{"@type":"Person","@id":"https:\/\/www.abidcars.com\/blog\/#\/schema\/person\/fcbbcbcc98a6e3007072f0bec6e75937","name":"Mariam","image":{"@type":"ImageObject","inLanguage":"fr-FR","@id":"https:\/\/secure.gravatar.com\/avatar\/6672d7c09d7ea789b57671810e6b3885117a7589638e50bde15fe09967b9f4b5?s=96&d=initials&r=g&initials=it","url":"https:\/\/secure.gravatar.com\/avatar\/6672d7c09d7ea789b57671810e6b3885117a7589638e50bde15fe09967b9f4b5?s=96&d=initials&r=g&initials=it","contentUrl":"https:\/\/secure.gravatar.com\/avatar\/6672d7c09d7ea789b57671810e6b3885117a7589638e50bde15fe09967b9f4b5?s=96&d=initials&r=g&initials=it","caption":"Mariam"},"sameAs":["http:\/\/www.t-t.ma"],"url":"https:\/\/www.abidcars.com\/blog\/author\/mzk-mariam\/"}]}},"amp_enabled":true,"_links":{"self":[{"href":"https:\/\/www.abidcars.com\/blog\/wp-json\/wp\/v2\/posts\/975","targetHints":{"allow":["GET"]}}],"collection":[{"href":"https:\/\/www.abidcars.com\/blog\/wp-json\/wp\/v2\/posts"}],"about":[{"href":"https:\/\/www.abidcars.com\/blog\/wp-json\/wp\/v2\/types\/post"}],"author":[{"embeddable":true,"href":"https:\/\/www.abidcars.com\/blog\/wp-json\/wp\/v2\/users\/4"}],"replies":[{"embeddable":true,"href":"https:\/\/www.abidcars.com\/blog\/wp-json\/wp\/v2\/comments?post=975"}],"version-history":[{"count":3,"href":"https:\/\/www.abidcars.com\/blog\/wp-json\/wp\/v2\/posts\/975\/revisions"}],"predecessor-version":[{"id":978,"href":"https:\/\/www.abidcars.com\/blog\/wp-json\/wp\/v2\/posts\/975\/revisions\/978"}],"wp:featuredmedia":[{"embeddable":true,"href":"https:\/\/www.abidcars.com\/blog\/wp-json\/wp\/v2\/media\/222"}],"wp:attachment":[{"href":"https:\/\/www.abidcars.com\/blog\/wp-json\/wp\/v2\/media?parent=975"}],"wp:term":[{"taxonomy":"category","embeddable":true,"href":"https:\/\/www.abidcars.com\/blog\/wp-json\/wp\/v2\/categories?post=975"},{"taxonomy":"post_tag","embeddable":true,"href":"https:\/\/www.abidcars.com\/blog\/wp-json\/wp\/v2\/tags?post=975"}],"curies":[{"name":"wp","href":"https:\/\/api.w.org\/{rel}","templated":true}]}}